{"id":94633,"date":"2025-04-16T17:51:23","date_gmt":"2025-04-16T23:51:23","guid":{"rendered":"https:\/\/redsemlac.com\/semmexico\/?p=94633"},"modified":"2025-04-16T17:51:24","modified_gmt":"2025-04-16T23:51:24","slug":"evalua-viri-rios-a-candidatas-a-la-scjn-cruz-alcala-y-reyes-teran-obtienen-10","status":"publish","type":"post","link":"https:\/\/redsemlac.com\/semmexico\/evalua-viri-rios-a-candidatas-a-la-scjn-cruz-alcala-y-reyes-teran-obtienen-10\/","title":{"rendered":"Eval\u00faa Viri R\u00edos a candidatas a la SCJN, Cruz Alcal\u00e1 y Reyes Ter\u00e1n obtienen 10"},"content":{"rendered":"\n<ul class=\"wp-block-list\">\n<li>Lenia Batres se ubica con 8, y las ministras Yasmin Esquivel Mossa y Loretta Ortiz Ahlf, se quedaron con un NA<\/li>\n\n\n\n<li>La evaluaci\u00f3n, dice la especialista, es subjetiva y es una opini\u00f3n personal<\/li>\n<\/ul>\n\n\n\n<p class=\"wp-block-paragraph\">Soledad Jarqu\u00edn Edgar<\/p>\n\n\n\n<p class=\"wp-block-paragraph\">SemM\u00e9xico, Oaxaca, 16 de abril, 2025.- Las candidatas Selene Cruz Alcal\u00e1 y Arely Reyes Ter\u00e1n obtuvieron una calificaci\u00f3n de 10 de entre las 33 candidatas a ministras de la Suprema Corte de Justicia de la Naci\u00f3n.<\/p>\n\n\n\n<p class=\"wp-block-paragraph\">En tanto las actuales ministras y candidatas, Lenia Batres, ubicada en el lugar 12, obtuvo una calificaci\u00f3n de 8. En cambio, Yasmin Esquivel Mossa, obtuvo el lugar 24 con una calificaci\u00f3n \u201cNA\u201d y Loretta Ortiz Ahlf, est\u00e1 en la misma condici\u00f3n, pero en el lugar 30.<\/p>\n\n\n\n<p class=\"wp-block-paragraph\">La evaluaci\u00f3n hecha por la escritora y cient\u00edfica social Viridiana R\u00edos (@Viri_Rios) y de acuerdo con lo que escribi\u00f3 hoy en su cuenta de X, la evaluaci\u00f3n fue hecha con motivo de la elecci\u00f3n judicial, \u201cme di a la tarea de evaluar el perfil de las 32 candidatas a ministras de la Suprema Corte. Mi evaluaci\u00f3n incluye no solo una valoraci\u00f3n de sus capacidades, historial productivo y antecedentes, sino algo quiz\u00e1 m\u00e1s significativo y que nadie ha hecho hasta ahora: una evaluaci\u00f3n de sus inclinaciones ideol\u00f3gicas\u201d.<\/p>\n\n\n\n<p class=\"wp-block-paragraph\">En el documento de evaluaci\u00f3n, que aclara son \u201ccalificaciones son completamente subjetivas y est\u00e1n basadas en mi propia opini\u00f3n personal\u201d,la especialista que da seguimiento al proceso electoral del poder judicial da una calificaci\u00f3n de cinco (m\u00e1xima puntuaci\u00f3n) a ambas candidatas y de 10 al final.<\/p>\n\n\n\n<p class=\"wp-block-paragraph\">El documento tambi\u00e9n analiza afinidades pol\u00edticas, descripci\u00f3n del CV, motivos por los que quieren ser ministras, la visi\u00f3n judicial, la visi\u00f3n de impartici\u00f3n de justicia y expone tres propuestas.<\/p>\n\n\n\n<p class=\"wp-block-paragraph\"><strong>Las de 10<\/strong><\/p>\n\n\n\n<p class=\"wp-block-paragraph\">Cruz Alcal\u00e1 como Reyes Ter\u00e1n tienen amplias carreras judiciales. La visi\u00f3n judicial de Selene Cruz Alcal\u00e1 \u201ces el acto por el cual el Poder Judicial protege derechos, reconoce realidades y restituye lo que ha sido vulnerado. La funci\u00f3n jurisdiccional transformadora debe cumplir con tres principios esenciales: Debe ser humana, oportuna y transformadora. Para que la funci\u00f3n jurisdiccional sea efectiva, debe estar alejada de la corrupci\u00f3n y contar con personas juzgadoras independientes de los otros poderes p\u00fablicos y econ\u00f3micos, para poder resolver de manera imparcial\u201d.<\/p>\n\n\n\n<p class=\"wp-block-paragraph\">En el caso de Arely Reyes Ter\u00e1n su visi\u00f3n judicial es que la justicia \u201cdebe ser cercana a las personas y sus vivencias, enfoc\u00e1ndose en proteger a los sectores poblacionales tradicionalmente discriminados y vulnerados por el sistema social neoliberal y patriarcal actual. As\u00ed, debe favorecer los derechos de dichos grupos, adem\u00e1s de ser incorruptible, imparcial, libre de nepotismo y sin conflictos de inter\u00e9s, desde un conjunto de valores que la lleven a eliminar determinaciones mercantilistas que privilegian a grupos minoritarios y olig\u00e1rquicos.<\/p>\n\n\n\n<figure class=\"wp-block-image size-large\"><a href=\"https:\/\/redsemlac.com\/semmexico\/wp-content\/uploads\/2025\/04\/selene-cruz-02.png\"><img loading=\"lazy\" decoding=\"async\" width=\"1024\" height=\"471\" src=\"https:\/\/redsemlac.com\/semmexico\/wp-content\/uploads\/2025\/04\/selene-cruz-02-1024x471.png\" alt=\"\" class=\"wp-image-94635\" srcset=\"https:\/\/redsemlac.com\/semmexico\/wp-content\/uploads\/2025\/04\/selene-cruz-02-1024x471.png 1024w, https:\/\/redsemlac.com\/semmexico\/wp-content\/uploads\/2025\/04\/selene-cruz-02-300x138.png 300w, https:\/\/redsemlac.com\/semmexico\/wp-content\/uploads\/2025\/04\/selene-cruz-02-768x353.png 768w, https:\/\/redsemlac.com\/semmexico\/wp-content\/uploads\/2025\/04\/selene-cruz-02-150x69.png 150w, https:\/\/redsemlac.com\/semmexico\/wp-content\/uploads\/2025\/04\/selene-cruz-02-696x320.png 696w, https:\/\/redsemlac.com\/semmexico\/wp-content\/uploads\/2025\/04\/selene-cruz-02-1068x491.png 1068w, https:\/\/redsemlac.com\/semmexico\/wp-content\/uploads\/2025\/04\/selene-cruz-02.png 1205w\" sizes=\"auto, (max-width: 1024px) 100vw, 1024px\" \/><\/a><\/figure>\n\n\n\n<p class=\"wp-block-paragraph\"><strong>Las de menos de 10<\/strong><\/p>\n\n\n\n<p class=\"wp-block-paragraph\">Con puntuaci\u00f3n de 9.5 se ubican Olivia Aguirre Bonilla, Marisol Casta\u00f1eda P\u00e9rez y Mar\u00eda Ibarra Olgu\u00edn. Con nueve est\u00e1 Natalia T\u00e9llez Torres Orozco; con 8.5 resultaron calificadas Silvia Escudero Mendoza, Fabiana Estrata Tena, Irma Guadalupe Garc\u00eda Mendoza, Alma Delia Gonz\u00e1lez Centeno.<\/p>\n\n\n\n<p class=\"wp-block-paragraph\">En el lugar n\u00famero 12, cono 8 de calificaci\u00f3n se ubica la actual ministra Lenia Batres, le siguen Jazm\u00edn Bonilla Garc\u00eda, Magda Zulema Mosri Guti\u00e9rrez, Cinthya Ortiz Monrroy, Lorena Josefina P\u00e9rez Romo, Margarita Darlene Rojas Olvera y Ver\u00f3nica Elizabeth Ucaranza S\u00e1nchez.<\/p>\n\n\n\n<p class=\"wp-block-paragraph\">Con calificaci\u00f3n de 7.5 est\u00e1 M\u00f3nica Arcelia G\u00fcicho Gonz\u00e1lez, y con 7 Lutgarda Madrigal Valdez.<\/p>\n\n\n\n<p class=\"wp-block-paragraph\">Con 5.5 se ubicaron Dora Alicia Mart\u00ednez Valero, y con 4 Ingrid de los \u00c1ngeles Tapia Guti\u00e9rrez.<\/p>\n\n\n\n<p class=\"wp-block-paragraph\"><strong>Las de NA<\/strong><\/p>\n\n\n\n<p class=\"wp-block-paragraph\">Viri R\u00edos, periodista y acad\u00e9mica mexicana, especializada en el an\u00e1lisis de pol\u00edtica p\u00fablica con datos, califica con NA a 12 candidatas, entre ellas dos ministras actuales de la Corte mexicana: Yasmin Esquivel Mossa y a Loretta Ortiz Ahlf. De la primera, se\u00f1ala en el apartado de antecedentes que:<\/p>\n\n\n\n<p class=\"wp-block-paragraph\"><em>Segun la UNAM, plagi\u00f3 su tesis de licenciatura (<\/em><a href=\"https:\/\/www.google.com\/url?q=https:\/\/elpais.com\/mexico\/2023-01-12\/la-unam-concluye-que-la-tesis-de-1987-de-la-ministra-yasmin-esquivel-es-un-plagio.html&amp;sa=D&amp;source=editors&amp;ust=1744834579989204&amp;usg=AOvVaw3aXtAxmcYxVRWS2Ui-C9Av\"><em>El Pa\u00eds<\/em><\/a><em>) y hay evidencia de que tambi\u00e9n la de doctorado (<\/em><a href=\"https:\/\/www.google.com\/url?q=https:\/\/elpais.com\/mexico\/2023-02-24\/la-ministra-yasmin-esquivel-plagio-en-su-tesis-de-doctorado.html&amp;sa=D&amp;source=editors&amp;ust=1744834579989241&amp;usg=AOvVaw3MDYnH6cR1tS6JkB6Zhvq3\"><em>El Pa\u00eds<\/em><\/a><em>). Se le acusa de \u00absepultar\u00bb el caso de plagio mediante estrategias legales (<\/em><a href=\"https:\/\/www.google.com\/url?q=https:\/\/www.proceso.com.mx\/nacional\/2025\/1\/13\/asi-sepulto-yasmin-esquivel-el-escandalo-del-plagio-de-su-tesis-de-licenciatura-343679.html&amp;sa=D&amp;source=editors&amp;ust=1744834579989270&amp;usg=AOvVaw3XtIlNt89Cd1mei8-H6xN_\"><em>Proceso<\/em><\/a><em>).<\/em><\/p>\n\n\n\n<p class=\"wp-block-paragraph\">El an\u00e1lisis tambi\u00e9n pone en letras color rojo algunos aspectos de otras aspirantes a la Corte, como es el caso de Estela Fuentes Jim\u00e9nez, quien ya fue presidenta interina del Tribunal del Tribunal de Justicia Administrativa de la CDMX de 2019 a 2020, por lo que de acuerdo con la ley, solo se pod\u00eda reelegir en el periodo 2020-2022; sin embargo, se postul\u00f3 para el periodo siguiente. Adem\u00e1s \u00fanicamente ten\u00eda experiencia profesional en materia penal, no administrativa y fiscal como indica la ley (<a href=\"https:\/\/www.google.com\/url?q=https:\/\/www.proceso.com.mx\/nacional\/2023\/4\/9\/juez-rechazo-suspender-el-nombramiento-de-estela-fuentes-en-el-tjacdmx-305057.html&amp;sa=D&amp;source=editors&amp;ust=1744834579989586&amp;usg=AOvVaw2guBB3bA_PIng9JWITB1A-\">Proceso<\/a>; <a href=\"https:\/\/www.google.com\/url?q=https:\/\/www.proceso.com.mx\/nacional\/cdmx\/2023\/3\/3\/magistrada-confirma-irregularidades-en-la-eleccion-de-la-presidenta-del-tjacdmx-303063.html&amp;sa=D&amp;source=editors&amp;ust=1744834579989623&amp;usg=AOvVaw0uUiFd1j9cYfqTcvmD7i6p\">Proceso<\/a>).<\/p>\n\n\n\n<p class=\"wp-block-paragraph\">Paula Mar\u00eda Garc\u00eda Villegas S\u00e1nchez Cordero tiene sobre ella la acusaci\u00f3n <em>de usar la misma tesis para titularse de dos licenciaturas distintas (<\/em><a href=\"https:\/\/www.google.com\/url?q=https:\/\/animalpolitico.com\/politica\/tesis-magistrada-paula-garcia-villegas-sanchez-cordero-corte-eleccion%23google_vignette&amp;sa=D&amp;source=editors&amp;ust=1744834579989931&amp;usg=AOvVaw2F3kZU_l1X1PKw451CCEpS\"><em>Animal Pol\u00edtico<\/em><\/a><em>). En su campa\u00f1a sugiere venir \u00abde abajo\u00bb al decir que ella \u00abconoce lo que pesa y duele salir desde abajo\u00bb cuando en realidad, ella no viene de abajo, sino que es la hija de Olga S\u00e1nchez Cordero, una de las mujeres m\u00e1s poderosas de la pol\u00edtica Morenistas y Pri\u00edsta (<\/em><a href=\"https:\/\/www.google.com\/url?q=https:\/\/es.wikipedia.org\/wiki\/Olga_S%25C3%25A1nchez_Cordero&amp;sa=D&amp;source=editors&amp;ust=1744834579989979&amp;usg=AOvVaw1kghkD6Y5Ma1HD8vOGp19P\"><em>Bio<\/em><\/a><em>),<\/em> dice Viri R\u00edos.<\/p>\n\n\n\n<p class=\"wp-block-paragraph\">Tambi\u00e9n se cuestiona a Sara Irene Herrer\u00edas Guerra, quien en <em>su gesti\u00f3n en la FGR, enfrent\u00f3 cr\u00edticas por la lenta investigaci\u00f3n en el Caso Lydia Cacho, adem\u00e1s de acusaciones sobre su limitada acci\u00f3n contra redes de poder pol\u00edtico. (OEJ).<\/em><\/p>\n\n\n\n<p class=\"wp-block-paragraph\">En tanto que sobre Maricela Morales Ib\u00e1\u00f1ez, plantea Viri R\u00edos, \u201cPermanece abierta una investigaci\u00f3n sobre su involucramiento en el cobro irregular de recompensas destinadas para capturar narcotraficantes (OEJ)\u201d.<\/p>\n\n\n\n<p class=\"wp-block-paragraph\">Sobre Mar\u00eda Consuelo Rosillo Garfias, dice la especialista, ha sido \u201cDenunciada por secuestro junto con otros funcionarios por haber mantenido preso a un ciudadano estadounidense tras haber cumplido el tiempo m\u00e1ximo de prisi\u00f3n preventiva antes de ser juzgado (C\u00f3dice informativo)\u201d.<\/p>\n\n\n\n<p class=\"wp-block-paragraph\">Y, finalmente, Luz Mar\u00eda Zarza Delgado, tambi\u00e9n ha sido acusada de participar en nombramientos de notarios de Eruviel \u00c1vila en favor de amigos y aliados pol\u00edticos sin que cubrieran los requisitos necesarios (<a href=\"https:\/\/www.google.com\/url?q=https:\/\/www.cronica.com.mx\/estados\/2025\/02\/24\/ex-funcionaria-ligada-a-desvios-en-la-uaem-busca-ser-ministra-de-la-scjn\/&amp;sa=D&amp;source=editors&amp;ust=1744834579992572&amp;usg=AOvVaw0Dv5fHFYE0-nDu2wNjKMwr\">Cr\u00f3nica<\/a>). Vinculada con los sobornos de OHL (<a href=\"https:\/\/www.google.com\/url?q=https:\/\/www.proceso.com.mx\/nacional\/2019\/1\/13\/incondicional-de-eruviel-avila-ligada-ohl-la-nueva-abogada-de-pemex-218496.html&amp;sa=D&amp;source=editors&amp;ust=1744834579992610&amp;usg=AOvVaw0jMPHR_S_vPnqld8JgV8N_\">Proceso<\/a>) y el esc\u00e1ndalo de la Estafa Maestra (<a href=\"https:\/\/www.google.com\/url?q=https:\/\/www.proceso.com.mx\/reportajes\/2019\/1\/19\/la-nueva-abogada-de-pemex-con-negros-antecedentes-218885.html&amp;sa=D&amp;source=editors&amp;ust=1744834579992638&amp;usg=AOvVaw1NXuK2f8WmDpjx8irAOGRn\">Proceso<\/a>).<\/p>\n\n\n\n<p class=\"wp-block-paragraph\">SEM\/sj<\/p>\n","protected":false},"excerpt":{"rendered":"<p>Soledad Jarqu\u00edn Edgar SemM\u00e9xico, Oaxaca, 16 de abril, 2025.- Las candidatas Selene Cruz Alcal\u00e1 y Arely Reyes Ter\u00e1n obtuvieron una calificaci\u00f3n de 10 de entre las 33 candidatas a ministras de la Suprema Corte de Justicia de la Naci\u00f3n. En tanto las actuales ministras y candidatas, Lenia Batres, ubicada en el lugar 12, obtuvo una [&hellip;]<\/p>\n","protected":false},"author":3,"featured_media":94634,"comment_status":"open","ping_status":"open","sticky":false,"template":"","format":"standard","meta":{"_monsterinsights_skip_tracking":false,"footnotes":""},"categories":[694],"tags":[],"class_list":["post-94633","post","type-post","status-publish","format-standard","has-post-thumbnail","category-destacadas"],"_links":{"self":[{"href":"https:\/\/redsemlac.com\/semmexico\/wp-json\/wp\/v2\/posts\/94633","targetHints":{"allow":["GET"]}}],"collection":[{"href":"https:\/\/redsemlac.com\/semmexico\/wp-json\/wp\/v2\/posts"}],"about":[{"href":"https:\/\/redsemlac.com\/semmexico\/wp-json\/wp\/v2\/types\/post"}],"author":[{"embeddable":true,"href":"https:\/\/redsemlac.com\/semmexico\/wp-json\/wp\/v2\/users\/3"}],"replies":[{"embeddable":true,"href":"https:\/\/redsemlac.com\/semmexico\/wp-json\/wp\/v2\/comments?post=94633"}],"version-history":[{"count":0,"href":"https:\/\/redsemlac.com\/semmexico\/wp-json\/wp\/v2\/posts\/94633\/revisions"}],"wp:featuredmedia":[{"embeddable":true,"href":"https:\/\/redsemlac.com\/semmexico\/wp-json\/wp\/v2\/media\/94634"}],"wp:attachment":[{"href":"https:\/\/redsemlac.com\/semmexico\/wp-json\/wp\/v2\/media?parent=94633"}],"wp:term":[{"taxonomy":"category","embeddable":true,"href":"https:\/\/redsemlac.com\/semmexico\/wp-json\/wp\/v2\/categories?post=94633"},{"taxonomy":"post_tag","embeddable":true,"href":"https:\/\/redsemlac.com\/semmexico\/wp-json\/wp\/v2\/tags?post=94633"}],"curies":[{"name":"wp","href":"https:\/\/api.w.org\/{rel}","templated":true}]}}