{"id":9462,"date":"2019-07-04T00:02:20","date_gmt":"2019-07-04T00:02:20","guid":{"rendered":"https:\/\/redsemlac.com\/semmexico\/?p=9462"},"modified":"2023-07-21T14:50:12","modified_gmt":"2023-07-21T19:50:12","slug":"secretaria-de-salud-de-veracruz-fortalece-atencion-de-la-salud-sexual-y-reproductiva","status":"publish","type":"post","link":"https:\/\/redsemlac.com\/semmexico\/secretaria-de-salud-de-veracruz-fortalece-atencion-de-la-salud-sexual-y-reproductiva\/","title":{"rendered":"Secretar\u00eda de Salud de Veracruz fortalece atenci\u00f3n de la salud sexual y reproductiva"},"content":{"rendered":"\n<ul class=\"wp-block-list\"><li><strong><em>Se trabaja en la sensibilizaci\u00f3n para\nprevenir el embarazo en la adolescencia y enfermedades de transmisi\u00f3n sexual.<\/em><\/strong><\/li><\/ul>\n\n\n\n<p class=\"wp-block-paragraph\"><strong>Redacci\u00f3n<\/strong><\/p>\n\n\n\n<p class=\"wp-block-paragraph\">SemM\u00e9xico\/Billie Parker Noticias. San Andr\u00e9s Tuxtla, Veracruz.\n03 de julio de 2019.- La Secretar\u00eda de Salud (SS) imparti\u00f3 un curso de\nactualizaci\u00f3n a personal m\u00e9dico y de enfermer\u00eda con el objetivo de garantizar\nel acceso a los servicios de salud sexual y reproductiva, como parte del\nprograma de Planificaci\u00f3n Familiar.<\/p>\n\n\n\n<p class=\"wp-block-paragraph\">A trav\u00e9s de la Jurisdicci\u00f3n Sanitaria 10 capacit\u00f3 a 130\ntrabajadores de los hospitales \u201cH\u00e9ctor M. Moreno Mendoza\u201d de Catemaco y\n\u201cBernardo Pe\u00f1a\u201d de San Andr\u00e9s Tuxtla, en torno a m\u00e9todos anticonceptivos\ntemporales y permanentes, derechos sexuales y reproductivos, embarazo en la\nadolescencia, sexo seguro, anticoncepci\u00f3n de emergencia y mortalidad materna.<\/p>\n\n\n\n<p class=\"wp-block-paragraph\">Posteriormente, el personal participar\u00e1 en tareas de\nsensibilizaci\u00f3n para prevenir el embarazo en la adolescencia y enfermedades de\ntransmisi\u00f3n sexual; as\u00ed como propiciar la inclusi\u00f3n de las zonas rurales en\ndicho programa.<\/p>\n\n\n\n<p class=\"wp-block-paragraph\">De esta manera, la SS brindar\u00e1 una mejor atenci\u00f3n y acceso a\nservicios m\u00e9dicos de calidad para las y los veracruzanos.<\/p>\n","protected":false},"excerpt":{"rendered":"<p>Se trabaja en la sensibilizaci\u00f3n para prevenir el embarazo en la adolescencia y enfermedades de transmisi\u00f3n sexual.<\/p>\n","protected":false},"author":3,"featured_media":9463,"comment_status":"open","ping_status":"open","sticky":false,"template":"","format":"standard","meta":{"_monsterinsights_skip_tracking":false,"footnotes":""},"categories":[690,51],"tags":[],"class_list":["post-9462","post","type-post","status-publish","format-standard","has-post-thumbnail","category-690","category-ejecutivo"],"_links":{"self":[{"href":"https:\/\/redsemlac.com\/semmexico\/wp-json\/wp\/v2\/posts\/9462","targetHints":{"allow":["GET"]}}],"collection":[{"href":"https:\/\/redsemlac.com\/semmexico\/wp-json\/wp\/v2\/posts"}],"about":[{"href":"https:\/\/redsemlac.com\/semmexico\/wp-json\/wp\/v2\/types\/post"}],"author":[{"embeddable":true,"href":"https:\/\/redsemlac.com\/semmexico\/wp-json\/wp\/v2\/users\/3"}],"replies":[{"embeddable":true,"href":"https:\/\/redsemlac.com\/semmexico\/wp-json\/wp\/v2\/comments?post=9462"}],"version-history":[{"count":0,"href":"https:\/\/redsemlac.com\/semmexico\/wp-json\/wp\/v2\/posts\/9462\/revisions"}],"wp:featuredmedia":[{"embeddable":true,"href":"https:\/\/redsemlac.com\/semmexico\/wp-json\/wp\/v2\/media\/9463"}],"wp:attachment":[{"href":"https:\/\/redsemlac.com\/semmexico\/wp-json\/wp\/v2\/media?parent=9462"}],"wp:term":[{"taxonomy":"category","embeddable":true,"href":"https:\/\/redsemlac.com\/semmexico\/wp-json\/wp\/v2\/categories?post=9462"},{"taxonomy":"post_tag","embeddable":true,"href":"https:\/\/redsemlac.com\/semmexico\/wp-json\/wp\/v2\/tags?post=9462"}],"curies":[{"name":"wp","href":"https:\/\/api.w.org\/{rel}","templated":true}]}}