{"id":94469,"date":"2025-04-07T20:18:10","date_gmt":"2025-04-08T02:18:10","guid":{"rendered":"https:\/\/redsemlac.com\/semmexico\/?p=94469"},"modified":"2025-04-07T20:18:11","modified_gmt":"2025-04-08T02:18:11","slug":"acusan-a-yasmin-esquivel-de-plagiarse-la-justicia-de-la-glorieta-de-las-mujeres-que-luchan","status":"publish","type":"post","link":"https:\/\/redsemlac.com\/semmexico\/acusan-a-yasmin-esquivel-de-plagiarse-la-justicia-de-la-glorieta-de-las-mujeres-que-luchan\/","title":{"rendered":"Acusan a Yasm\u00edn Esquivel de \u201cplagiarse\u201d La Justicia de la Glorieta de las Mujeres que Luchan"},"content":{"rendered":"\n<ul class=\"wp-block-list\">\n<li>La ministra aparece en una fotograf\u00eda con un pin con la imagen<\/li>\n\n\n\n<li>\u00a0\u201cNo es una mujer que lucha, ella no representa ni de lejos lo que defendernos\u201d<\/li>\n\n\n\n<li>\u00a0<\/li>\n<\/ul>\n\n\n\n<p class=\"wp-block-paragraph\">Soledad Jarqu\u00edn Edgar<\/p>\n\n\n\n<p class=\"wp-block-paragraph\">SemM\u00e9xico, Ciudad de M\u00e9xico, 7 de abril, 2025.- La publicaci\u00f3n de la ministra Yasm\u00edn Esquivel en la versi\u00f3n digital del diario El Pa\u00eds levant\u00f3 \u00e1mpula este d\u00eda entre las mujeres que integran la Glorieta de las Mujeres que Luchan.<\/p>\n\n\n\n<p class=\"wp-block-paragraph\">\u201cNo, la ministra plagiaria NO es una mujer que lucha, ella no representa ni de lejos lo que defendernos\u201d, se\u00f1ala una publicaci\u00f3n que este mismo d\u00eda hicieron en el Facebook de la Glorieta de las Mujeres que Luchan.<\/p>\n\n\n\n<p class=\"wp-block-paragraph\">La informaci\u00f3n titulada: La jueza orden\u00f3 el pago de 15 millones de pesos a la asesora de Yasm\u00edn Esquivel por \u201catentar contra sus sentimientos\u201d y su buena reputaci\u00f3n, no fue en s\u00ed el motivo de la molestia, sino algo que calificaron como otro plagio de la ministra qu\u00e9, por cierto, busca ser electa el pr\u00f3ximo 1 de julio y quiz\u00e1 presidir la Suprema Corte de Justicia de la Naci\u00f3n.<\/p>\n\n\n\n<p class=\"wp-block-paragraph\">Nuevamente nuestra Justicia, la Antimonumenta de la Glorieta, est\u00e1 siendo usada para beneficio personal y pol\u00edtico. Esta vez la impresentable de Yasm\u00edn Esquivel, se hizo un pin, dice la publicaci\u00f3n de la Glorieta de la Mujeres que Luchan.<\/p>\n\n\n\n<p class=\"wp-block-paragraph\">Efectivamente, la ministra y candidata al mismo tiempo, aparece en la publicaci\u00f3n del diario espa\u00f1ol con un \u201cpin\u201d con la Justicia, una silueta que las mujeres que luchan instalaron ah\u00ed desde el 25 de septiembre de 2021, la misma imagen que el entonces gobierno de la Ciudad de M\u00e9xico, intent\u00f3 utilizar con otros fines y ofreci\u00f3 otro espacio para las mujeres que luchan, lo cual fue rechazado.<\/p>\n\n\n\n<p class=\"wp-block-paragraph\">Por ello, en la publicaci\u00f3n se\u00f1alan que \u201cel amor de esta mujer por el plagio y el uso indebido no tiene llenadera: plagi\u00f3 su tesis y ahora a la Glorieta. Desde que colocamos a Justicia hemos pasado por diversas apropiaciones, algunas muy hermosas y pol\u00edticamente dignas, y otras terribles como esta.<\/p>\n\n\n\n<p class=\"wp-block-paragraph\">La pol\u00e9mica se centr\u00f3 en la imagen de Esquivel donde aparece con ropa de color morado y se\u00f1alando su pin, una fotograf\u00eda de Isaac Esquivel de la Agencia EFE, que se emplea para la publicaci\u00f3n de El Pa\u00eds.<\/p>\n\n\n\n<p class=\"wp-block-paragraph\">La fotograf\u00eda donde aparece nuevamente como plagiaria, es de Isaac Esquivel fotoperiodista de la Agencia EFE y fue usada en la publicaci\u00f3n period\u00edstica.<\/p>\n\n\n\n<ul class=\"wp-block-list\">\n<li>La foto fue originalmente publicada por El Pa\u00eds.<\/li>\n<\/ul>\n","protected":false},"excerpt":{"rendered":"<p>Soledad Jarqu\u00edn Edgar SemM\u00e9xico, Ciudad de M\u00e9xico, 7 de abril, 2025.- La publicaci\u00f3n de la ministra Yasm\u00edn Esquivel en la versi\u00f3n digital del diario El Pa\u00eds levant\u00f3 \u00e1mpula este d\u00eda entre las mujeres que integran la Glorieta de las Mujeres que Luchan. \u201cNo, la ministra plagiaria NO es una mujer que lucha, ella no representa [&hellip;]<\/p>\n","protected":false},"author":3,"featured_media":94471,"comment_status":"open","ping_status":"open","sticky":false,"template":"","format":"standard","meta":{"_monsterinsights_skip_tracking":false,"footnotes":""},"categories":[694],"tags":[],"class_list":["post-94469","post","type-post","status-publish","format-standard","has-post-thumbnail","category-destacadas"],"_links":{"self":[{"href":"https:\/\/redsemlac.com\/semmexico\/wp-json\/wp\/v2\/posts\/94469","targetHints":{"allow":["GET"]}}],"collection":[{"href":"https:\/\/redsemlac.com\/semmexico\/wp-json\/wp\/v2\/posts"}],"about":[{"href":"https:\/\/redsemlac.com\/semmexico\/wp-json\/wp\/v2\/types\/post"}],"author":[{"embeddable":true,"href":"https:\/\/redsemlac.com\/semmexico\/wp-json\/wp\/v2\/users\/3"}],"replies":[{"embeddable":true,"href":"https:\/\/redsemlac.com\/semmexico\/wp-json\/wp\/v2\/comments?post=94469"}],"version-history":[{"count":0,"href":"https:\/\/redsemlac.com\/semmexico\/wp-json\/wp\/v2\/posts\/94469\/revisions"}],"wp:featuredmedia":[{"embeddable":true,"href":"https:\/\/redsemlac.com\/semmexico\/wp-json\/wp\/v2\/media\/94471"}],"wp:attachment":[{"href":"https:\/\/redsemlac.com\/semmexico\/wp-json\/wp\/v2\/media?parent=94469"}],"wp:term":[{"taxonomy":"category","embeddable":true,"href":"https:\/\/redsemlac.com\/semmexico\/wp-json\/wp\/v2\/categories?post=94469"},{"taxonomy":"post_tag","embeddable":true,"href":"https:\/\/redsemlac.com\/semmexico\/wp-json\/wp\/v2\/tags?post=94469"}],"curies":[{"name":"wp","href":"https:\/\/api.w.org\/{rel}","templated":true}]}}