{"id":94444,"date":"2025-04-07T20:01:26","date_gmt":"2025-04-08T02:01:26","guid":{"rendered":"https:\/\/redsemlac.com\/semmexico\/?p=94444"},"modified":"2025-04-07T20:01:27","modified_gmt":"2025-04-08T02:01:27","slug":"cartelera-museo-de-la-mujer-con-actividades-para-todas-las-edades","status":"publish","type":"post","link":"https:\/\/redsemlac.com\/semmexico\/cartelera-museo-de-la-mujer-con-actividades-para-todas-las-edades\/","title":{"rendered":"Cartelera Museo de la Mujer con actividades para todas las edades"},"content":{"rendered":"\n<p class=\"wp-block-paragraph\">\u00b7 Poes\u00eda, actividades infantiles, una mesa de an\u00e1lisis<\/p>\n\n\n\n<p class=\"wp-block-paragraph\">\u00b7 Los s\u00e1bados y domingos de abril, talleres para ni\u00f1as y ni\u00f1os<\/p>\n\n\n\n<p class=\"wp-block-paragraph\">Redacci\u00f3n<\/p>\n\n\n\n<p class=\"wp-block-paragraph\">SemM\u00e9xico, Ciudad de M\u00e9xico, 7 de abril, 2025.- La cartelera del Museo de la Mujer de esta semana incluye ciclos de poes\u00eda, actividades infantiles, una mesa de an\u00e1lisis sobre salud mental en adolescentes y la inauguraci\u00f3n de la exposici\u00f3n Ni\u00f1as Vendidas.<\/p>\n\n\n\n<p class=\"wp-block-paragraph\">El jueves 10 de abril a las 17 horas se transmitir\u00e1 en l\u00ednea el ciclo \u201cPoes\u00eda en voz de sus autoras\u201d, coordinado por la Dra. Beatriz Saavedra. Participan: Melisa Arzate, Zel Cabrera y Gela Manzano.<\/p>\n\n\n\n<p class=\"wp-block-paragraph\">Al d\u00eda siguiente, a las 12 horas se presentar\u00e1 tambi\u00e9n de forma virtual \u201cPo\u00e9ticas de la inteligencia\u201d, con la intervenci\u00f3n de Ifigenia Doumi, quien abordar\u00e1 la obra de Katerina Anghelaki Rooke, una de las poetas griegas m\u00e1s importantes de la segunda generaci\u00f3n de la posguerra.<\/p>\n\n\n\n<p class=\"wp-block-paragraph\">Los s\u00e1bados y domingos de abril, ni\u00f1as y ni\u00f1os de entre 6 y 10 a\u00f1os podr\u00e1n asistir a talleres gratuitos. El s\u00e1bado 12 se impartir\u00e1 \u201cVen a escribir cartas a mam\u00e1 con Frida Kahlo\u201d, a cargo de la Dra. Roc\u00edo Garc\u00eda Rey.<\/p>\n\n\n\n<p class=\"wp-block-paragraph\">El domingo 13 se desarrollar\u00e1 el taller para las y los ni\u00f1os \u201cConociendo mis derechos\u201d, impartido por la Mtra. Gabriela Amores.<\/p>\n\n\n\n<p class=\"wp-block-paragraph\">La exposici\u00f3n temporal \u201cNi\u00f1as vendidas\u201d ser\u00e1 inaugurada el 12 de abril a las 16 horas y estar\u00e1 vigente hasta el 31 de mayo. Participan la autora de la obra, Eugenia Marcos y la Mtra. Gricelda S\u00e1nchez.<\/p>\n\n\n\n<p class=\"wp-block-paragraph\">Esta muestra busca visibilizar la problem\u00e1tica, sensibilizar al p\u00fablico y generar conciencia sobre las m\u00faltiples formas de violencia que enfrenta la ni\u00f1as en M\u00e9xico y el mundo.<\/p>\n\n\n\n<p class=\"wp-block-paragraph\">Ese mismo d\u00eda a las 13 horas se llevar\u00e1 a cabo la Mesa: \u201cRetos en la salud mental de las y los adolescentes en M\u00e9xico\u201d, se discutir\u00e1n los desaf\u00edos que enfrenta esta poblaci\u00f3n en la materia.<\/p>\n\n\n\n<p class=\"wp-block-paragraph\">El objetivo es generar un espacio de di\u00e1logo que contribuya a la construcci\u00f3n de estrategias efectivas y sensibles a la realidad de las y los adolescentes en el pa\u00eds.<\/p>\n\n\n\n<p class=\"wp-block-paragraph\">Para asistir o recibir acceso a las transmisiones, se requiere registro previo al correo: recepcionmuseomujer@gmail.com<\/p>\n\n\n\n<figure class=\"wp-block-image size-large\"><a href=\"https:\/\/redsemlac.com\/semmexico\/wp-content\/uploads\/2025\/04\/CARTELERA-CULTURA.jpg\"><img decoding=\"async\" src=\"https:\/\/redsemlac.com\/semmexico\/wp-content\/uploads\/2025\/04\/CARTELERA-CULTURA-1024x719.jpg\" alt=\"\" class=\"wp-image-94445\"\/><\/a><\/figure>\n","protected":false},"excerpt":{"rendered":"<p>\u00b7 Poes\u00eda, actividades infantiles, una mesa de an\u00e1lisis \u00b7 Los s\u00e1bados y domingos de abril, talleres para ni\u00f1as y ni\u00f1os Redacci\u00f3n SemM\u00e9xico, Ciudad de M\u00e9xico, 7 de abril, 2025.- La cartelera del Museo de la Mujer de esta semana incluye ciclos de poes\u00eda, actividades infantiles, una mesa de an\u00e1lisis sobre salud mental en adolescentes y [&hellip;]<\/p>\n","protected":false},"author":3,"featured_media":94445,"comment_status":"open","ping_status":"open","sticky":false,"template":"","format":"standard","meta":{"_monsterinsights_skip_tracking":false,"footnotes":""},"categories":[748],"tags":[],"class_list":["post-94444","post","type-post","status-publish","format-standard","has-post-thumbnail","category-cultura-feminista"],"_links":{"self":[{"href":"https:\/\/redsemlac.com\/semmexico\/wp-json\/wp\/v2\/posts\/94444","targetHints":{"allow":["GET"]}}],"collection":[{"href":"https:\/\/redsemlac.com\/semmexico\/wp-json\/wp\/v2\/posts"}],"about":[{"href":"https:\/\/redsemlac.com\/semmexico\/wp-json\/wp\/v2\/types\/post"}],"author":[{"embeddable":true,"href":"https:\/\/redsemlac.com\/semmexico\/wp-json\/wp\/v2\/users\/3"}],"replies":[{"embeddable":true,"href":"https:\/\/redsemlac.com\/semmexico\/wp-json\/wp\/v2\/comments?post=94444"}],"version-history":[{"count":0,"href":"https:\/\/redsemlac.com\/semmexico\/wp-json\/wp\/v2\/posts\/94444\/revisions"}],"wp:featuredmedia":[{"embeddable":true,"href":"https:\/\/redsemlac.com\/semmexico\/wp-json\/wp\/v2\/media\/94445"}],"wp:attachment":[{"href":"https:\/\/redsemlac.com\/semmexico\/wp-json\/wp\/v2\/media?parent=94444"}],"wp:term":[{"taxonomy":"category","embeddable":true,"href":"https:\/\/redsemlac.com\/semmexico\/wp-json\/wp\/v2\/categories?post=94444"},{"taxonomy":"post_tag","embeddable":true,"href":"https:\/\/redsemlac.com\/semmexico\/wp-json\/wp\/v2\/tags?post=94444"}],"curies":[{"name":"wp","href":"https:\/\/api.w.org\/{rel}","templated":true}]}}