{"id":94421,"date":"2025-04-07T13:55:28","date_gmt":"2025-04-07T19:55:28","guid":{"rendered":"https:\/\/redsemlac.com\/semmexico\/?p=94421"},"modified":"2025-04-07T13:56:25","modified_gmt":"2025-04-07T19:56:25","slug":"letra-clara-paridad-relaciones-de-poder-entre-mujeres-1","status":"publish","type":"post","link":"https:\/\/redsemlac.com\/semmexico\/letra-clara-paridad-relaciones-de-poder-entre-mujeres-1\/","title":{"rendered":"Letra Clara| Paridad: relaciones de poder entre mujeres"},"content":{"rendered":"\n<p class=\"wp-block-paragraph\">Teresa Vald\u00e9s Betancourt&nbsp;<\/p>\n\n\n\n<p class=\"wp-block-paragraph\">SemM\u00e9xico, Ciudad de M\u00e9xico, 7 de abril, 2025.- La paridad propici\u00f3 el acceso de las mujeres a espacios de toma de decisiones legislativa y gubernamental. Hoy en M\u00e9xico, en dos de los tres poderes del pa\u00eds se encuentra un nombre de mujer, Claudia Sheinbaum y Norma Pi\u00f1a, que coinciden en la democracia mexicana, con senadoras, diputadas federales, locales y gobernadoras estatales de diferentes partidos.<\/p>\n\n\n\n<p class=\"wp-block-paragraph\">Quiero recordar como en el pasado, todav\u00eda reciente, hasta las relaciones personales estaban marcadas por una din\u00e1mica de poder desigual, donde un var\u00f3n ejerc\u00eda control sobre la otra persona, mujer u hombre. Sin embargo, en la actualidad, avanza m\u00e1s la igualdad y la reciprocidad en las relaciones interpersonales.<\/p>\n\n\n\n<p class=\"wp-block-paragraph\">Se transita de la jerarqu\u00eda vertical a la horizontal. La estructura jer\u00e1rquica que sol\u00eda caracterizar a las relaciones familiares, por ejemplo, la relaci\u00f3n entre \u201cmayores\u201d representados por padres y madres, con hijos e hijas da paso a una estructura m\u00e1s horizontal, y las personas en lo dom\u00e9stico, se relacionan de manera m\u00e1s igualitaria lo que propicia mejor comunicaci\u00f3n.<\/p>\n\n\n\n<p class=\"wp-block-paragraph\">En la cultura tradicional exist\u00edan las relaciones de poder patriarcal fundadas en la discriminaci\u00f3n de g\u00e9nero. La evoluci\u00f3n social y las luchas feministas nos aportaron la paridad hasta en las jerarqu\u00edas del seno familiar, que se representa con mayor equidad hasta en las tareas dom\u00e9sticas que se compartan.<\/p>\n\n\n\n<p class=\"wp-block-paragraph\">Esta realidad todav\u00eda no estudiada suficientemente, presenta otro tipo de relaciones de poder entre mujeres en la pol\u00edtica y de gobierno, que pueden verse afectadas por desigualdades imperceptibles a la vista, de etnia, econ\u00f3mica, procedencia, clase, estatus social o por investidura ah, y por la existencia de arraigados prejuicios con viejos estereotipos.<\/p>\n\n\n\n<p class=\"wp-block-paragraph\">Esas desigualdades existen y se padecen, pero resultan invisibles y no aceptadas en lo cotidiano entonces, debemos hacerlas visibles con teor\u00eda feminista, para prevenir males mayores, cuando aparecen manifestaciones de incomprensi\u00f3n y otras violencias entre nosotras. La g\u00e9nesis de este maltrato no radica en el macro concepto del patriarcado, como s\u00ed ocurre con la violencia de g\u00e9nero tradicional, pero a veces es promovida, en las estructuras partidistas para estimular la rivalidad entre mujeres.&nbsp;<\/p>\n\n\n\n<p class=\"wp-block-paragraph\">En esta argumentaci\u00f3n, se tiene en cuenta el concepto de interseccionalidad, expuesto por Kimberl\u00e9 Williams Crenshaw, 1959, abogada y acad\u00e9mica estadounidense activista de derechos humanos, quien analiz\u00f3 c\u00f3mo interact\u00faan y se superponen, las diferentes categor\u00edas de identidad g\u00e9nero, raza, clase, etc. creando experiencias de discriminaci\u00f3n y privilegio \u00fanicas para cada persona. <em>https:\/\/isaw.org\/es\/kimberle-crenshaw-the-woman-who-revolutionized-feminism\/<\/em><\/p>\n\n\n\n<p class=\"wp-block-paragraph\">Algunos estudios en la UNAM, reconocen algunas causas de la violencia interg\u00e9nero, entre nosotras, y se citan estereotipos, prejuicios, la edad, el estado de salud, el diferente nivel econ\u00f3mico, la situaci\u00f3n administrativa, la discapacidad o&nbsp; estado jur\u00eddico y hasta la salud&nbsp;&nbsp; f\u00edsica o mental.&nbsp;<\/p>\n\n\n\n<p class=\"wp-block-paragraph\">&nbsp;En M\u00e9xico, las luchas feministas lograron leyes aprobadas por mayor\u00eda de hombres legisladores, que legitimaron el acceso de las mujeres a la pol\u00edtica con la paridad total en 2014, as\u00ed se abri\u00f3 el camino a los recursos econ\u00f3micos y financieros, que resultar\u00e1 decisivo, para alcanzar la igualdad de g\u00e9nero, en las pol\u00edticas p\u00fablicas. Paso a pasito se acortan las brechas hist\u00f3ricas de discriminaci\u00f3n con el leg\u00edtimo empoderamiento de femenino. Llegar a este espacio les permite influir con otra perspectiva social, en el crecimiento econ\u00f3mico del pa\u00eds.<\/p>\n\n\n\n<p class=\"wp-block-paragraph\">Resulta significativa la evoluci\u00f3n de las relaciones de poder dentro del intercambio interpersonal entre las mujeres, con un mayor \u00e9nfasis en la igualdad, la reciprocidad y para comprender en este proceso pol\u00edtico algo imprescindible: Lograr mayor respeto sororal con reconocimiento a las diferencias para realizar y alcanzar consensos, cabildeos, propuestas, acuerdos, etc., etc., etc.<\/p>\n\n\n\n<p class=\"wp-block-paragraph\">Al compartir experiencias y conocimientos, las mujeres estamos convocadas a un intenso aprendizaje de las estrategias de supervivencia y resistencia de las otras, cada una aporta sus experiencias, sin rivalidades impuestas en las tradiciones mis\u00f3ginas y nos fortalecemos de manera conjunta para enfrentar nuevos retos. Sin embargo, todav\u00eda existen desaf\u00edos y oportunidades para seguir trabajando hacia la construcci\u00f3n de otras relaciones de poder entre mujeres, m\u00e1s saludables y equitativas en las cuales, la comunicaci\u00f3n constituye instrumento insustituible, porque la palabra crea concepto, el concepto cambia las actitudes as\u00ed aparecen nuevas palabras y se necesita practicar el lenguaje incluyente no sexista que, nos hace visible para la sociedad y para nosotras mismas. Es y ser\u00e1 mi caballo de batalla en la formaci\u00f3n y permanente sensibilizaci\u00f3n de g\u00e9nero.&nbsp;&nbsp;<\/p>\n\n\n\n<p class=\"wp-block-paragraph\">El pacto entre mujeres es imprescindible, como parte del ejercicio de la sororidad cotidiana consciente o no, porque solo juntas, se pueden quebrar los m\u00faltiples techos de cristal que subsisten en la cultura y la sociedad, como alert\u00f3 desde el siglo pasado Florentina G\u00f3mez Miranda, Buenos Aires, 1912\u200b\u200b- 2011, profesora, abogada y pol\u00edtica<a>:\u200b <\/a><em>\u201cSi una mujer entra a la pol\u00edtica, cambia la mujer. Si muchas mujeres entran a la pol\u00edtica, la que cambia es la pol\u00edtica\u201d.<\/em> La historia es irreversible. Juntas podemos.<\/p>\n\n\n\n<p class=\"wp-block-paragraph\">@Letra Clara<\/p>\n\n\n\n<p class=\"wp-block-paragraph\">.<\/p>\n","protected":false},"excerpt":{"rendered":"<p>Teresa Vald\u00e9s Betancourt&nbsp; SemM\u00e9xico, Ciudad de M\u00e9xico, 7 de abril, 2025.- La paridad propici\u00f3 el acceso de las mujeres a espacios de toma de decisiones legislativa y gubernamental. Hoy en M\u00e9xico, en dos de los tres poderes del pa\u00eds se encuentra un nombre de mujer, Claudia Sheinbaum y Norma Pi\u00f1a, que coinciden en la democracia [&hellip;]<\/p>\n","protected":false},"author":3,"featured_media":9180,"comment_status":"open","ping_status":"open","sticky":false,"template":"","format":"standard","meta":{"_monsterinsights_skip_tracking":false,"footnotes":""},"categories":[101,35,673],"tags":[],"class_list":["post-94421","post","type-post","status-publish","format-standard","has-post-thumbnail","category-letra-clara","category-opinion","category-teresa-molla"],"_links":{"self":[{"href":"https:\/\/redsemlac.com\/semmexico\/wp-json\/wp\/v2\/posts\/94421","targetHints":{"allow":["GET"]}}],"collection":[{"href":"https:\/\/redsemlac.com\/semmexico\/wp-json\/wp\/v2\/posts"}],"about":[{"href":"https:\/\/redsemlac.com\/semmexico\/wp-json\/wp\/v2\/types\/post"}],"author":[{"embeddable":true,"href":"https:\/\/redsemlac.com\/semmexico\/wp-json\/wp\/v2\/users\/3"}],"replies":[{"embeddable":true,"href":"https:\/\/redsemlac.com\/semmexico\/wp-json\/wp\/v2\/comments?post=94421"}],"version-history":[{"count":0,"href":"https:\/\/redsemlac.com\/semmexico\/wp-json\/wp\/v2\/posts\/94421\/revisions"}],"wp:featuredmedia":[{"embeddable":true,"href":"https:\/\/redsemlac.com\/semmexico\/wp-json\/wp\/v2\/media\/9180"}],"wp:attachment":[{"href":"https:\/\/redsemlac.com\/semmexico\/wp-json\/wp\/v2\/media?parent=94421"}],"wp:term":[{"taxonomy":"category","embeddable":true,"href":"https:\/\/redsemlac.com\/semmexico\/wp-json\/wp\/v2\/categories?post=94421"},{"taxonomy":"post_tag","embeddable":true,"href":"https:\/\/redsemlac.com\/semmexico\/wp-json\/wp\/v2\/tags?post=94421"}],"curies":[{"name":"wp","href":"https:\/\/api.w.org\/{rel}","templated":true}]}}