{"id":94410,"date":"2025-04-04T19:59:58","date_gmt":"2025-04-05T01:59:58","guid":{"rendered":"https:\/\/redsemlac.com\/semmexico\/?p=94410"},"modified":"2025-04-04T19:59:59","modified_gmt":"2025-04-05T01:59:59","slug":"la-justicia-no-es-abstracta-es-una-necesidad-diaria-arely-reyes-teran","status":"publish","type":"post","link":"https:\/\/redsemlac.com\/semmexico\/la-justicia-no-es-abstracta-es-una-necesidad-diaria-arely-reyes-teran\/","title":{"rendered":"La justicia no es abstracta, es una necesidad diaria: Arely Reyes Ter\u00e1n"},"content":{"rendered":"\n<ul class=\"wp-block-list\">\n<li>Aspirante a ministra de la SCJN, sostiene que la avalan sus 40 a\u00f1os de experiencia<\/li>\n\n\n\n<li>Las condiciones financieras de la campa\u00f1a no son las \u00f3ptimas, dice<\/li>\n<\/ul>\n\n\n\n<p class=\"wp-block-paragraph\">SemM\u00e9xico, Ciudad de M\u00e9xico, 4 de abril, 2025.- La justicia no es un concepto abstracto, sino una necesidad diaria; lo que resuelve la Corte impacta en el grueso de la poblaci\u00f3n y, por eso, todos deben estar interesados en esta elecci\u00f3n, porque lo que diga la Corte puede a veces desproteger un derecho que ya ten\u00edas ganado.<\/p>\n\n\n\n<p class=\"wp-block-paragraph\">As\u00ed lo expres\u00f3 la aspirante a ocupar uno de los cinco cargos en la Suprema Corte de Justicia de la Naci\u00f3n, durante la mesa Di\u00e1logos Rumbo a la Elecci\u00f3n del Poder Judicial, organizada por el Financiero Televisi\u00f3n.<\/p>\n\n\n\n<p class=\"wp-block-paragraph\">Tambi\u00e9n habl\u00f3 sobre su perfil, trayectoria, logros y experiencias ante la ciudadan\u00eda mexicana, y se\u00f1al\u00f3 que su motivaci\u00f3n para inscribirse en la contienda fueron los 40 a\u00f1os de su vida que ha dedicado a la procuraci\u00f3n e impartici\u00f3n de justicia.<\/p>\n\n\n\n<p class=\"wp-block-paragraph\">\u201cYo fui jueza de Primera Instancia desde los 25 a\u00f1os y, desde entonces, he realizado mi carrera en el tema de la procuraci\u00f3n. Fui agente del Ministerio P\u00fablico de la federaci\u00f3n, as\u00ed como subdelegada de la Procuradur\u00eda General de la Rep\u00fablica. Actualmente es Magistrada por el Tribunal de Justicia Administrativa del Estado de Pueblay mis 40 a\u00f1os de experiencia me avalan,\u201d dijo.&nbsp;<\/p>\n\n\n\n<p class=\"wp-block-paragraph\">Ante la pregunta de si existe el piso parejo entre la cobertura que se dio a los diferentes arranques de campa\u00f1a, la candidata a ministra declar\u00f3 que las condiciones econ\u00f3micas no son \u00f3ptimas; por ello cada aspirante focaliza esfuerzos donde considera prioritario.<\/p>\n\n\n\n<p class=\"wp-block-paragraph\">En el caso de Arely Reyes Ter\u00e1n, la campa\u00f1a inici\u00f3 en Cuetzalan, Puebla, una poblaci\u00f3n ind\u00edgena de la Sierra Nororiental, donde recab\u00f3 las preocupaciones de los pueblos originarios para llevarlas a la Suprema Corte. Con dos meses de campa\u00f1a, la candidata resalt\u00f3 que lo importante es dar a conocer las propuestas y los proyectos.<\/p>\n\n\n\n<p class=\"wp-block-paragraph\">Juan Carlos Barajas, conductor de la mesa, cuestion\u00f3 sobre la garant\u00eda y certeza para las y los ciudadanos.<\/p>\n\n\n\n<p class=\"wp-block-paragraph\">Ante esto, Reyes Ter\u00e1n consider\u00f3 que el proceso de selecci\u00f3n de los perfiles fue adecuado; para el caso de las personas postuladas por el Poder Ejecutivo, se\u00f1al\u00f3 que el primer filtro fue un an\u00e1lisis de las trayectorias, as\u00ed como un ex\u00e1men t\u00e9cnico riguroso.<\/p>\n\n\n\n<p class=\"wp-block-paragraph\">Adem\u00e1s, asegur\u00f3, hay posibilidad de rescatar la Corte y, para tal efecto, reiter\u00f3 su compromiso: \u201cPoner mis 40 a\u00f1os de experiencia al servicio de una corte que proteja el inter\u00e9s nacional, as\u00ed como los derechos de los amplios grupos poblacionales hist\u00f3ricamente olvidados por la justicia\u201d.<\/p>\n\n\n\n<figure class=\"wp-block-image size-large\"><a href=\"https:\/\/redsemlac.com\/semmexico\/wp-content\/uploads\/2025\/04\/arely-reyes-teran.jpg\"><img loading=\"lazy\" decoding=\"async\" width=\"1024\" height=\"576\" src=\"https:\/\/redsemlac.com\/semmexico\/wp-content\/uploads\/2025\/04\/arely-reyes-teran-1024x576.jpg\" alt=\"\" class=\"wp-image-94412\" srcset=\"https:\/\/redsemlac.com\/semmexico\/wp-content\/uploads\/2025\/04\/arely-reyes-teran-1024x576.jpg 1024w, https:\/\/redsemlac.com\/semmexico\/wp-content\/uploads\/2025\/04\/arely-reyes-teran-300x169.jpg 300w, https:\/\/redsemlac.com\/semmexico\/wp-content\/uploads\/2025\/04\/arely-reyes-teran-768x432.jpg 768w, https:\/\/redsemlac.com\/semmexico\/wp-content\/uploads\/2025\/04\/arely-reyes-teran-150x84.jpg 150w, https:\/\/redsemlac.com\/semmexico\/wp-content\/uploads\/2025\/04\/arely-reyes-teran-696x391.jpg 696w, https:\/\/redsemlac.com\/semmexico\/wp-content\/uploads\/2025\/04\/arely-reyes-teran-1068x601.jpg 1068w, https:\/\/redsemlac.com\/semmexico\/wp-content\/uploads\/2025\/04\/arely-reyes-teran.jpg 1170w\" sizes=\"auto, (max-width: 1024px) 100vw, 1024px\" \/><\/a><\/figure>\n\n\n\n<p class=\"wp-block-paragraph\">SEM\/sj<\/p>\n","protected":false},"excerpt":{"rendered":"<p>SemM\u00e9xico, Ciudad de M\u00e9xico, 4 de abril, 2025.- La justicia no es un concepto abstracto, sino una necesidad diaria; lo que resuelve la Corte impacta en el grueso de la poblaci\u00f3n y, por eso, todos deben estar interesados en esta elecci\u00f3n, porque lo que diga la Corte puede a veces desproteger un derecho que ya [&hellip;]<\/p>\n","protected":false},"author":3,"featured_media":94411,"comment_status":"open","ping_status":"open","sticky":false,"template":"","format":"standard","meta":{"_monsterinsights_skip_tracking":false,"footnotes":""},"categories":[141],"tags":[],"class_list":["post-94410","post","type-post","status-publish","format-standard","has-post-thumbnail","category-elecciones-2020-2021"],"_links":{"self":[{"href":"https:\/\/redsemlac.com\/semmexico\/wp-json\/wp\/v2\/posts\/94410","targetHints":{"allow":["GET"]}}],"collection":[{"href":"https:\/\/redsemlac.com\/semmexico\/wp-json\/wp\/v2\/posts"}],"about":[{"href":"https:\/\/redsemlac.com\/semmexico\/wp-json\/wp\/v2\/types\/post"}],"author":[{"embeddable":true,"href":"https:\/\/redsemlac.com\/semmexico\/wp-json\/wp\/v2\/users\/3"}],"replies":[{"embeddable":true,"href":"https:\/\/redsemlac.com\/semmexico\/wp-json\/wp\/v2\/comments?post=94410"}],"version-history":[{"count":0,"href":"https:\/\/redsemlac.com\/semmexico\/wp-json\/wp\/v2\/posts\/94410\/revisions"}],"wp:featuredmedia":[{"embeddable":true,"href":"https:\/\/redsemlac.com\/semmexico\/wp-json\/wp\/v2\/media\/94411"}],"wp:attachment":[{"href":"https:\/\/redsemlac.com\/semmexico\/wp-json\/wp\/v2\/media?parent=94410"}],"wp:term":[{"taxonomy":"category","embeddable":true,"href":"https:\/\/redsemlac.com\/semmexico\/wp-json\/wp\/v2\/categories?post=94410"},{"taxonomy":"post_tag","embeddable":true,"href":"https:\/\/redsemlac.com\/semmexico\/wp-json\/wp\/v2\/tags?post=94410"}],"curies":[{"name":"wp","href":"https:\/\/api.w.org\/{rel}","templated":true}]}}