{"id":94321,"date":"2025-04-02T09:38:26","date_gmt":"2025-04-02T15:38:26","guid":{"rendered":"https:\/\/redsemlac.com\/semmexico\/?p=94321"},"modified":"2025-04-02T09:38:27","modified_gmt":"2025-04-02T15:38:27","slug":"mirada-violeta-karla-planter-primera-rectora-de-la-universidad-de-guadalajara","status":"publish","type":"post","link":"https:\/\/redsemlac.com\/semmexico\/mirada-violeta-karla-planter-primera-rectora-de-la-universidad-de-guadalajara\/","title":{"rendered":"Mirada Violeta | Karla Planter, primera Rectora de la Universidad de Guadalajara"},"content":{"rendered":"\n<p class=\"wp-block-paragraph\"><\/p>\n\n\n\n<p class=\"wp-block-paragraph\">Guadalupe Ramos Ponce<\/p>\n\n\n\n<p class=\"wp-block-paragraph\">SemM\u00e9xico, Guadalajara, Jalisco, 2 de abril, 2025.- Como Real Universidad de Guadalajara, se fund\u00f3 el 3 de noviembre de 1792, es decir, hace 232 a\u00f1os. Como Universidad de Guadalajara, su fundaci\u00f3n es el 12 de octubre de 1925, es decir, este a\u00f1o se cumplen 100 a\u00f1os de nuestra benem\u00e9rita m\u00e1xima casa de estudios.<\/p>\n\n\n\n<p class=\"wp-block-paragraph\">En todos estos a\u00f1os, las mujeres estuvieron relegadas, primero al acceso a la educaci\u00f3n universitaria y despu\u00e9s, para acceder a ocupar los altos cargos directivos.&nbsp;<\/p>\n\n\n\n<p class=\"wp-block-paragraph\">En sinton\u00eda con lo que ocurre en el pa\u00eds, con la llegada de la primera presidenta de la naci\u00f3n, y con la primera presidenta municipal de la ciudad de Guadalajara, ahora la Universidad, da un paso importante con la llegada de la primera rectora de la casa de estudios.&nbsp;<\/p>\n\n\n\n<p class=\"wp-block-paragraph\">Sin duda, vamos tarde, es necesario apresurar el paso, recuperar el tiempo negado a las mujeres en la pol\u00edtica, en los cargos directivos, en los espacios de decisi\u00f3n.&nbsp;<\/p>\n\n\n\n<p class=\"wp-block-paragraph\">Era vergonzoso que la universidad bicentenaria no diera cabida a ser dirigida por una mujer, era penoso que la centenaria universidad actual no contara con las mujeres para decidir sus destinos. Si, da verg\u00fcenza que nos tard\u00e1ramos tanto. Que fuera necesaria la coyuntura nacional y local para que el espacio universitario se abriera a las mujeres.&nbsp;<\/p>\n\n\n\n<p class=\"wp-block-paragraph\">Todav\u00eda recuerdo aquel profesor en la carrera de derecho, que me imparti\u00f3 la clase de&nbsp;<\/p>\n\n\n\n<p class=\"wp-block-paragraph\">Amparo, en ese momento era Procurador de Justicia del Estado y que nos dijera a las mujeres del grupo que nos sali\u00e9ramos del aula, a los compa\u00f1eros hombres les dijo que las mujeres est\u00e1bamos ah\u00ed ocupando un lugar que no nos merec\u00edamos, que nos fu\u00e9ramos a casa a cocer frijoles, que de todas maneras nos \u00edbamos a casar y s\u00f3lo le quit\u00e1bamos el tiempo. Todos se rieron, salvo un compa\u00f1ero que le dijo que a las tres que nos corri\u00f3, \u00e9ramos las m\u00e1s inteligentes y con las mejores calificaciones del grupo. Nos quejamos y nada pas\u00f3, era el procurador! Nos fuimos a pasar el curso en extraordinario y con otro profesor. Eran los tiempos de la misoginia rampante, cuando casi todos los profesores eran hombres e intocables.&nbsp;<\/p>\n\n\n\n<p class=\"wp-block-paragraph\">Ya como profesora, me ha tocado defender acad\u00e9micas y alumnas de esas mismas violencias institucionales. Me ha tocado tambi\u00e9n abrir camino para la creaci\u00f3n del andamiaje jur\u00eddico que permita nuevas instancias de defensor\u00eda de los derechos de la comunidad universitaria.&nbsp;<\/p>\n\n\n\n<p class=\"wp-block-paragraph\">Llegan nuevos aires a la Universidad de Guadalajara, nuevos tiempos, nuevo siglo. Tocar\u00e1 ahora a la Rectora, saldar deudas pendientes, generar espacios libres de violencia, consolidar una Universidad paritaria, generar condiciones de desarrollo igualitario y vincular a la Universidad con las causas sociales y los derechos humanos.&nbsp;<\/p>\n\n\n\n<p class=\"wp-block-paragraph\">Bienvenida Karla Planter, la comunidad universitaria estaba preparando tu llegada desde hace 100 a\u00f1os. &nbsp;<\/p>\n\n\n\n<p class=\"wp-block-paragraph\">Dra. Mar\u00eda Guadalupe Ramos Ponce ; Coordinadora de CLADEM en M\u00e9xico; Profesora Investigadora de la <a href=\"about:blank\">UdeG.@dralupitaramosp<\/a> <a href=\"mailto:lupitaramosponce@gmail.com\">lupitaramosponce@gmail.com<\/a><\/p>\n","protected":false},"excerpt":{"rendered":"<p>Guadalupe Ramos Ponce SemM\u00e9xico, Guadalajara, Jalisco, 2 de abril, 2025.- Como Real Universidad de Guadalajara, se fund\u00f3 el 3 de noviembre de 1792, es decir, hace 232 a\u00f1os. Como Universidad de Guadalajara, su fundaci\u00f3n es el 12 de octubre de 1925, es decir, este a\u00f1o se cumplen 100 a\u00f1os de nuestra benem\u00e9rita m\u00e1xima casa de [&hellip;]<\/p>\n","protected":false},"author":3,"featured_media":22937,"comment_status":"open","ping_status":"open","sticky":false,"template":"","format":"standard","meta":{"_monsterinsights_skip_tracking":false,"footnotes":""},"categories":[1],"tags":[],"class_list":["post-94321","post","type-post","status-publish","format-standard","has-post-thumbnail","category-uncategorized"],"_links":{"self":[{"href":"https:\/\/redsemlac.com\/semmexico\/wp-json\/wp\/v2\/posts\/94321","targetHints":{"allow":["GET"]}}],"collection":[{"href":"https:\/\/redsemlac.com\/semmexico\/wp-json\/wp\/v2\/posts"}],"about":[{"href":"https:\/\/redsemlac.com\/semmexico\/wp-json\/wp\/v2\/types\/post"}],"author":[{"embeddable":true,"href":"https:\/\/redsemlac.com\/semmexico\/wp-json\/wp\/v2\/users\/3"}],"replies":[{"embeddable":true,"href":"https:\/\/redsemlac.com\/semmexico\/wp-json\/wp\/v2\/comments?post=94321"}],"version-history":[{"count":0,"href":"https:\/\/redsemlac.com\/semmexico\/wp-json\/wp\/v2\/posts\/94321\/revisions"}],"wp:featuredmedia":[{"embeddable":true,"href":"https:\/\/redsemlac.com\/semmexico\/wp-json\/wp\/v2\/media\/22937"}],"wp:attachment":[{"href":"https:\/\/redsemlac.com\/semmexico\/wp-json\/wp\/v2\/media?parent=94321"}],"wp:term":[{"taxonomy":"category","embeddable":true,"href":"https:\/\/redsemlac.com\/semmexico\/wp-json\/wp\/v2\/categories?post=94321"},{"taxonomy":"post_tag","embeddable":true,"href":"https:\/\/redsemlac.com\/semmexico\/wp-json\/wp\/v2\/tags?post=94321"}],"curies":[{"name":"wp","href":"https:\/\/api.w.org\/{rel}","templated":true}]}}