{"id":94318,"date":"2025-04-02T09:37:19","date_gmt":"2025-04-02T15:37:19","guid":{"rendered":"https:\/\/redsemlac.com\/semmexico\/?p=94318"},"modified":"2025-04-02T09:37:20","modified_gmt":"2025-04-02T15:37:20","slug":"examinan-colectivos-de-mujeres-la-condicion-del-trabajo-no-remunerado-en-reunion-con-el-partido-accion-nacional","status":"publish","type":"post","link":"https:\/\/redsemlac.com\/semmexico\/examinan-colectivos-de-mujeres-la-condicion-del-trabajo-no-remunerado-en-reunion-con-el-partido-accion-nacional\/","title":{"rendered":"Examinan colectivos de mujeres la condici\u00f3n del trabajo no remunerado en reuni\u00f3n con el Partido Acci\u00f3n Nacional"},"content":{"rendered":"\n<p class=\"wp-block-paragraph\">Anuncia&nbsp; Enrique Vargas del Villar, iniciativas sobre trabajo no remunerado, feminicidio&nbsp; &nbsp; y entornos laborales libres de violencia<\/p>\n\n\n\n<p class=\"wp-block-paragraph\">Redacci\u00f3n<\/p>\n\n\n\n<p class=\"wp-block-paragraph\">SemM\u00e9xico, Ciudad de M\u00e9xico, 2 de abril, 2025.- Mujeres de diversos&nbsp; colectivos, ayer en el&nbsp; Senado de la Rep\u00fablica realizaron&nbsp; una mesa de trabajo para exponer&nbsp; experiencias y propuestas en torno los temas de trabajo dom\u00e9stico no remunerado, violencia de g\u00e9nero, desarrollo laboral, programas de salud y atenci\u00f3n a la ni\u00f1ez.<\/p>\n\n\n\n<p class=\"wp-block-paragraph\">La mesa se hizo con el Senador Enrique Vargas del Villar, vicecoordinador del Grupo Parlamentario del Partido Acci\u00f3n Nacional, donde Laura Minerva Ram\u00edrez, Presidenta del colectivo \u201cMujeres Empoderadas y Valientes\u201d, Lourdes Qui\u00f1ones Presidenta Nacional de \u201cMujeres de Avanzada, A.C.\u201d, Yesenia Zamudio Presidenta de \u201cNi una menos nacional\u201d y Mar\u00eda Guadalupe Mart\u00ednez Flores, representante de mujeres mazahuas del Estado de M\u00e9xico,&nbsp; plantearon&nbsp; temas que ser\u00e1n incluidos en el paquete de cinco iniciativas que presentar\u00e1 en fecha pr\u00f3xima el PAN.<\/p>\n\n\n\n<p class=\"wp-block-paragraph\">En ese sentido Vargas del Villar, quien prepara, dijo, esas &nbsp; iniciativas, les asegur\u00f3 que&nbsp; se ver\u00e1n reflejadas las propuestas&nbsp; expuestas en&nbsp; la&nbsp; mesa de trabajo y que se refieren a reformas en : Ley General de los Derechos de Ni\u00f1as, Ni\u00f1os y Adolescentes, en materia de orfandad por feminicidio y desaparici\u00f3n.; Ley General de Salud, en materia de pr\u00f3tesis mamaria; Ley General para la Igualdad entre Mujeres y Hombres, en materia de trabajo dom\u00e9stico no remunerado y de cuidados.; Ley Federal del Trabajo; Ley General de Acceso de las Mujeres a una Vida Libre de Violencia.<\/p>\n\n\n\n<p class=\"wp-block-paragraph\">El legislador mexiquense reiter\u00f3 su disposici\u00f3n a apoyar sus propuestas, y dijo que as\u00ed lo ha hecho&nbsp; desde otras trincheras, y opino o que la lucha de las mujeres ha&nbsp; constituido un compromiso para \u00e9l, quien fuera precandidato a la gubernatura&nbsp; de EDOMEX, en 2023.<\/p>\n\n\n\n<p class=\"wp-block-paragraph\">Se comprometi\u00f3 a trabajar para todas, porque reconoci\u00f3 que persisten demasiadas injusticias en el \u00e1mbito penal y civil, por eso la importancia de la mesa de trabajo&nbsp; para enriquecer la tarea legislativa.<\/p>\n\n\n\n<p class=\"wp-block-paragraph\">Sobre el trabajo del hogar, expusieron que las mujeres que se dedican a la limpieza del hogar no reciben el reconocimiento ni la remuneraci\u00f3n correspondiente, por lo que es el momento de saldar una deuda hist\u00f3rica.<\/p>\n\n\n\n<figure class=\"wp-block-image\"><img decoding=\"async\" src=\"https:\/\/lh7-rt.googleusercontent.com\/docsz\/AD_4nXeoSm12yXxZ8xWDj5nvYU-qLCJE5q2J4Y2Edlklya-xgiy9OTDYdkUq7CG04bPaXtHQSvj4PfMN-M6ay8KZMWQJVSWEoeYDzubxsEvNIctbmJVVjlE3b-lUnfjA4684Ge5yB2AaoB-SMzJz-4aNtNQ?key=q32IZNDSv_JDdPtKLu_lrvia\" alt=\"Imagen que contiene interior, tabla, frente, hombre\n\nEl contenido generado por IA puede ser incorrecto.\"\/><\/figure>\n\n\n\n<p class=\"wp-block-paragraph\">De igual manera se refirieron a los cuidadores de personas de la tercera edad y personas con discapacidad, que muchas veces ni de las familias reciben reconocimiento.&nbsp;<\/p>\n\n\n\n<p class=\"wp-block-paragraph\">Respecto de&nbsp; la violencia de g\u00e9nero, se plante\u00f3 la necesidad de que se cuente&nbsp; con personal especializado y&nbsp; con perspectiva de g\u00e9nero, en todas las \u00e1reas operativas&nbsp; ampliar el cat\u00e1logo de delitos que se investiguen como feminicidios.<\/p>\n\n\n\n<p class=\"wp-block-paragraph\">Otro asunto de inter\u00e9s es la generaci\u00f3n de entornos laborales inclusivos que brinden la oportunidad de igualdad de crecimiento profesional en los centros de trabajo. En materia de salud, se expuso las carencias de los sistemas de salud p\u00fablicos por lo que se requiere de medicinas y personal m\u00e9dico capacitado.&nbsp;<\/p>\n\n\n\n<p class=\"wp-block-paragraph\">Sobre atenci\u00f3n a la ni\u00f1ez, se plante\u00f3 que las madres y padres con hijos en condici\u00f3n de&nbsp; discapacidad tienen&nbsp; dificultades para&nbsp; tener un trabajo estable, por la atenci\u00f3n que tienen que darles, adem\u00e1s de que hay un desabasto preocupante de medicinas.<\/p>\n","protected":false},"excerpt":{"rendered":"<p>Anuncia&nbsp; Enrique Vargas del Villar, iniciativas sobre trabajo no remunerado, feminicidio&nbsp; &nbsp; y entornos laborales libres de violencia Redacci\u00f3n SemM\u00e9xico, Ciudad de M\u00e9xico, 2 de abril, 2025.- Mujeres de diversos&nbsp; colectivos, ayer en el&nbsp; Senado de la Rep\u00fablica realizaron&nbsp; una mesa de trabajo para exponer&nbsp; experiencias y propuestas en torno los temas de trabajo dom\u00e9stico [&hellip;]<\/p>\n","protected":false},"author":3,"featured_media":94319,"comment_status":"open","ping_status":"open","sticky":false,"template":"","format":"standard","meta":{"_monsterinsights_skip_tracking":false,"footnotes":""},"categories":[50],"tags":[],"class_list":["post-94318","post","type-post","status-publish","format-standard","has-post-thumbnail","category-congreso"],"_links":{"self":[{"href":"https:\/\/redsemlac.com\/semmexico\/wp-json\/wp\/v2\/posts\/94318","targetHints":{"allow":["GET"]}}],"collection":[{"href":"https:\/\/redsemlac.com\/semmexico\/wp-json\/wp\/v2\/posts"}],"about":[{"href":"https:\/\/redsemlac.com\/semmexico\/wp-json\/wp\/v2\/types\/post"}],"author":[{"embeddable":true,"href":"https:\/\/redsemlac.com\/semmexico\/wp-json\/wp\/v2\/users\/3"}],"replies":[{"embeddable":true,"href":"https:\/\/redsemlac.com\/semmexico\/wp-json\/wp\/v2\/comments?post=94318"}],"version-history":[{"count":0,"href":"https:\/\/redsemlac.com\/semmexico\/wp-json\/wp\/v2\/posts\/94318\/revisions"}],"wp:featuredmedia":[{"embeddable":true,"href":"https:\/\/redsemlac.com\/semmexico\/wp-json\/wp\/v2\/media\/94319"}],"wp:attachment":[{"href":"https:\/\/redsemlac.com\/semmexico\/wp-json\/wp\/v2\/media?parent=94318"}],"wp:term":[{"taxonomy":"category","embeddable":true,"href":"https:\/\/redsemlac.com\/semmexico\/wp-json\/wp\/v2\/categories?post=94318"},{"taxonomy":"post_tag","embeddable":true,"href":"https:\/\/redsemlac.com\/semmexico\/wp-json\/wp\/v2\/tags?post=94318"}],"curies":[{"name":"wp","href":"https:\/\/api.w.org\/{rel}","templated":true}]}}