{"id":94301,"date":"2025-04-02T09:17:38","date_gmt":"2025-04-02T15:17:38","guid":{"rendered":"https:\/\/redsemlac.com\/semmexico\/?p=94301"},"modified":"2025-04-02T09:17:39","modified_gmt":"2025-04-02T15:17:39","slug":"rosaura-zapata-fundo-la-educacion-para-ninos-y-ninas","status":"publish","type":"post","link":"https:\/\/redsemlac.com\/semmexico\/rosaura-zapata-fundo-la-educacion-para-ninos-y-ninas\/","title":{"rendered":"Rosaura Zapata, fund\u00f3 la educaci\u00f3n para ni\u00f1os y ni\u00f1as\u00a0"},"content":{"rendered":"\n<p class=\"wp-block-paragraph\">Arturo R\u00edos&nbsp;<\/p>\n\n\n\n<p class=\"wp-block-paragraph\">SemM\u00e9xico\/Ceprovysa\/ Megal\u00f3polis, Tlapa, Guerrero, 2 de abril, 2025.- La profesora Rosaura Zapata naci\u00f3 el 23 de noviembre de 1876 en La Paz, Baja California Sur , estudi\u00f3 en la Ciudad de M\u00e9xico en la Escuela Nacional de Maestros, obtuvo el t\u00edtulo de profesora de educaci\u00f3n primaria en 1899.<\/p>\n\n\n\n<p class=\"wp-block-paragraph\"><br>Realiz\u00f3 estudios en Psicolog\u00eda Educativa y Ciencias de la Educaci\u00f3n en la Universidad Nacional de M\u00e9xico. En 1902 obtuvo una beca para estudiar pedagog\u00eda en San Francisco y Nueva York.<\/p>\n\n\n\n<p class=\"wp-block-paragraph\"><br>En 1904 fue pionera en el establecimiento de los primeros jardines de ni\u00f1os en M\u00e9xico. Apoyada por Justo Sierra viaj\u00f3 a Alemania, Francia, B\u00e9lgica, Suiza e Inglaterra para visitar y conocer los sistemas de educaci\u00f3n preescolar creados por Johann Heinrich Pestalozzi y Friedrich Fr\u00f6bel.<\/p>\n\n\n\n<p class=\"wp-block-paragraph\"><br>De regreso en M\u00e9xico, continu\u00f3 con la promoci\u00f3n para instalar un mayor n\u00famero de jardines de ni\u00f1os. Fue profesora y directora de su alma mater. En 1928, fue inspectora general de los jardines de ni\u00f1os de la SEP.<\/p>\n\n\n\n<p class=\"wp-block-paragraph\"><br>A lo largo de su historia, la Medalla Belisario Dom\u00ednguez ha sido otorgada a 69 mexicanos, ocho de ellos de manera p\u00f3stuma. El primer galard\u00f3n se otorg\u00f3 a una mujer: Rosaura Zapata, pionera de los primeros jardines de ni\u00f1os en M\u00e9xico.<\/p>\n\n\n\n<p class=\"wp-block-paragraph\"><br>Por 50 a\u00f1os de labor educativa, la Maestra Zapata, obtuvo la Medalla Ignacio Manuel Altamirano, por su larga trayectoria como profesional pedag\u00f3gica. Una mujer incansable que dedic\u00f3 subida al magisterio cuya entrega la hizo reconocida y eternamente recordada.<\/p>\n","protected":false},"excerpt":{"rendered":"<p>Arturo R\u00edos&nbsp; SemM\u00e9xico\/Ceprovysa\/ Megal\u00f3polis, Tlapa, Guerrero, 2 de abril, 2025.- La profesora Rosaura Zapata naci\u00f3 el 23 de noviembre de 1876 en La Paz, Baja California Sur , estudi\u00f3 en la Ciudad de M\u00e9xico en la Escuela Nacional de Maestros, obtuvo el t\u00edtulo de profesora de educaci\u00f3n primaria en 1899. Realiz\u00f3 estudios en Psicolog\u00eda Educativa [&hellip;]<\/p>\n","protected":false},"author":3,"featured_media":94302,"comment_status":"open","ping_status":"open","sticky":false,"template":"","format":"standard","meta":{"_monsterinsights_skip_tracking":false,"footnotes":""},"categories":[748],"tags":[],"class_list":["post-94301","post","type-post","status-publish","format-standard","has-post-thumbnail","category-cultura-feminista"],"_links":{"self":[{"href":"https:\/\/redsemlac.com\/semmexico\/wp-json\/wp\/v2\/posts\/94301","targetHints":{"allow":["GET"]}}],"collection":[{"href":"https:\/\/redsemlac.com\/semmexico\/wp-json\/wp\/v2\/posts"}],"about":[{"href":"https:\/\/redsemlac.com\/semmexico\/wp-json\/wp\/v2\/types\/post"}],"author":[{"embeddable":true,"href":"https:\/\/redsemlac.com\/semmexico\/wp-json\/wp\/v2\/users\/3"}],"replies":[{"embeddable":true,"href":"https:\/\/redsemlac.com\/semmexico\/wp-json\/wp\/v2\/comments?post=94301"}],"version-history":[{"count":0,"href":"https:\/\/redsemlac.com\/semmexico\/wp-json\/wp\/v2\/posts\/94301\/revisions"}],"wp:featuredmedia":[{"embeddable":true,"href":"https:\/\/redsemlac.com\/semmexico\/wp-json\/wp\/v2\/media\/94302"}],"wp:attachment":[{"href":"https:\/\/redsemlac.com\/semmexico\/wp-json\/wp\/v2\/media?parent=94301"}],"wp:term":[{"taxonomy":"category","embeddable":true,"href":"https:\/\/redsemlac.com\/semmexico\/wp-json\/wp\/v2\/categories?post=94301"},{"taxonomy":"post_tag","embeddable":true,"href":"https:\/\/redsemlac.com\/semmexico\/wp-json\/wp\/v2\/tags?post=94301"}],"curies":[{"name":"wp","href":"https:\/\/api.w.org\/{rel}","templated":true}]}}