{"id":94294,"date":"2025-04-01T16:11:52","date_gmt":"2025-04-01T22:11:52","guid":{"rendered":"https:\/\/redsemlac.com\/semmexico\/?p=94294"},"modified":"2025-04-01T19:12:09","modified_gmt":"2025-04-02T01:12:09","slug":"piden-pena-maxima-de-60-anos-para-el-feminicida-de-cecilia-monzon-asesinada-en-2022","status":"publish","type":"post","link":"https:\/\/redsemlac.com\/semmexico\/piden-pena-maxima-de-60-anos-para-el-feminicida-de-cecilia-monzon-asesinada-en-2022\/","title":{"rendered":"Piden pena m\u00e1xima de 60 a\u00f1os para el feminicida de Cecilia Monz\u00f3n asesinada en 2022"},"content":{"rendered":"\n<p class=\"wp-block-paragraph\">Elda Montiel&nbsp;<\/p>\n\n\n\n<p class=\"wp-block-paragraph\">SemM\u00e9xico, Ciudad de M\u00e9xico, 1 de abril 2025.- Activistas, organizaciones de derechos humanos, mujeres pol\u00edticas y ciudadan\u00eda piden en un desplegado p\u00fablico al poder judicial de Puebla la pena m\u00e1xima de 60 a\u00f1os para Javier L\u00f3pez Zavala, feminicida de la activista de los derechos de las mujeres y abogada Cecilia Monz\u00f3n, ya que el pr\u00f3ximo viernes 4 de abril se inicia el proceso penal contra el feminicida.\u00a0\u00a0<\/p>\n\n\n\n<p class=\"wp-block-paragraph\">Demandan que no existan m\u00e1s dilaciones ni excusas en este proceso y exigen al Poder Judicial de Puebla&nbsp; act\u00fae con firmeza y se env\u00ede un mensaje claro: la violencia de g\u00e9nero no ser\u00e1 tolerada y quienes la perpet\u00faan enfrentar\u00e1n las consecuencias de sus actos. La vida de Cecilia y la de tantas mujeres que han sufrido violencia deben ser recordadas y defendidas con resoluciones a la altura.<\/p>\n\n\n\n<p class=\"wp-block-paragraph\">Refieren que despu\u00e9s de casi 3 a\u00f1os de su cruel asesinato, de dilaciones, movilizaciones y la creaci\u00f3n de una Ley que lleva su nombre, \u201cLey Monz\u00f3n\u201d; su feminicidio se volvi\u00f3 uno de los m\u00e1s emblem\u00e1ticos del pa\u00eds, por lo cual la resoluci\u00f3n debe representar un aporte a la justicia en M\u00e9xico.<\/p>\n\n\n\n<p class=\"wp-block-paragraph\">El Congreso de Puebla aprob\u00f3 en marzo del 2023 una reforma al C\u00f3digo Civil&nbsp; y Penal&nbsp; que suspende la patria potestad a posibles feminicidas y la quita si se confirman las sentencias. Debido que despu\u00e9s del asesinato de Cecilia Monz\u00f3n el 21 de mayo de 2022 activistas y organizaciones se plantearon la pregunta: \u00bfQu\u00e9 pasa con el menor cuyo padre es sospechoso de matar a su madre? El hijo de Cecilia tenia 4 a\u00f1os y quedo bajo custodia de su familia.&nbsp;<\/p>\n\n\n\n<p class=\"wp-block-paragraph\">Al momento de su asesinato Cecilia Monz\u00f3n enfrentaba un litigio por pensi\u00f3n alimenticia de su hijo en contra de Javier L\u00f3pez Zavala, ex secretario de gobernaci\u00f3n de Mario Mar\u00edn Torres y ex candidato a la gobernaci\u00f3n del mismo estado.&nbsp;<\/p>\n\n\n\n<p class=\"wp-block-paragraph\">El desplegado que circula en internet hace un llamado a activistas, organizaciones de derechos humanos, mujeres pol\u00edticas y a toda la ciudadan\u00eda a unirse en esta demanda de justicia para sumar firmas, por lo que estar\u00e1 disponible hasta el 3 de abril a las 12 horas en el link&nbsp; https:\/\/forms.gle\/yQyejSB8nF3PxUqj9<\/p>\n","protected":false},"excerpt":{"rendered":"<p>Elda Montiel&nbsp; SemM\u00e9xico, Ciudad de M\u00e9xico, 1 de abril 2025.- Activistas, organizaciones de derechos humanos, mujeres pol\u00edticas y ciudadan\u00eda piden en un desplegado p\u00fablico al poder judicial de Puebla la pena m\u00e1xima de 60 a\u00f1os para Javier L\u00f3pez Zavala, feminicida de la activista de los derechos de las mujeres y abogada Cecilia Monz\u00f3n, ya que [&hellip;]<\/p>\n","protected":false},"author":3,"featured_media":94295,"comment_status":"open","ping_status":"open","sticky":false,"template":"","format":"standard","meta":{"_monsterinsights_skip_tracking":false,"footnotes":""},"categories":[47,48],"tags":[],"class_list":["post-94294","post","type-post","status-publish","format-standard","has-post-thumbnail","category-no-mas-impunidad","category-no-mas-impunidad-no-mas-impunidad"],"_links":{"self":[{"href":"https:\/\/redsemlac.com\/semmexico\/wp-json\/wp\/v2\/posts\/94294","targetHints":{"allow":["GET"]}}],"collection":[{"href":"https:\/\/redsemlac.com\/semmexico\/wp-json\/wp\/v2\/posts"}],"about":[{"href":"https:\/\/redsemlac.com\/semmexico\/wp-json\/wp\/v2\/types\/post"}],"author":[{"embeddable":true,"href":"https:\/\/redsemlac.com\/semmexico\/wp-json\/wp\/v2\/users\/3"}],"replies":[{"embeddable":true,"href":"https:\/\/redsemlac.com\/semmexico\/wp-json\/wp\/v2\/comments?post=94294"}],"version-history":[{"count":0,"href":"https:\/\/redsemlac.com\/semmexico\/wp-json\/wp\/v2\/posts\/94294\/revisions"}],"wp:featuredmedia":[{"embeddable":true,"href":"https:\/\/redsemlac.com\/semmexico\/wp-json\/wp\/v2\/media\/94295"}],"wp:attachment":[{"href":"https:\/\/redsemlac.com\/semmexico\/wp-json\/wp\/v2\/media?parent=94294"}],"wp:term":[{"taxonomy":"category","embeddable":true,"href":"https:\/\/redsemlac.com\/semmexico\/wp-json\/wp\/v2\/categories?post=94294"},{"taxonomy":"post_tag","embeddable":true,"href":"https:\/\/redsemlac.com\/semmexico\/wp-json\/wp\/v2\/tags?post=94294"}],"curies":[{"name":"wp","href":"https:\/\/api.w.org\/{rel}","templated":true}]}}