{"id":94286,"date":"2025-04-01T18:06:13","date_gmt":"2025-04-02T00:06:13","guid":{"rendered":"https:\/\/redsemlac.com\/semmexico\/?p=94286"},"modified":"2025-04-01T18:06:13","modified_gmt":"2025-04-02T00:06:13","slug":"karla-planter-asume-la-rectoria-de-udeg-con-mensaje-feminista-y-refiriendose-a-la-violencia-que-vive-jalisco","status":"publish","type":"post","link":"https:\/\/redsemlac.com\/semmexico\/karla-planter-asume-la-rectoria-de-udeg-con-mensaje-feminista-y-refiriendose-a-la-violencia-que-vive-jalisco\/","title":{"rendered":"Karla Planter asume la rector\u00eda de UdeG con mensaje feminista y refiri\u00e9ndose a la violencia que vive Jalisco"},"content":{"rendered":"\n<p class=\"wp-block-paragraph\">Karla Alejandrina Planter P\u00e9rez es la primera mujer rectora de la Universidad de Guadalajara. Francisco Rodr\u00edguez\u00a0\/\u00a0El Occidental<\/p>\n\n\n\n<p class=\"wp-block-paragraph\">Al fin las mujeres ocupamos los espacios que por derecho natural y legal nos corresponden; ninguna mujer necesita ser una persona extraordinaria para desempe\u00f1ar la labor que desee,<\/p>\n\n\n\n<p class=\"wp-block-paragraph\">Karla Planter fue elegida el pasado 22 de noviembre de 2024 y su periodo como rectora se extender\u00e1 hasta el 31 de marzo de 2031<\/p>\n\n\n\n<p class=\"wp-block-paragraph\">Viridiana Saavedra\/ V\u00edctor Ch\u00e1vez<\/p>\n\n\n\n<p class=\"wp-block-paragraph\">SemM\u00e9xico\/ El Occidental (OEM), 1\u00ba.&nbsp; de&nbsp; abril, 2025.- Karla Alejandrina Planter P\u00e9rez es la primera mujer rectora de la Universidad de Guadalajara (UdeG), la segunda instituci\u00f3n de formaci\u00f3n profesional m\u00e1s importante en el pa\u00eds.<\/p>\n\n\n\n<p class=\"wp-block-paragraph\">Se dijo conocedora de la responsabilidad que asumi\u00f3 y del privilegio de estar al frente de la rector\u00eda, luego de 233 a\u00f1os de vida de la Universidad de Guadalajara y medio centenar de rectores varones que le antecedieron.<\/p>\n\n\n\n<p class=\"wp-block-paragraph\">\u201cAl fin las mujeres ocupamos los espacios que por derecho natural y legal nos corresponden, hoy es legislado, aceptado y promovido lo que para el sentido com\u00fan siempre ha sido obvio, que somos tan capaces o tan incapaces como cualquier ser humano y que en funci\u00f3n de ello es leg\u00edtimo y adem\u00e1s deseable nuestro acceso a posiciones laborales y de preeminencia p\u00fablica. En todo caso, se trata de que ninguna mujer necesite ser una persona extraordinaria para desempe\u00f1ar la labor que desee, no hay que olvidar que el talento profesional y el compromiso con los deberes que impone la vida van m\u00e1s all\u00e1 de las identidades de g\u00e9nero\u201d.<\/p>\n\n\n\n<p class=\"wp-block-paragraph\">Karla Planter fue elegida el pasado 22 de noviembre de 2024 y su periodo como rectora se extender\u00e1 hasta el 31 de marzo de 2031.<\/p>\n\n\n\n<p class=\"wp-block-paragraph\">\u201cCon esta decisi\u00f3n el Consejo General Universitario no busc\u00f3 simplemente estar a tono con la coyuntura como si se tratara de satisfacer a la opini\u00f3n p\u00fablica o de actuar con toda correcci\u00f3n pol\u00edtica. Dicen que es tiempo de mujeres, pero quienes conocen de historia saben que siempre ha sido tiempo de mujeres, siempre hemos estado presentes en lo \u00edntimo y en lo p\u00fablico, en lo pol\u00edtico y en lo cultural, muchas veces de manera silenciosa y callada, aunque no por ello menos eficaz y otras de forma destacada y ostensible\u201d.<\/p>\n\n\n\n<p class=\"wp-block-paragraph\">Es Maestra en Ciencias Pol\u00edticas, con m\u00e1s de 30 a\u00f1os de trayectoria en la docencia y m\u00e1s de 15 a\u00f1os en los medios de comunicaci\u00f3n, principalmente de la propia UdeG.<\/p>\n\n\n\n<p class=\"wp-block-paragraph\">Dicha experiencia, le permiti\u00f3 en su mensaje como la primera rectora hablar de la situaci\u00f3n que vive M\u00e9xico, en materia de justicia, libertad , felicidad y el olvido de tradiciones.<\/p>\n\n\n\n<figure class=\"wp-block-image size-large\"><a href=\"https:\/\/redsemlac.com\/semmexico\/wp-content\/uploads\/2025\/04\/karla-alejandrina-03.png\"><img loading=\"lazy\" decoding=\"async\" width=\"1024\" height=\"576\" src=\"https:\/\/redsemlac.com\/semmexico\/wp-content\/uploads\/2025\/04\/karla-alejandrina-03-1024x576.png\" alt=\"\" class=\"wp-image-94287\" srcset=\"https:\/\/redsemlac.com\/semmexico\/wp-content\/uploads\/2025\/04\/karla-alejandrina-03-1024x576.png 1024w, https:\/\/redsemlac.com\/semmexico\/wp-content\/uploads\/2025\/04\/karla-alejandrina-03-300x169.png 300w, https:\/\/redsemlac.com\/semmexico\/wp-content\/uploads\/2025\/04\/karla-alejandrina-03-768x432.png 768w, https:\/\/redsemlac.com\/semmexico\/wp-content\/uploads\/2025\/04\/karla-alejandrina-03-150x84.png 150w, https:\/\/redsemlac.com\/semmexico\/wp-content\/uploads\/2025\/04\/karla-alejandrina-03-696x392.png 696w, https:\/\/redsemlac.com\/semmexico\/wp-content\/uploads\/2025\/04\/karla-alejandrina-03-1068x601.png 1068w, https:\/\/redsemlac.com\/semmexico\/wp-content\/uploads\/2025\/04\/karla-alejandrina-03.png 1200w\" sizes=\"auto, (max-width: 1024px) 100vw, 1024px\" \/><\/a><\/figure>\n\n\n\n<p class=\"wp-block-paragraph\">Hizo una invitaci\u00f3n a razonar la manera de actuar de la sociedad y aprender a gestionar las diferencias sin suprimirlas y contrarrestar el autoritarismo, independientemente de lo que llam\u00f3 \u201cfascismos de izquierda y de derecha\u201d<\/p>\n\n\n\n<p class=\"wp-block-paragraph\">Planter se refiri\u00f3 a los problemas sociales que afectan a Jalisco e hizo \u00e9nfasis en las desapariciones forzadas, en particular al caso Teuchitl\u00e1n. Francisco Rodr\u00edguez&nbsp;\/&nbsp;El Occidental<\/p>\n\n\n\n<p class=\"wp-block-paragraph\">\u201cNecesitamos reconstruir nuestra capacidad de juicio cr\u00edtico y reflexivo, solo as\u00ed podremos tener el coraje moral que nos permita controlar las fuerzas hist\u00f3ricas que hemos desatado y que est\u00e1n destruyendo a la naturaleza y provocando graves desequilibrios sociales y econ\u00f3micos, as\u00ed como altos riesgos geopol\u00edticos\u201d.<\/p>\n\n\n\n<p class=\"wp-block-paragraph\">Se refiri\u00f3 a los problemas sociales que afectan a Jalisco e hizo \u00e9nfasis en las desapariciones forzadas, en particular al caso Teuchitl\u00e1n, que reflejan c\u00f3mo \u201cla barbarie y el exterminio nos acechan\u201d y pidi\u00f3 atenderse con humildad y sentido patri\u00f3tico.<\/p>\n\n\n\n<p class=\"wp-block-paragraph\">\u201cHacemos votos para que los agravios se resuelvan conforme a la verdad, lo que dicta la ley y el respeto a la justicia, la dignidad y los derechos humanos\u201d.<\/p>\n\n\n\n<p class=\"wp-block-paragraph\">Respecto al Auditorio Telmex, donde rindi\u00f3 protesta como la primera mujer rectora y donde el pasado 29 de marzo un grupo musical hizo apolog\u00eda del delito, refrend\u00f3 que los contratos de renta de cualquier recinto perteneciente a la UdeG obligar\u00e1 a arrendatarios a no fomentar discursos que promuevan la violencia.<\/p>\n\n\n\n<p class=\"wp-block-paragraph\">\u201cEn la Universidad de Guadalajara estamos absolutamente comprometidos con la cultura de la paz\u201d.<\/p>\n\n\n\n<p class=\"wp-block-paragraph\"><strong><em>UN D\u00cdA ANTES: Vamos a refrendar nuestro compromiso con la ciudadan\u00eda: Karla Planter, rectora electa de UdeG<\/em><\/strong><\/p>\n\n\n\n<p class=\"wp-block-paragraph\">\u201cHaremos equipo y seguiremos bajo el lema del buen trato no cuesta nada\u201d, indic\u00f3 la rectora electa Karla Alejandrina Planter.<\/p>\n\n\n\n<figure class=\"wp-block-image size-large\"><a href=\"https:\/\/redsemlac.com\/semmexico\/wp-content\/uploads\/2025\/04\/karla-alejandrina-03.png\"><img loading=\"lazy\" decoding=\"async\" width=\"1024\" height=\"576\" src=\"https:\/\/redsemlac.com\/semmexico\/wp-content\/uploads\/2025\/04\/karla-alejandrina-03-1024x576.png\" alt=\"\" class=\"wp-image-94287\" srcset=\"https:\/\/redsemlac.com\/semmexico\/wp-content\/uploads\/2025\/04\/karla-alejandrina-03-1024x576.png 1024w, https:\/\/redsemlac.com\/semmexico\/wp-content\/uploads\/2025\/04\/karla-alejandrina-03-300x169.png 300w, https:\/\/redsemlac.com\/semmexico\/wp-content\/uploads\/2025\/04\/karla-alejandrina-03-768x432.png 768w, https:\/\/redsemlac.com\/semmexico\/wp-content\/uploads\/2025\/04\/karla-alejandrina-03-150x84.png 150w, https:\/\/redsemlac.com\/semmexico\/wp-content\/uploads\/2025\/04\/karla-alejandrina-03-696x392.png 696w, https:\/\/redsemlac.com\/semmexico\/wp-content\/uploads\/2025\/04\/karla-alejandrina-03-1068x601.png 1068w, https:\/\/redsemlac.com\/semmexico\/wp-content\/uploads\/2025\/04\/karla-alejandrina-03.png 1200w\" sizes=\"auto, (max-width: 1024px) 100vw, 1024px\" \/><\/a><\/figure>\n\n\n\n<p class=\"wp-block-paragraph\">Karla Planter asumir\u00e1 la rector\u00eda de la M\u00e1xima Casa de Estudios del 1 de abril de 2025 al 31 de marzo de 2031.\u00a0Foto: @rvillanueval\u00a0\/\u00a0X<\/p>\n\n\n\n<p class=\"wp-block-paragraph\">Inici\u00f3 el&nbsp;proceso de entrega-recepci\u00f3n entre el rector de la Universidad de Guadalajara, Ricardo Villanueva Lomel\u00ed, y la rectora electa Karla Planter, que en unas horas asumir\u00e1 oficialmente el cargo.&nbsp;Ella adelant\u00f3 que llega con objetivos bien trazados: \u201cRefrendar nuestro compromiso con la instituci\u00f3n, con la comunidad; rendiremos cuentas, haremos equipo y seguiremos bajo el lema del buen trato no cuesta nada\u201d.<\/p>\n\n\n\n<p class=\"wp-block-paragraph\">La maestra Karla Alejandrina Planter P\u00e9rez asumir\u00e1 este cargo del 1 de abril de 2025 al 31 de marzo de 2031.<\/p>\n\n\n\n<p class=\"wp-block-paragraph\">Se reunieron en las oficinas semi vac\u00edas de la Rector\u00eda General, de donde Ricardo Villanueva Lomel\u00ed se llev\u00f3 sus cosas personas hace unos d\u00edas. \u00c9l aprovech\u00f3 el momento para una vez m\u00e1s agradecer a su equipo el trabajo realizado durante su administraci\u00f3n, y destac\u00f3 que adelantar el proceso de sucesi\u00f3n permiti\u00f3 analizar diversos aspectos durante cinco meses, tales como los retos y agendas pendientes.<\/p>\n\n\n\n<p class=\"wp-block-paragraph\">La entrega-recepci\u00f3n se realiz\u00f3 ante la presencia del maestro Alfredo Najar Fuentes, Contralor General de esta Casa de Estudio y de la maestra Ver\u00f3nica Leal Campos, de la Notar\u00eda 19 de San Pedro Tlaquepaque.<\/p>\n\n\n\n<p class=\"wp-block-paragraph\">\u201cHay cosas que en mi informe dije que avanzamos, pero sin duda hay muchos retos que no se alcanzaron a concretar. Te dejo miles de pendientes, que ya te tocar\u00e1n a ti. Te deseo todo el \u00e9xito y estoy feliz de entregar la universidad a alguien como t\u00fa\u201d, expres\u00f3 Villanueva Lomel\u00ed a la maestra Karla Planter.<\/p>\n\n\n\n<p class=\"wp-block-paragraph\">Karla Planter, rectora electa, por su parte resalt\u00f3 el liderazgo de Villanueva Lomel\u00ed para llegar a este momento, \u201cfuertes, en paz, con transparencia y con todas las cosas en orden\u201d.<\/p>\n\n\n\n<p class=\"wp-block-paragraph\">Ella coment\u00f3 que recibe una instituci\u00f3n conpendientes como en su momento Ricardo Villanueva la recibi\u00f3. \u201cEsto se est\u00e1 construyendo, nunca hay un fin, siempre hay m\u00e1s por hacer; pero lo que se hizo bajo tu administraci\u00f3n, sin duda, fue much\u00edsimo, y est\u00e1 registrado. Nosotros no haremos m\u00e1s que cumplir la norma, refrendar nuestro compromiso con la instituci\u00f3n, con la comunidad; rendiremos cuentas, haremos equipo y seguiremos bajo el lema del buen trato no cuesta nada\u201d, apunt\u00f3 Karla Planter.<\/p>\n","protected":false},"excerpt":{"rendered":"<p>Karla Alejandrina Planter P\u00e9rez es la primera mujer rectora de la Universidad de Guadalajara. Francisco Rodr\u00edguez\u00a0\/\u00a0El Occidental Al fin las mujeres ocupamos los espacios que por derecho natural y legal nos corresponden; ninguna mujer necesita ser una persona extraordinaria para desempe\u00f1ar la labor que desee, Karla Planter fue elegida el pasado 22 de noviembre de [&hellip;]<\/p>\n","protected":false},"author":3,"featured_media":94288,"comment_status":"open","ping_status":"open","sticky":false,"template":"","format":"standard","meta":{"_monsterinsights_skip_tracking":false,"footnotes":""},"categories":[694],"tags":[],"class_list":["post-94286","post","type-post","status-publish","format-standard","has-post-thumbnail","category-destacadas"],"_links":{"self":[{"href":"https:\/\/redsemlac.com\/semmexico\/wp-json\/wp\/v2\/posts\/94286","targetHints":{"allow":["GET"]}}],"collection":[{"href":"https:\/\/redsemlac.com\/semmexico\/wp-json\/wp\/v2\/posts"}],"about":[{"href":"https:\/\/redsemlac.com\/semmexico\/wp-json\/wp\/v2\/types\/post"}],"author":[{"embeddable":true,"href":"https:\/\/redsemlac.com\/semmexico\/wp-json\/wp\/v2\/users\/3"}],"replies":[{"embeddable":true,"href":"https:\/\/redsemlac.com\/semmexico\/wp-json\/wp\/v2\/comments?post=94286"}],"version-history":[{"count":0,"href":"https:\/\/redsemlac.com\/semmexico\/wp-json\/wp\/v2\/posts\/94286\/revisions"}],"wp:featuredmedia":[{"embeddable":true,"href":"https:\/\/redsemlac.com\/semmexico\/wp-json\/wp\/v2\/media\/94288"}],"wp:attachment":[{"href":"https:\/\/redsemlac.com\/semmexico\/wp-json\/wp\/v2\/media?parent=94286"}],"wp:term":[{"taxonomy":"category","embeddable":true,"href":"https:\/\/redsemlac.com\/semmexico\/wp-json\/wp\/v2\/categories?post=94286"},{"taxonomy":"post_tag","embeddable":true,"href":"https:\/\/redsemlac.com\/semmexico\/wp-json\/wp\/v2\/tags?post=94286"}],"curies":[{"name":"wp","href":"https:\/\/api.w.org\/{rel}","templated":true}]}}