{"id":94283,"date":"2025-04-01T17:49:52","date_gmt":"2025-04-01T23:49:52","guid":{"rendered":"https:\/\/redsemlac.com\/semmexico\/?p=94283"},"modified":"2025-04-01T17:49:53","modified_gmt":"2025-04-01T23:49:53","slug":"despues-de-233-anos-y-50-rectores-varones-la-udeg-tiene-su-primera-rectora-y-es-karla-planter","status":"publish","type":"post","link":"https:\/\/redsemlac.com\/semmexico\/despues-de-233-anos-y-50-rectores-varones-la-udeg-tiene-su-primera-rectora-y-es-karla-planter\/","title":{"rendered":"Despu\u00e9s de 233 a\u00f1os y 50 rectores varones, la UdeG tiene su primera rectora y es Karla Planter\u00a0"},"content":{"rendered":"\n<p class=\"wp-block-paragraph\"><strong><\/strong>Karla Planter es Maestra en Ciencias Pol\u00edticas, con m\u00e1s de 30 a\u00f1os de trayectoria en la docencia. Foto: Universidad de Guadalajara&nbsp;\/&nbsp;Facebook<\/p>\n\n\n\n<p class=\"wp-block-paragraph\">Prometi\u00f3 Red de Hospitales Escuela cercanos a cada centro, Vallarta ser\u00e1 el primero<\/p>\n\n\n\n<p class=\"wp-block-paragraph\">Viridiana Saavedra<\/p>\n\n\n\n<p class=\"wp-block-paragraph\">SemM\u00e9xico\/El Occidental,(OEM), 1\u00ba. de&nbsp; abril, 2025.- Karla Alejandrina Planter P\u00e9rez&nbsp;es la primera mujer en ocupar el cargo como&nbsp;rectora general desde que la Universidad de Guadalajara fue fundada en 1792.&nbsp;<\/p>\n\n\n\n<p class=\"wp-block-paragraph\">Desde la reapertura impulsada por el gobernador Guadalupe Zuno ya solo como Universidad de Guadalajara en 1925 -hace 100 a\u00f1os- han pasado 50 rectores, todos hombres, y ella es la primera mujer. En su mensaje inicial, se dijo conocedora de la responsabilidad que asumi\u00f3 y del privilegio de estar al frente de la rector\u00eda.<\/p>\n\n\n\n<p class=\"wp-block-paragraph\">\u201cAl fin las mujeres ocupamos los espacios que por derecho natural y legal nos corresponden, hoy es legislado, aceptado y promovido lo que para el sentido com\u00fan siempre ha sido obvio, que somos tan capaces o tan incapaces como cualquier ser humano y que en funci\u00f3n de ello es leg\u00edtimo y adem\u00e1s deseable nuestro acceso a posiciones laborales y de preeminencia p\u00fablica. En todo caso, se trata de que ninguna mujer necesite ser una persona extraordinaria para desempe\u00f1ar la labor que desee, no hay que olvidar que el talento profesional y el compromiso con los deberes que impone la vida van m\u00e1s all\u00e1 de las identidades de g\u00e9nero\u201d.<\/p>\n\n\n\n<p class=\"wp-block-paragraph\">Karla Planter fue elegida desde el pasado 22 de noviembre de 2024 y su periodo como rectora que inici\u00f3 el 01 de abril del 2025 se extender\u00e1 hasta el 31 de marzo de 2031.<\/p>\n\n\n\n<p class=\"wp-block-paragraph\">\u201cCon esta decisi\u00f3n el Consejo General Universitario no busc\u00f3 simplemente estar a tono con la coyuntura como si se tratara de satisfacer a la opini\u00f3n p\u00fablica o de actuar con toda correcci\u00f3n pol\u00edtica. Dicen que es tiempo de mujeres, pero quienes conocen de historia saben que siempre ha sido tiempo de mujeres, siempre hemos estado presentes en lo \u00edntimo y en lo p\u00fablico, en lo pol\u00edtico y en lo cultural, muchas veces de manera silenciosa y callada, aunque no por ello menos eficaz y otras de forma destacada y ostensible\u201d.<\/p>\n\n\n\n<p class=\"wp-block-paragraph\">Es Maestra en Ciencias Pol\u00edticas, con m\u00e1s de 30 a\u00f1os de trayectoria en la docencia y m\u00e1s de 15 a\u00f1os en los medios de comunicaci\u00f3n, principalmente de la propia UdeG.<\/p>\n\n\n\n<p class=\"wp-block-paragraph\">Dicha experiencia, le permiti\u00f3 en su mensaje como la primera rectora hablar de la situaci\u00f3n que vive M\u00e9xico, en materia de justicia, libertad, felicidad y el olvido de tradiciones.<\/p>\n\n\n\n<p class=\"wp-block-paragraph\">Hizo una invitaci\u00f3n a razonar la manera de actuar de la sociedad y aprender a gestionar las diferencias sin suprimirlas y contrarrestar el autoritarismo, independientemente de lo que llam\u00f3 \u201cfascismos de izquierda y de derecha\u201d.<\/p>\n\n\n\n<p class=\"wp-block-paragraph\">\u201cNecesitamos reconstruir nuestra capacidad de juicio cr\u00edtico y reflexivo, solo as\u00ed podremos tener el coraje moral que nos permita controlar las fuerzas hist\u00f3ricas que hemos desatado y que est\u00e1n destruyendo a la naturaleza y provocando graves desequilibrios sociales y econ\u00f3micos, as\u00ed como altos riesgos geopol\u00edticos\u201d.<\/p>\n\n\n\n<p class=\"wp-block-paragraph\">Se refiri\u00f3 a los problemas sociales que afectan a Jalisco e hizo \u00e9nfasis en las desapariciones forzadas, en particular al caso Teuchitl\u00e1n, que reflejan c\u00f3mo \u201cla barbarie y el exterminio nos acechan\u201d y pidi\u00f3 atenderse con humildad y sentido patri\u00f3tico.<\/p>\n\n\n\n<p class=\"wp-block-paragraph\">\u201cHacemos votos para que los agravios se resuelvan conforme a la verdad, lo que dicta la ley y el respeto a la justicia, la dignidad y los derechos humanos\u201d.<\/p>\n\n\n\n<p class=\"wp-block-paragraph\">Respecto al Auditorio Telmex, donde rindi\u00f3 protesta como la primera mujer rectora y donde el pasado 29 de marzo&nbsp;un grupo musical hizo apolog\u00eda del delito, refrend\u00f3 que los contratos de renta de cualquier recinto perteneciente a la UdeG obligar\u00e1 a arrendatarios a no fomentar discursos que promuevan la violencia.<\/p>\n\n\n\n<p class=\"wp-block-paragraph\"><strong><em>\u201cEn la Universidad de Guadalajara estamos absolutamente comprometidos con la cultura de la paz<\/em><\/strong><strong>\u201d.<\/strong><\/p>\n\n\n\n<p class=\"wp-block-paragraph\">Durante la rector\u00eda de Karla Planter, al frente de la Secretar\u00eda General de la UdeG estar\u00e1 C\u00e9sar Antonio Barba Delgadillo, quien fue presidente de la Federaci\u00f3n Estudiantil Universitaria (FEU); en la Vicerrector\u00eda Adjunta Acad\u00e9mica y de Investigaci\u00f3n, Jaime Federico Andrade Villanueva, quien fungi\u00f3 como director de los Hospitales Civiles de Guadalajara y en la Vicerrector\u00eda Adjunta Administrativa Mar\u00eda Guadalupe Cid Escobedo, integrante de la Red de Mujeres en las TIC y quien se ha desempe\u00f1ado como Coordinadora de Servicios Administrativos en Infraestructura Tecnol\u00f3gica de la UdeG.<\/p>\n\n\n\n<p class=\"wp-block-paragraph\"><strong><em>Karla Planter impulsar\u00e1 la Red de Hospitales Civiles<\/em><\/strong><\/p>\n\n\n\n<p class=\"wp-block-paragraph\">Anunci\u00f3 adem\u00e1s que desde la Universidad de Guadalajara impulsar\u00e1n la Red de Hospitales Civiles para consolidarla como ya sucedi\u00f3 con la Red Universitaria, en coordinaci\u00f3n con el gobierno estatal.<\/p>\n\n\n\n<p class=\"wp-block-paragraph\">El pr\u00f3ximo hospital por construirse ser\u00e1 en Puerto Vallarta, adjunto al Centro Universitario de la Costa, para que funcione como hospital escuela.<\/p>\n\n\n\n<p class=\"wp-block-paragraph\">En su mensaje estuvo acompa\u00f1ada del gobernador, Pablo Lemus Navarro, qui\u00e9n se comprometi\u00f3 a fortalecer con recursos, los programas que tiene la UdeG, como la Feria Internacional del Libro (FIL), el Festival Internacional de Cine de Guadalajara y Papirolas.<\/p>\n\n\n\n<p class=\"wp-block-paragraph\">Al asumir como rectora, se comprometi\u00f3 a trabajar de manera coordinada con los diferentes niveles de gobierno. Karla Planter fue elegida el pasado 22 de noviembre de 2024 y su periodo como rectora se extender\u00e1 &nbsp;hasta el 31 de marzo de 2031.<\/p>\n\n\n\n<p class=\"wp-block-paragraph\">\u00a9&nbsp;2025&nbsp;Organizaci\u00f3n Editorial Mexicana<\/p>\n","protected":false},"excerpt":{"rendered":"<p>Karla Planter es Maestra en Ciencias Pol\u00edticas, con m\u00e1s de 30 a\u00f1os de trayectoria en la docencia. Foto: Universidad de Guadalajara&nbsp;\/&nbsp;Facebook Prometi\u00f3 Red de Hospitales Escuela cercanos a cada centro, Vallarta ser\u00e1 el primero Viridiana Saavedra SemM\u00e9xico\/El Occidental,(OEM), 1\u00ba. de&nbsp; abril, 2025.- Karla Alejandrina Planter P\u00e9rez&nbsp;es la primera mujer en ocupar el cargo como&nbsp;rectora general [&hellip;]<\/p>\n","protected":false},"author":3,"featured_media":94284,"comment_status":"open","ping_status":"open","sticky":false,"template":"","format":"standard","meta":{"_monsterinsights_skip_tracking":false,"footnotes":""},"categories":[694],"tags":[],"class_list":["post-94283","post","type-post","status-publish","format-standard","has-post-thumbnail","category-destacadas"],"_links":{"self":[{"href":"https:\/\/redsemlac.com\/semmexico\/wp-json\/wp\/v2\/posts\/94283","targetHints":{"allow":["GET"]}}],"collection":[{"href":"https:\/\/redsemlac.com\/semmexico\/wp-json\/wp\/v2\/posts"}],"about":[{"href":"https:\/\/redsemlac.com\/semmexico\/wp-json\/wp\/v2\/types\/post"}],"author":[{"embeddable":true,"href":"https:\/\/redsemlac.com\/semmexico\/wp-json\/wp\/v2\/users\/3"}],"replies":[{"embeddable":true,"href":"https:\/\/redsemlac.com\/semmexico\/wp-json\/wp\/v2\/comments?post=94283"}],"version-history":[{"count":0,"href":"https:\/\/redsemlac.com\/semmexico\/wp-json\/wp\/v2\/posts\/94283\/revisions"}],"wp:featuredmedia":[{"embeddable":true,"href":"https:\/\/redsemlac.com\/semmexico\/wp-json\/wp\/v2\/media\/94284"}],"wp:attachment":[{"href":"https:\/\/redsemlac.com\/semmexico\/wp-json\/wp\/v2\/media?parent=94283"}],"wp:term":[{"taxonomy":"category","embeddable":true,"href":"https:\/\/redsemlac.com\/semmexico\/wp-json\/wp\/v2\/categories?post=94283"},{"taxonomy":"post_tag","embeddable":true,"href":"https:\/\/redsemlac.com\/semmexico\/wp-json\/wp\/v2\/tags?post=94283"}],"curies":[{"name":"wp","href":"https:\/\/api.w.org\/{rel}","templated":true}]}}