{"id":94279,"date":"2025-04-01T08:36:57","date_gmt":"2025-04-01T14:36:57","guid":{"rendered":"https:\/\/redsemlac.com\/semmexico\/?p=94279"},"modified":"2025-04-01T08:36:58","modified_gmt":"2025-04-01T14:36:58","slug":"tras-la-puerta-del-poder-si-putin-y-xi-jinping-lo-han-logrado-por-que-el-no-trump-analiza-un-tercer-mandato","status":"publish","type":"post","link":"https:\/\/redsemlac.com\/semmexico\/tras-la-puerta-del-poder-si-putin-y-xi-jinping-lo-han-logrado-por-que-el-no-trump-analiza-un-tercer-mandato\/","title":{"rendered":"\u00a0Tras la puerta del poder |  Si Putin y Xi Jinping lo han logrado, \u00bfpor qu\u00e9 \u00e9l no?; Trump analiza un tercer mandato\u00a0\u00a0 \u00a0\u00a0"},"content":{"rendered":"\n<p class=\"wp-block-paragraph\">&nbsp;Roberto Vizca\u00edno<\/p>\n\n\n\n<p class=\"wp-block-paragraph\">SemM\u00e9xico, Cd. de M\u00e9xico, 1\u00ba. de&nbsp; Abril, 2025.- Durante su larga campa\u00f1a de regreso a la Casa Blanca -entre el 7 de noviembre de 2020 que perdi\u00f3 la reelecci\u00f3n ante&nbsp;<strong>Joe Biden<\/strong>, al 5 de noviembre de 2024 que recibi\u00f3 un voto abrumador del regreso-,&nbsp;<strong>Donald Trump<\/strong>&nbsp;dijo buscar una transformaci\u00f3n a fondo de EU.<\/p>\n\n\n\n<p class=\"wp-block-paragraph\">Como en sus largu\u00edsimas de 3 presidenciales lo hizo ac\u00e1 y aqu\u00ed con su cuarta transformaci\u00f3n.<\/p>\n\n\n\n<p class=\"wp-block-paragraph\">En EU el magnate plante\u00f3 y prometi\u00f3 muchas cosas que ciudadanos y expertos consideraron locuras e imprudencias inviables que ahora comienzan a ser realidad.<\/p>\n\n\n\n<p class=\"wp-block-paragraph\">Bajo la idea del&nbsp;<strong>MAGA<\/strong>&nbsp;&#8211;<em>Make America Great Again<\/em>&nbsp;(Haz a los Estados Unidos grande otra vez \/ Que Estados Unidos vuelva a ser grande), Trump anunci\u00f3 desde entonces que impondr\u00eda aranceles a todo el mundo; que echar\u00eda fuera a 10 millones de migrantes; que se anexar\u00eda a Canad\u00e1, Groenlandia; que extinguir\u00eda a los carteles de la droga en M\u00e9xico; que\u2026 etc-etc<\/p>\n\n\n\n<p class=\"wp-block-paragraph\">Y ah\u00ed la lleva.<\/p>\n\n\n\n<p class=\"wp-block-paragraph\">Y entre otras cosas que nadie pel\u00f3 entonces, porque no pocos creen que es inviable, es que, como seg\u00fan \u00e9l&nbsp;<strong>Joe Biden<\/strong>&nbsp;le rob\u00f3 la presidencia, entonces&nbsp;<strong><em>ir\u00eda por un tercer mandato<\/em><\/strong>. &nbsp;<\/p>\n\n\n\n<p class=\"wp-block-paragraph\">Una idea con la que jug\u00f3 una y otra vez, luego de preguntas que se consideraron \u201c<em>inducidas<\/em>\u201d.<\/p>\n\n\n\n<p class=\"wp-block-paragraph\">Y, bueno, el domingo lo volvi\u00f3 a hacer. Solo que ahora \u00e9l es de nuevo presidente de los Estados Unidos y tiene el control de mayor\u00edas en el Senado y la C\u00e1mara de Representantes y el respaldo de grandes segmentos de la poblaci\u00f3n.<\/p>\n\n\n\n<p class=\"wp-block-paragraph\">Su fundamento para realizar lo que est\u00e1 haciendo, es que el voto de los ciudadanos le dieron \u201cun mandato\u201d para hacerlo.<\/p>\n\n\n\n<p class=\"wp-block-paragraph\">Ahora -en una entrevista telef\u00f3nica con&nbsp;<strong>Kristen Welker de NBC&nbsp; interrogado sobre<\/strong>&nbsp;la posibilidad de buscar&nbsp;<strong>un tercer mandato<\/strong>&nbsp;-, dijo: \u00ab<strong>no bromeo<\/strong>\u00ab\u2026<\/p>\n\n\n\n<p class=\"wp-block-paragraph\">\u00abHay m\u00e9todos con los cuales podr\u00eda hacerse\u2026\u00bb, al negarse a aclarar cu\u00e1les son estos m\u00e9todos.<\/p>\n\n\n\n<p class=\"wp-block-paragraph\">Con 78 a\u00f1os, Trump estar\u00eda compitiendo por ese tercere per\u00edodo a los 82 a\u00f1os y siempre que el Congreso reforme la Constituci\u00f3n con las dos terceras partes de senadores y representantes.<\/p>\n\n\n\n<p class=\"wp-block-paragraph\">Ahora afirma:<\/p>\n\n\n\n<p class=\"wp-block-paragraph\">\u00abMucha gente quiere que haga esto\u00bb\u2026 pero, b\u00e1sicamente les digo que&nbsp;<strong>tenemos un largo camino<\/strong>&nbsp;por delante, saben, es muy pronto en la Administraci\u00f3n\u00bb, subray\u00f3.<\/p>\n\n\n\n<p class=\"wp-block-paragraph\"><strong>Un mecanismo que se ha planteado, es que&nbsp; su vicepresidente JD Vance se postulara para el cargo principal y \u00abluego le pasara el cargo<\/strong>\u00ab.<\/p>\n\n\n\n<p class=\"wp-block-paragraph\">Una m\u00e1s es que acudiera al m\u00e9todo&nbsp;<strong>Putin- Dimitri Medv\u00e9dev: \u2018<\/strong><strong><em>me suples y luego voy yo de nuevo\u2019.<\/em><\/strong><\/p>\n\n\n\n<p class=\"wp-block-paragraph\">Interrogado sobre esta posibilidad Trump respondi\u00f3: \u00abbueno,&nbsp;<strong>esa es una\u2026 pero hay otras tambi\u00e9n\u2026 hay otras\u00bb.<\/strong><\/p>\n\n\n\n<p class=\"wp-block-paragraph\">Hay un pero constitucional para que lo logre: que la 22\u00aa Enmienda (o reforma), a\u00f1adida a la Constituci\u00f3n en 1951, luego de que&nbsp;<strong>Franklin D. Roosevelt<\/strong>&nbsp;fuese elegido por 4 ocasiones seguidas debido a su rol dentro de la segunda Guerra Mundial, indica que nadie ser\u00e1 elegido para el cargo m\u00e1s de dos veces\u00bb.<\/p>\n\n\n\n<p class=\"wp-block-paragraph\">Ha trascendido entre los suyos que&nbsp;<strong>Trump<\/strong>&nbsp;buscar\u00eda realizar una encuesta nacional para lograr esa nueva enmienda constitucional que le permitir\u00eda un tercer mandato en 2029<\/p>\n\n\n\n<p class=\"wp-block-paragraph\">\u00c9l dice contar con \u00ablos n\u00fameros de encuestas m\u00e1s altos de cualquier republicano en los \u00faltimos 100 a\u00f1os\u00bb.<\/p>\n\n\n\n<p class=\"wp-block-paragraph\">Hoy ha quedado en claro que existe en \u00e9l la idea de ir a un tercer mandato y que ya trabajan internamente para buscar el \u201cc\u00f3mo\u201d lo puede lograr.<\/p>\n\n\n\n<p class=\"wp-block-paragraph\">\u00bfCree Usted que&nbsp;<strong>Trump<\/strong>&nbsp;est\u00e1&nbsp;<strong><em>chiflado? \u00bfQu\u00e9 no lo lograr\u00eda?<\/em><\/strong><\/p>\n\n\n\n<p class=\"wp-block-paragraph\">Le recuerdo que as\u00ed se pensaba entre analistas y pol\u00edticos y otros muchos desde que en 2015 anunci\u00f3 que ir\u00eda por la Presidencia de los EU sin tener la menor experiencia ni carrera pol\u00edtica para ello.<\/p>\n\n\n\n<p class=\"wp-block-paragraph\"><strong>\u201cNO ME IMPORTA SI SUBEN PRECIOS CON LOS ARANCELES\u201d: TRUMP<\/strong><\/p>\n\n\n\n<p class=\"wp-block-paragraph\">Una de las ideas extendidas sobre las decisiones extremas del magnate es que, tiene l\u00edmites, y que los poderes internos en EU lo van a detener.<\/p>\n\n\n\n<p class=\"wp-block-paragraph\">Hasta ahora eso no ha ocurrido.<\/p>\n\n\n\n<p class=\"wp-block-paragraph\">Y a quienes afirman que sus aranceles a los primeros que van a golpear es a sus empresarios, sus inversiones y a sus ciudadanos y votantes.<\/p>\n\n\n\n<p class=\"wp-block-paragraph\">A todos ellos&nbsp;<strong>Trump&nbsp;<\/strong>les dijo el domingo:<\/p>\n\n\n\n<p class=\"wp-block-paragraph\">\u201cNo me importa, me da igual si suben precios de autos por arancel\u2026 me importa un bledo si suben los precios porque la gente empezar\u00e1 a comprar autos estadounidenses\u2026<\/p>\n\n\n\n<p class=\"wp-block-paragraph\">\u00abEspero que (los productores) suban sus precios, porque si lo hacen, la gente comprar\u00e1 autos fabricados en Estados Unidos\u00bb, insisti\u00f3.<\/p>\n\n\n\n<p class=\"wp-block-paragraph\">Los aranceles del 25% de&nbsp;<strong>Trump<\/strong>&nbsp;a autos y otros veh\u00edculos importados repercutir\u00e1 en un mercado de aproximadamente 16 millones de veh\u00edculos vendidos en EU cada a\u00f1o que representan unos 240 mil millones de d\u00f3lares. Y desde el s\u00e1bado 3 de mayo estos aranceles se aplicar\u00e1n a motores, transmisiones y sistemas el\u00e9ctricos y muy posiblemente a otras m\u00e1s.<\/p>\n\n\n\n<p class=\"wp-block-paragraph\"><strong>MORENA, PT, VERDE Y PRI BATEAN PROPUESTA DE IVONNE ORTEGA<\/strong><\/p>\n\n\n\n<p class=\"wp-block-paragraph\">Con la idea de que al desechar el dictamen que podr\u00eda mantener la petici\u00f3n del desafuero contra Cuauht\u00e9moc Blanco su caso est\u00e1 \u201ccerrado\u201d para el Congreso, los coordinadores de esos 4 partidos no admitieron la petici\u00f3n de la representante de MC y exgobernadora de Yucat\u00e1n, Ivonne Ortega de dejar hablar en tribuna a la media hermana del \u201c<strong><em>Cuau<\/em><\/strong>\u201d para exponer en directo al Pleno de diputados su denuncia contra el exfutbolista.<\/p>\n\n\n\n<p class=\"wp-block-paragraph\">Pero la diputada emecista no se rinde y va a volver a presentar esta semana una nueva propuesta sobre este caso.<\/p>\n\n\n\n<p class=\"wp-block-paragraph\">Esto tiene el soporte de una manifestaci\u00f3n realizada el s\u00e1bado y de la presentaci\u00f3n de otras muchas denuncias contra Blanco en otras instancias, que demuestran que el suyo no es caso resuelto y olvidado.<\/p>\n\n\n\n<p class=\"wp-block-paragraph\">\u2026 \/ Twitter: @_Vizcaino \/ Facebook<\/p>\n\n\n\n<p class=\"wp-block-paragraph\">\/&nbsp;<a href=\"https:\/\/www.facebook.com\/rvizcainoa\">https:\/\/www.facebook.com\/rvizcainoa<\/a><\/p>\n","protected":false},"excerpt":{"rendered":"<p>&nbsp;Roberto Vizca\u00edno SemM\u00e9xico, Cd. de M\u00e9xico, 1\u00ba. de&nbsp; Abril, 2025.- Durante su larga campa\u00f1a de regreso a la Casa Blanca -entre el 7 de noviembre de 2020 que perdi\u00f3 la reelecci\u00f3n ante&nbsp;Joe Biden, al 5 de noviembre de 2024 que recibi\u00f3 un voto abrumador del regreso-,&nbsp;Donald Trump&nbsp;dijo buscar una transformaci\u00f3n a fondo de EU. Como [&hellip;]<\/p>\n","protected":false},"author":3,"featured_media":39589,"comment_status":"open","ping_status":"open","sticky":false,"template":"","format":"standard","meta":{"_monsterinsights_skip_tracking":false,"footnotes":""},"categories":[35,623],"tags":[],"class_list":["post-94279","post","type-post","status-publish","format-standard","has-post-thumbnail","category-opinion","category-roberto-vizcaino"],"_links":{"self":[{"href":"https:\/\/redsemlac.com\/semmexico\/wp-json\/wp\/v2\/posts\/94279","targetHints":{"allow":["GET"]}}],"collection":[{"href":"https:\/\/redsemlac.com\/semmexico\/wp-json\/wp\/v2\/posts"}],"about":[{"href":"https:\/\/redsemlac.com\/semmexico\/wp-json\/wp\/v2\/types\/post"}],"author":[{"embeddable":true,"href":"https:\/\/redsemlac.com\/semmexico\/wp-json\/wp\/v2\/users\/3"}],"replies":[{"embeddable":true,"href":"https:\/\/redsemlac.com\/semmexico\/wp-json\/wp\/v2\/comments?post=94279"}],"version-history":[{"count":0,"href":"https:\/\/redsemlac.com\/semmexico\/wp-json\/wp\/v2\/posts\/94279\/revisions"}],"wp:featuredmedia":[{"embeddable":true,"href":"https:\/\/redsemlac.com\/semmexico\/wp-json\/wp\/v2\/media\/39589"}],"wp:attachment":[{"href":"https:\/\/redsemlac.com\/semmexico\/wp-json\/wp\/v2\/media?parent=94279"}],"wp:term":[{"taxonomy":"category","embeddable":true,"href":"https:\/\/redsemlac.com\/semmexico\/wp-json\/wp\/v2\/categories?post=94279"},{"taxonomy":"post_tag","embeddable":true,"href":"https:\/\/redsemlac.com\/semmexico\/wp-json\/wp\/v2\/tags?post=94279"}],"curies":[{"name":"wp","href":"https:\/\/api.w.org\/{rel}","templated":true}]}}