{"id":9425,"date":"2019-07-02T17:55:55","date_gmt":"2019-07-02T17:55:55","guid":{"rendered":"https:\/\/redsemlac.com\/semmexico\/?p=9425"},"modified":"2023-07-21T14:50:12","modified_gmt":"2023-07-21T19:50:12","slug":"las-ciudades-de-las-mujeres-sin-estatuto-juridico-y-en-el-aire","status":"publish","type":"post","link":"https:\/\/redsemlac.com\/semmexico\/las-ciudades-de-las-mujeres-sin-estatuto-juridico-y-en-el-aire\/","title":{"rendered":"Las Ciudades de las Mujeres sin estatuto jur\u00eddico y en el aire"},"content":{"rendered":"\n<ul class=\"wp-block-list\"><li><strong>Los refugios para mujeres no deber\u00edan estar en la\nSecretar\u00eda de Salud, pero\u2026<\/strong><\/li><li><strong>Candelaria Ochoa \u00c1valos dice que est\u00e1 a prueba por\nlo que ha luchado 30 a\u00f1os<\/strong><\/li><\/ul>\n\n\n\n<p class=\"wp-block-paragraph\"><strong>Sara Lovera <\/strong><\/p>\n\n\n\n<p class=\"wp-block-paragraph\"><strong><em>Parte II y \u00faltima<\/em><\/strong><\/p>\n\n\n\n<p class=\"wp-block-paragraph\">SemM\u00e9xico. Cd. de\nM\u00e9xico. 2 de julio de 2019.- Mar\u00eda Candelaria Ochoa \u00c1valos responde sin\nproblema. Militante y activista quer\u00eda que un d\u00eda llegara a gobernar aquello\npor lo que ha luchado. Eso no la hace gobiernista como en el pasado. Cuenta lo\nque encontr\u00f3 en la Comisi\u00f3n Nacional para Prevenir y Erradicar la Violencia\nContra las Mujeres (CONAVIM), vacantes, comisionadas y sin estructura. Afirm\u00f3\nque la Ciudad de las Mujeres, impulsada en el pasado sexenio, no tiene estatuto\njur\u00eddico y hubo corrupci\u00f3n.<\/p>\n\n\n\n<p class=\"wp-block-paragraph\">Cree firmemente que va a trabajar por disminuir las\ncifras de la violencia, \u201cpor eso luch\u00e9 30 a\u00f1os\u201d; reconoce que hay que hacer una\ncruzada para dar a conocer en campa\u00f1as y acciones, c\u00f3mo la violencia contra las\nmujeres afecta la vida y la democracia; sue\u00f1a en que todo el gabinete se\ninvolucre y anuncia que le han solicitado declaraci\u00f3n de Alerta de Violencia de\nG\u00e9nero contra las Mujeres (AVGM), grupos de Chihuahua y de Sonora, \u00e9sta en\nsegundo intento.<\/p>\n\n\n\n<p class=\"wp-block-paragraph\">No cae en provocaciones. Para nada. Est\u00e1 preocupada\npor hacer funcionar a su equipo de trabajo, apenas de 48 personas para atender\ny vigilar todo el pa\u00eds; con 5 personas comisionadas en el municipio de Ciudad\nJu\u00e1rez, haciendo el trabajo del municipio. Propuso a la C\u00e1mara incluir la\nviolencia como delito de tortura y que se unifique en el C\u00f3digo Penal Federal el\ntipo penal del delito de feminicidio.<\/p>\n\n\n\n<p class=\"wp-block-paragraph\">La titular de la Comisi\u00f3n Nacional para Prevenir y\nErradicar la Violencia Contra las Mujeres (CONAVIM), informa que esa\ndependencia no trabaj\u00f3 nunca con organizaciones sociales de mujeres, y que\ntodos los recursos de CONAVIM son para los gobiernos de los estados y\nmunicipios, directamente. <\/p>\n\n\n\n<p class=\"wp-block-paragraph\">Anunci\u00f3 que CONAVIM iniciar\u00e1 hoy, este martes 2 de\njulio, pl\u00e1ticas con la Secretar\u00eda de Educaci\u00f3n P\u00fablica para conocer,\ndiagnosticar y buscar salidas a la violencia en los centros de Educaci\u00f3n\nSuperior, luego de afirmar que lo que est\u00e1 pasando en el Instituto Polit\u00e9cnico\nNacional (IPN), es mucho m\u00e1s grave de lo que se sabe.<\/p>\n\n\n\n<p class=\"wp-block-paragraph\">SemM\u00e9xico averigu\u00f3 que hace unas semanas renunci\u00f3 la\nresponsable de la Oficina de G\u00e9nero del IPN, porque no la dejaban trabajar,\nporque le quitaron funciones y porque las autoridades no quisieron ver que ah\u00ed,\nse constru\u00eda una red de violencia cibern\u00e9tica contra las mujeres; que se ocult\u00f3\ninformaci\u00f3n sobre hostigamiento, sobre acoso y sobre abusos sexuales y\nviolaciones.<\/p>\n\n\n\n<p class=\"wp-block-paragraph\">Marta Tronto, qui\u00e9n anda de viaje, trabaj\u00f3 en la\nconstrucci\u00f3n de acciones para evitar la violencia en la educaci\u00f3n superior,\ncerca de 10 a\u00f1os, pero desde hace m\u00e1s de 3, no pod\u00eda avanzar. Actualmente hay\nuna nueva responsable y el IPN tendr\u00e1 que atender lo que proponga CONAVIM.<\/p>\n\n\n\n<p class=\"wp-block-paragraph\">Candelaria Ochoa \u00c1valos asegura que buscar\u00e1 un\nacuerdo con la SEP como una medida estrat\u00e9gica para el cambio cultural, no s\u00f3lo\nen la educaci\u00f3n media, sino en los primeros niveles; que ha sacado de un caj\u00f3n,\nolvidado un convenio de CONAVIM con la Asociaci\u00f3n Nacional de Universidades e\nInstituciones de Educaci\u00f3n Superior, ANUIES que har\u00e1 efectivo, luego de afirmar\nque se ha avanzado muy poco en la construcci\u00f3n de protocolos para las\nuniversidades, donde crece la violencia contra las mujeres.<\/p>\n\n\n\n<p class=\"wp-block-paragraph\">Consider\u00f3, adem\u00e1s que no se puede desde\u00f1ar que la\nviolencia contra las mujeres la tenemos que atender en las universidades, en la\nsociedad y en el gobierno, en todos los lugares donde los hombres y mujeres\nestamos presentes, tenemos que implementar acciones contra la violencia en\ntodos esos espacios y por supuesto en los medios de comunicaci\u00f3n.<\/p>\n\n\n\n<p class=\"wp-block-paragraph\">Luego me cont\u00f3 como en CONAVIM son 48 personas y\ncuando lleg\u00f3 en marzo, \u201cten\u00edamos diez plazas vacantes\u201d, y cinco personas est\u00e1n\nen Ciudad Ju\u00e1rez \u201chaci\u00e9ndole el trabajo al municipio\u201d, probablemente porque el\norigen de la CONAVIM fue una comisi\u00f3n especial creada para atender los\nasesinatos de mujeres en Ciudad Ju\u00e1rez.<\/p>\n\n\n\n<p class=\"wp-block-paragraph\">Por cierto. De acuerdo al \u00faltimo informe del\nSecretariado Ejecutivo del Sistema Nacional de Seguridad P\u00fablica sobre\nviolencia contra las mujeres, de enero a mayo de 2019, y que puede leerse en el\nciberespacio, se\u00f1ala los 10 municipios con mayor n\u00famero de mujeres asesinadas.\nEst\u00e1 en primer lugar Ciudad Ju\u00e1rez, Chihuahua (2\u00ba.) y le siguen Xalapa, Veracruz\n(3er); Centro, Tabasco (4\u00ba.); Chihuahua, Chihuahua (5\u00ba.); Ixtapaluca, Estado de\nM\u00e9xico (6\u00ba.); Monterrey, Nuevo Le\u00f3n, (7\u00ba.); Hermosillo, Sonora, (8\u00ba.) Nogales, Sonora,\n(9\u00ba.) y en d\u00e9cimo lugar C\u00f3rdoba, Veracruz. Del 5\u00ba. al d\u00e9cimo lugar, seg\u00fan el\nSecretariado ocurrieron 5 homicidios de mujeres en cada uno, de enero a mayo de\neste a\u00f1o.<\/p>\n\n\n\n<p class=\"wp-block-paragraph\">Tambi\u00e9n destaca el Secretariado que ocurrieron 28\nmil 346 denuncias por lesiones en mujeres y 181 mujeres secuestradas.<\/p>\n\n\n\n<figure class=\"wp-block-image\"><img loading=\"lazy\" decoding=\"async\" width=\"921\" height=\"574\" src=\"https:\/\/redsemlac.com\/semmexico\/wp-content\/uploads\/2019\/07\/entrevista-conavim-2-1.png\" alt=\"\" class=\"wp-image-9426\"\/><\/figure>\n\n\n\n<p class=\"wp-block-paragraph\">Para la comisionada hoy hay que considerar un\ntrabajo nacional, centrado en los municipios, porque la violencia contra las\nmujeres es un tema estructural, est\u00e1 en las familias, en la sociedad, en la\nvida p\u00fablica, incrustado socialmente, como resultado de que tenemos la creencia\nde que las mujeres no valemos como sujetas de derechos.<\/p>\n\n\n\n<p class=\"wp-block-paragraph\">Cuando record\u00f3 como hace casi 25 a\u00f1os todos los ojos\ny acciones fueron para Ciudad Ju\u00e1rez, se\u00f1al\u00f3 que es de tomar en cuenta que hoy\nno es la misma realidad y que las necesidades a atender, son nacionales.<\/p>\n\n\n\n<p class=\"wp-block-paragraph\"><strong>Los cambios <\/strong><\/p>\n\n\n\n<p class=\"wp-block-paragraph\">La mesura de la Comisionada la hace se\u00f1alar las\nomisiones de la pol\u00edtica de g\u00e9nero, desde una perspectiva muy moderada. Me\ncont\u00f3 que cuando lleg\u00f3 a esa oficina que est\u00e1 en la colonia Ju\u00e1rez,\u201d tratando\nde configurar todo el personal y las funciones\u201d se dio cuenta que no hab\u00eda \u201cuna\ncoordinaci\u00f3n de alertas, las personas encargadas y que ah\u00ed estaban jalaban por\ndistintos rumbos\u201d. Hab\u00eda cosas incre\u00edbles, tambi\u00e9n en los estados \u201cme mandaron\nun informe de Colima, con cosas incre\u00edbles, de Nuevo Le\u00f3n, hasta con faltas de\nortograf\u00eda, \u201ccada qui\u00e9n hac\u00eda lo que se le ocurr\u00eda\u201d.<\/p>\n\n\n\n<p class=\"wp-block-paragraph\">Ya se ha creado una coordinaci\u00f3n de Alertas, otra de\nCentros de Justicia para las Mujeres; otra de pol\u00edticas p\u00fablicas, de modo de\nordenar el trabajo.<\/p>\n\n\n\n<p class=\"wp-block-paragraph\">La comisionada dijo que s\u00ed har\u00e1 cosas sobre la\nviolencia pol\u00edtica en contra de las mujeres. \u201cEncontr\u00e9 que se quejaron por la violencia\npol\u00edtica, pero nada de propuestas de c\u00f3mo atenderla\u201d, dijo que como instancia\nque norma y vigila la pol\u00edtica p\u00fablica en materia de violencia contra las\nmujeres, la tarea se est\u00e1 tomando muy en serio. Por ahora diagnostica.<\/p>\n\n\n\n<p class=\"wp-block-paragraph\">Luego critic\u00f3 c\u00f3mo los grupos interinstitucionales e\ninterdisciplinarios donde prevalece la academia, la misma que debiera y tiene\nun papel importante en nutrir la pol\u00edtica p\u00fablica, tanto que quienes hacen la\npol\u00edtica p\u00fablica tienen el deber de escucharla, pero, dijo, en muchas ocasiones\nlas acad\u00e9micas, que tienen grandes planes, por ejemplo &nbsp;para la alerta, temas &nbsp;muy te\u00f3ricos, muy de investigaci\u00f3n, pero no de\npol\u00edticas p\u00fablicas. Incluyen en sus peticiones \u201ctareas imposibles de cumplir\u201d,\nes conveniente aterrizar sus propuestas. Ello ha dificultado percibir con\nclaridad si hay avances o no en la AVGM.<\/p>\n\n\n\n<p class=\"wp-block-paragraph\">Reiter\u00f3 que hay que mantener un mecanismo espec\u00edfico\npara la AVGM, y que los institutos de las mujeres sean una instancia m\u00e1s. Ah\u00ed\nle pregunt\u00e9 si tiene distanciamiento con Nadine Gasman, presidenta del\nInstituto Nacional de las Mujeres y su \u00e1rea sobre violencia. Dijo que, para\nnada, \u201chablo con ella cada tercer d\u00eda\u201d, pero reitero y aclar\u00f3:<\/p>\n\n\n\n<p class=\"wp-block-paragraph\">\u201cLa AVGM debe involucrar a los gobiernos de los\nestados, como una acci\u00f3n de Estado, con todas las instancias, porque las de las\nmujeres no pueden, no han podido, precisamente porque no hay sinergia\ninstitucional, yo estoy haciendo ese amarrado de nodos, pidiendo a los\ngobiernos que se hagan cargo de lo que les toca, coordinar y actuar en las\nemergencias y en las urgencias\u201d.<\/p>\n\n\n\n<p class=\"wp-block-paragraph\">Es fundamental \u201ctejer fino con los supremos\ntribunales de justicia\u201d, para abatir la impunidad y garantizar el acceso a la\njusticia.&nbsp; Anunci\u00f3 que habr\u00e1 encuentros\ncon los fiscales y operadores de las fiscal\u00edas, para que las carpetas de\ninvestigaci\u00f3n se hagan muy bien, con perspectiva de g\u00e9nero. <\/p>\n\n\n\n<p class=\"wp-block-paragraph\">Candelaria Ochoa \u00c1valos vuelve a s\u00ed misma. Como\nmilitante, para quien crea que se olvidar\u00e1 de las mujeres, y dijo que \u201cpara\nnada me sirven 30 a\u00f1os de activista, si no hago lo que ped\u00eda. &nbsp;Ahora en la funci\u00f3n p\u00fablica me tiene que funcionar\u201d.<\/p>\n\n\n\n<p class=\"wp-block-paragraph\">Me cont\u00f3 que est\u00e1n trabajando en los Centros de Justicia\npara las Mujeres para desarrollar los protocolos. Y dijo que no le afect\u00f3 el\nrecorte presupuestal. Para esos centros hab\u00eda 70 millones y hoy \u201cpasamos a 99,\npor lo tanto, &nbsp;se invertir\u00e1 en mejorar y\napoyar a esos centros, donde puede haber la diferencia\u201d.<\/p>\n\n\n\n<p class=\"wp-block-paragraph\">Tambi\u00e9n dijo que el 93 por ciento del presupuesto de\nCONAVIM, dependencia de la Subsecretar\u00eda de Gobernaci\u00f3n, va directamente a los\ngobiernos estatales y municipales. <\/p>\n\n\n\n<p class=\"wp-block-paragraph\">Tambi\u00e9n la reestructuraci\u00f3n dedicar\u00e1 acciones a los\nsectores marginados, como la poblaci\u00f3n ind\u00edgena; la violencia contra las\nmujeres periodistas y contra las pol\u00edticas. Ah\u00ed me cont\u00f3 que aclarar\u00e1 criterios\npara la tarea, tanto la general como la de las AVGM y que acaba de recibir el\ninforme de Sonora, donde Leticia Burgos pidi\u00f3 la declaraci\u00f3n de Alerta, luego\nde un a\u00f1o en que se rechaz\u00f3 esa petici\u00f3n.<\/p>\n\n\n\n<p class=\"wp-block-paragraph\"><strong>Acci\u00f3n inmediata<\/strong><\/p>\n\n\n\n<p class=\"wp-block-paragraph\">La comisionada trabaja ideas para convencer a todas\nlas Secretar\u00edas del ejecutivo y a todos los programas sociales para desplegar\nuna campa\u00f1a nacional: \u201cMi sue\u00f1o es que en la Secretar\u00eda de Bienestar todos los\nprogramas lleven un letrero de que la violencia no es natural; que, en la\nSecretar\u00eda de Educaci\u00f3n P\u00fablica, suceda igual, que se sume el Instituto de la\nJuventud, etc. Que haya una real campa\u00f1a nacional. Y tambi\u00e9n sue\u00f1o en que\ntrabajemos con hombres. Porque la pol\u00edtica p\u00fabica tambi\u00e9n es creatividad. Hay\nque hacer cosas audaces, en esas ando\u201d<\/p>\n\n\n\n<p class=\"wp-block-paragraph\">Piensa que otro asunto importante es que los hombres\nle tienen que entrar, habr\u00e1 alguna forma de comprometerlos, que hablen contra\nla violencia con los otros hombres.<\/p>\n\n\n\n<p class=\"wp-block-paragraph\">En su plan de trabajo est\u00e1 comprometida a coordinar\na los gobiernos estatales y municipales y ellos tienen que coordinar a sus autoridades\ny conversar con diputadas y diputados y con el Senado.<\/p>\n\n\n\n<p class=\"wp-block-paragraph\">Sue\u00f1a en que en cada entidad haya una polic\u00eda especializada\n&#8211; como la anunciada en Guerrero- y agreg\u00f3 \u201cles estoy pidiendo, esa posibilidad,\naunque s\u00e9 que hay municipios con 5 polic\u00edas nada m\u00e1s\u201d.<\/p>\n\n\n\n<p class=\"wp-block-paragraph\"><strong>La iniciativa<\/strong><\/p>\n\n\n\n<p class=\"wp-block-paragraph\">Sobre la iniciativa multinacional, Spotlight en\nM\u00e9xico que involucr\u00f3 al Gobierno Federal, a la ONU y a la Uni\u00f3n Europea para\nprevenir y eliminar el feminicidio, Candelaria Ochoa confirm\u00f3 que el pasado\njueves hubo la primera reuni\u00f3n para discutir c\u00f3mo lo har\u00e1n, no es galimat\u00edas y\nse\u00f1al\u00f3 que \u201cno hay m\u00e1s que avances\u201d y reiter\u00f3 que las agencias internacionales\n(6 involucradas), har\u00e1n lo mismo que hace CONAVIM en 180 municipios. \u201cEllos lo\nhar\u00e1n en 5 municipios y van a convocar, contratar, a poner a concurso proyectos\u201d.\nNo habr\u00e1 recursos ni para el gobierno federal ni para los estatales. <\/p>\n\n\n\n<p class=\"wp-block-paragraph\">Se comprometi\u00f3 a dar seguimiento a la puesta en\nmarcha de la paridad total, e identificar si los obst\u00e1culos que puedan surgir,\nson o no actos de violencia de g\u00e9nero.<\/p>\n\n\n\n<p class=\"wp-block-paragraph\">Me dijo que tal vez los refugios para las mujeres violentadas\nno deber\u00eda estar en la Secretar\u00eda de Salud. Que est\u00e1 pensando c\u00f3mo atraer o ver\nd\u00f3nde se coordinar\u00e1n los refugios para mujeres, pero hoy, claramente dependen\nde la Secretar\u00eda de Salud.&nbsp; <\/p>\n\n\n\n<p class=\"wp-block-paragraph\">Por \u00faltimo, para cerrar la conversaci\u00f3n, la responsable de CONAVIM aclar\u00f3 que esa dependencia nunca trabaj\u00f3 con organizaciones sociales y que le parece tremendo que las Ciudades de las Mujeres que invent\u00f3 el sexenio pasado Rosario Robles, est\u00e9n en el aire, no sabemos, no tienen ning\u00fan estatuto jur\u00eddico. Ir\u00e1 pronto a Tlapa, dijo que las trabajadoras le han escrito. Pero parecen no tener un futuro claro y que en ese caso s\u00ed hubo corrupci\u00f3n.<\/p>\n\n\n\n<figure class=\"wp-block-image\"><img decoding=\"async\" src=\"https:\/\/redsemlac.com\/semmexico\/wp-content\/uploads\/2019\/07\/20190628_110154-1024x768.jpg\" alt=\"\" class=\"wp-image-9427\"\/><\/figure>\n\n\n\n<p class=\"has-text-color has-vivid-red-color wp-block-paragraph\"><strong><a href=\"https:\/\/redsemlac.com\/semmexico\/?p=9399\">Aqu\u00ed puedes leer la primera parte de la entrevista<\/a><\/strong><\/p>\n","protected":false},"excerpt":{"rendered":"<p>Los refugios para mujeres no deber\u00edan estar en la Secretar\u00eda de Salud.<\/p>\n","protected":false},"author":3,"featured_media":9428,"comment_status":"open","ping_status":"open","sticky":false,"template":"","format":"standard","meta":{"_monsterinsights_skip_tracking":false,"footnotes":""},"categories":[690,51],"tags":[],"class_list":["post-9425","post","type-post","status-publish","format-standard","has-post-thumbnail","category-690","category-ejecutivo"],"_links":{"self":[{"href":"https:\/\/redsemlac.com\/semmexico\/wp-json\/wp\/v2\/posts\/9425","targetHints":{"allow":["GET"]}}],"collection":[{"href":"https:\/\/redsemlac.com\/semmexico\/wp-json\/wp\/v2\/posts"}],"about":[{"href":"https:\/\/redsemlac.com\/semmexico\/wp-json\/wp\/v2\/types\/post"}],"author":[{"embeddable":true,"href":"https:\/\/redsemlac.com\/semmexico\/wp-json\/wp\/v2\/users\/3"}],"replies":[{"embeddable":true,"href":"https:\/\/redsemlac.com\/semmexico\/wp-json\/wp\/v2\/comments?post=9425"}],"version-history":[{"count":0,"href":"https:\/\/redsemlac.com\/semmexico\/wp-json\/wp\/v2\/posts\/9425\/revisions"}],"wp:featuredmedia":[{"embeddable":true,"href":"https:\/\/redsemlac.com\/semmexico\/wp-json\/wp\/v2\/media\/9428"}],"wp:attachment":[{"href":"https:\/\/redsemlac.com\/semmexico\/wp-json\/wp\/v2\/media?parent=9425"}],"wp:term":[{"taxonomy":"category","embeddable":true,"href":"https:\/\/redsemlac.com\/semmexico\/wp-json\/wp\/v2\/categories?post=9425"},{"taxonomy":"post_tag","embeddable":true,"href":"https:\/\/redsemlac.com\/semmexico\/wp-json\/wp\/v2\/tags?post=9425"}],"curies":[{"name":"wp","href":"https:\/\/api.w.org\/{rel}","templated":true}]}}