{"id":94245,"date":"2025-03-31T20:14:35","date_gmt":"2025-04-01T02:14:35","guid":{"rendered":"https:\/\/redsemlac.com\/semmexico\/?p=94245"},"modified":"2025-03-31T20:14:36","modified_gmt":"2025-04-01T02:14:36","slug":"presentan-el-libro-estudios-de-genero-y-artes","status":"publish","type":"post","link":"https:\/\/redsemlac.com\/semmexico\/presentan-el-libro-estudios-de-genero-y-artes\/","title":{"rendered":"Presentan el libro:\u00a0Estudios de G\u00e9nero y Artes"},"content":{"rendered":"\n<ul class=\"wp-block-list\">\n<li>La obra recoge las experiencias y reflexiones del Primer Diplomado en Estudios de G\u00e9nero y Artes<\/li>\n\n\n\n<li>Celebran la creaci\u00f3n de la obra, nunca hubo publicaciones similares<\/li>\n<\/ul>\n\n\n\n<p class=\"wp-block-paragraph\">Redacci\u00f3n<\/p>\n\n\n\n<p class=\"wp-block-paragraph\">SemM\u00e9xico, Ciudad de M\u00e9xico, 31 de marzo, 2025.- Estudios de G\u00e9nero y Artes, una obra que recoge las experiencias y reflexiones del Primer Diplomado en Estudios de G\u00e9nero y Artes, impulsado por la Subdirecci\u00f3n General de Educaci\u00f3n e Investigaci\u00f3n Art\u00edstica (SGEIA) del Instituto Nacional de Bellas Artes y Literatura (INBAL).<\/p>\n\n\n\n<p class=\"wp-block-paragraph\">Presentado en la Sala Adamo Boari del Palacio de Bellas Artes, el texto, que se puede consultar desde el&nbsp;<a href=\"https:\/\/inba.gob.mx\/digital\/publicaciones\" target=\"_blank\" rel=\"noreferrer noopener\">portal de Publicaciones Digitales del INBAL<\/a>, marca un testimonio de la importancia de generar espacios seguros dentro de la pedagog\u00eda y las pr\u00e1cticas art\u00edsticas, al tiempo que explora la potencia transformadora de analizar las artes desde m\u00faltiples perspectivas de g\u00e9nero.<\/p>\n\n\n\n<p class=\"wp-block-paragraph\">Durante la presentaci\u00f3n, moderada por D\u00e9borah Chenillo Alazraki, titular de la SGEIA, M\u00f3nica Mayer, precursora y promotora del arte feminista en Am\u00e9rica Latina, celebr\u00f3 la creaci\u00f3n de la obra, al reconocer que durante a\u00f1os nunca hubo publicaciones similares que hablaran de feminismo y g\u00e9nero en las disciplinas art\u00edsticas.<\/p>\n\n\n\n<p class=\"wp-block-paragraph\">Por su parte, Yuruen Lerma, docente, consultora y ponente en materia de g\u00e9nero, feminismo, derechos humanos, juventud, interculturalidad, arte y ciudadan\u00eda, consider\u00f3 que, a lo largo de las p\u00e1ginas, el libro enfatiza la necesidad de cambios profundos en las estructuras patriarcales de la pedagog\u00eda y las pr\u00e1cticas art\u00edsticas.<\/p>\n\n\n\n<p class=\"wp-block-paragraph\">En su participaci\u00f3n, Karen Cordero Reiman, historiadora del arte, curadora y escritora, apunt\u00f3 que los textos hablan sobre la consolidaci\u00f3n de procesos que llevaban d\u00e9cadas gest\u00e1ndose en iniciativas informales dentro del arte antes de integrarse plenamente en la academia.<\/p>\n\n\n\n<p class=\"wp-block-paragraph\">Asimismo, Ri\u00e1nsares Lozano de la Pola, del Instituto de Investigaciones Est\u00e9ticas de la Universidad Nacional Aut\u00f3noma de M\u00e9xico, apunt\u00f3 que esta obra evidencia gestos y modos de intervenci\u00f3n feministas en la docencia que resultan en un \u00abimpacto irreversible\u00bb. \u201cEl aula se concibe como un espacio crucial para la lucha y el desmantelamiento de las violencias\u201d, sostuvo.<\/p>\n\n\n\n<p class=\"wp-block-paragraph\">\u201cEl volumen aborda diversas disciplinas art\u00edsticas, incluyendo las artes visuales, la m\u00fasica, la danza y la literatura, analizando sus v\u00ednculos con los movimientos feministas y las teor\u00edas de g\u00e9nero. Se exploran las estrategias de resistencia a trav\u00e9s del arte, tanto a nivel nacional como internacional\u201d, dijo.<\/p>\n\n\n\n<p class=\"wp-block-paragraph\">Finalmente, Dina Comisarenco Mirkin, coordinadora del diplomado, relat\u00f3 que la iniciativa, primero del diplomado y despu\u00e9s del libro, surgi\u00f3 ante el creciente aumento de la violencia de g\u00e9nero, buscando contribuir desde la educaci\u00f3n a la construcci\u00f3n de una comunidad incluyente y solidaria.<\/p>\n\n\n\n<p class=\"wp-block-paragraph\">\u201cFue tan significativo y revelador el escenario de posibilidades que se plantearon en el diplomado, que cuando terminaron las clases y empec\u00e9 a sentir ese vac\u00edo, me pareci\u00f3 importante recoger estas experiencias y contarlas en un libro para preservar la memoria del nuestro acercamiento a este para\u00edso de aprendizaje con sus extraordinarias figuras de mentes y corazones\u201d, record\u00f3.<\/p>\n\n\n\n<p class=\"wp-block-paragraph\">SEM\/sj<\/p>\n\n\n\n<figure class=\"wp-block-image size-large\"><a href=\"https:\/\/redsemlac.com\/semmexico\/wp-content\/uploads\/2025\/03\/PRESENTAN-EL-LIBRO-ESTUDIOS-DE-GENERO-Y-ARTES4.jpeg\"><img loading=\"lazy\" decoding=\"async\" width=\"1024\" height=\"616\" src=\"https:\/\/redsemlac.com\/semmexico\/wp-content\/uploads\/2025\/03\/PRESENTAN-EL-LIBRO-ESTUDIOS-DE-GENERO-Y-ARTES4-1024x616.jpeg\" alt=\"\" class=\"wp-image-94246\" srcset=\"https:\/\/redsemlac.com\/semmexico\/wp-content\/uploads\/2025\/03\/PRESENTAN-EL-LIBRO-ESTUDIOS-DE-GENERO-Y-ARTES4-1024x616.jpeg 1024w, https:\/\/redsemlac.com\/semmexico\/wp-content\/uploads\/2025\/03\/PRESENTAN-EL-LIBRO-ESTUDIOS-DE-GENERO-Y-ARTES4-300x180.jpeg 300w, https:\/\/redsemlac.com\/semmexico\/wp-content\/uploads\/2025\/03\/PRESENTAN-EL-LIBRO-ESTUDIOS-DE-GENERO-Y-ARTES4-768x462.jpeg 768w, https:\/\/redsemlac.com\/semmexico\/wp-content\/uploads\/2025\/03\/PRESENTAN-EL-LIBRO-ESTUDIOS-DE-GENERO-Y-ARTES4-150x90.jpeg 150w, https:\/\/redsemlac.com\/semmexico\/wp-content\/uploads\/2025\/03\/PRESENTAN-EL-LIBRO-ESTUDIOS-DE-GENERO-Y-ARTES4-696x418.jpeg 696w, https:\/\/redsemlac.com\/semmexico\/wp-content\/uploads\/2025\/03\/PRESENTAN-EL-LIBRO-ESTUDIOS-DE-GENERO-Y-ARTES4-1068x642.jpeg 1068w, https:\/\/redsemlac.com\/semmexico\/wp-content\/uploads\/2025\/03\/PRESENTAN-EL-LIBRO-ESTUDIOS-DE-GENERO-Y-ARTES4.jpeg 1106w\" sizes=\"auto, (max-width: 1024px) 100vw, 1024px\" \/><\/a><\/figure>\n","protected":false},"excerpt":{"rendered":"<p>Redacci\u00f3n SemM\u00e9xico, Ciudad de M\u00e9xico, 31 de marzo, 2025.- Estudios de G\u00e9nero y Artes, una obra que recoge las experiencias y reflexiones del Primer Diplomado en Estudios de G\u00e9nero y Artes, impulsado por la Subdirecci\u00f3n General de Educaci\u00f3n e Investigaci\u00f3n Art\u00edstica (SGEIA) del Instituto Nacional de Bellas Artes y Literatura (INBAL). Presentado en la Sala [&hellip;]<\/p>\n","protected":false},"author":3,"featured_media":94247,"comment_status":"open","ping_status":"open","sticky":false,"template":"","format":"standard","meta":{"_monsterinsights_skip_tracking":false,"footnotes":""},"categories":[748],"tags":[],"class_list":["post-94245","post","type-post","status-publish","format-standard","has-post-thumbnail","category-cultura-feminista"],"_links":{"self":[{"href":"https:\/\/redsemlac.com\/semmexico\/wp-json\/wp\/v2\/posts\/94245","targetHints":{"allow":["GET"]}}],"collection":[{"href":"https:\/\/redsemlac.com\/semmexico\/wp-json\/wp\/v2\/posts"}],"about":[{"href":"https:\/\/redsemlac.com\/semmexico\/wp-json\/wp\/v2\/types\/post"}],"author":[{"embeddable":true,"href":"https:\/\/redsemlac.com\/semmexico\/wp-json\/wp\/v2\/users\/3"}],"replies":[{"embeddable":true,"href":"https:\/\/redsemlac.com\/semmexico\/wp-json\/wp\/v2\/comments?post=94245"}],"version-history":[{"count":0,"href":"https:\/\/redsemlac.com\/semmexico\/wp-json\/wp\/v2\/posts\/94245\/revisions"}],"wp:featuredmedia":[{"embeddable":true,"href":"https:\/\/redsemlac.com\/semmexico\/wp-json\/wp\/v2\/media\/94247"}],"wp:attachment":[{"href":"https:\/\/redsemlac.com\/semmexico\/wp-json\/wp\/v2\/media?parent=94245"}],"wp:term":[{"taxonomy":"category","embeddable":true,"href":"https:\/\/redsemlac.com\/semmexico\/wp-json\/wp\/v2\/categories?post=94245"},{"taxonomy":"post_tag","embeddable":true,"href":"https:\/\/redsemlac.com\/semmexico\/wp-json\/wp\/v2\/tags?post=94245"}],"curies":[{"name":"wp","href":"https:\/\/api.w.org\/{rel}","templated":true}]}}