{"id":9419,"date":"2019-07-02T17:37:32","date_gmt":"2019-07-02T17:37:32","guid":{"rendered":"https:\/\/redsemlac.com\/semmexico\/?p=9419"},"modified":"2023-07-21T14:50:13","modified_gmt":"2023-07-21T19:50:13","slug":"la-detencion-de-carola-rackete-divide-a-europa","status":"publish","type":"post","link":"https:\/\/redsemlac.com\/semmexico\/la-detencion-de-carola-rackete-divide-a-europa\/","title":{"rendered":"La detenci\u00f3n de Carola Rackete divide a Europa"},"content":{"rendered":"\n<p class=\"wp-block-paragraph\"><strong><em>Detenida la capitana del Sea-Watch tras desembarcar en el puerto italiano de Lampedusa sin permiso.<\/em><\/strong><\/p>\n\n\n\n<p class=\"wp-block-paragraph\"><strong>Roberto P\u00e9rez Abella<\/strong><\/p>\n\n\n\n<p class=\"wp-block-paragraph\">SemM\u00e9xico\/AmecoPress. Madrid, 2 julio. 19.\u2013 El s\u00e1bado 29 de junio, Carola Rackete, la capitana alemana de 31 a\u00f1os de la embarcaci\u00f3n humanitaria Sea-Watch 3, fue detenida por la Guardia de Finanza (polic\u00eda financiera y de fronteras italiana) por orden del ministro de interior, Matteo Salvini. La capitana del barco con bandera holandesa desobedeci\u00f3 la prohibici\u00f3n del gobierno italiano de atracar en el puerto comercial de Lampedusa para desembarcar a los cuarenta migrantes que llevaban diecisiete d\u00edas en el mar mediterr\u00e1neo. La joven alemana se ha convertido en un icono de lucha contra la f\u00e9rrea pol\u00edtica migratoria que lidera Salvini, mientras recibe mensajes de apoyo desde las redes y asociaciones.<\/p>\n\n\n\n<p class=\"wp-block-paragraph\">Italia les negaba el acceso a poder desembarcar hasta que alg\u00fan pa\u00eds de la Uni\u00f3n Europea se comprometiera a acoger a los y las migrantes que viajaban a bordo. Pero la necesidad de solucionar lo que Carolina catalog\u00f3 como desesperaci\u00f3n fue lo que la incit\u00f3 a desobedecer a las autoridades y atracar en el puerto a pesar de las m\u00faltiples consecuencias legales que podr\u00eda recibir. La desesperaci\u00f3n hab\u00eda alcanzado a las personas migrantes recogidas en el mar, donde dos de ellas tuvieron que ser evacuadas y muchas ya sopesaban tirarse por la borda despu\u00e9s de estar dos d\u00edas enfrente de un puerto comercial y m\u00e1s de quince en la mar sin obtener una soluci\u00f3n real. Tambi\u00e9n hab\u00edan subido al barco este jueves para transmitir su solidaridad a la capitana y la tripulaci\u00f3n los cinco parlamentarios pertenecientes al Partido Dem\u00f3crata (PD), Izquierda Italiana (SI) y +Europa: Davide Faraone, Graziano Delrio, Matteo Orfini, Nicola Fratoianni y Riccardo Magi.<\/p>\n\n\n\n<p class=\"wp-block-paragraph\">Rackete atrac\u00f3 el barco de madrugada en el muelle comercial de Lampedusa mientras sorprend\u00eda a una patrullera de la Guardia de Finanza y chocaba contra ella accidentalmente. Una vez fondeada en el muelle, la patrona baj\u00f3 escoltada por las autoridades tras ser detenida por violar el art\u00edculo 1.100 del c\u00f3digo de navegaci\u00f3n sobre resistencia o violencia contra un nav\u00edo de guerra, un delito que permuta penas de hasta 10 a\u00f1os de prisi\u00f3n. Esto se ha a\u00f1adido a la imputaci\u00f3n del viernes por parte de la Fiscal\u00eda de Agrigento de un delito de favorecimiento del tr\u00e1fico ilegal de personas y por el que ser\u00e1 interrogada el pr\u00f3ximo nueve de julio. La Fiscal\u00eda acusa a Rackete de los delitos de negativa a obedecer a un buque de guerra, resistencia a la autoridad, violencia contra buques de guerra y navegaci\u00f3n en zona prohibida. Adem\u00e1s, con el nuevo decreto aprobado por el Gobierno italiano, fondear en aguas territoriales sin permiso supondr\u00e1 la incautaci\u00f3n del nav\u00edo y una multa de entre 20.000 y 50.000 euros en funci\u00f3n de los plazos de pago de la misma.<\/p>\n\n\n\n<p class=\"wp-block-paragraph\">Este lunes por la ma\u00f1ana, Rackete parti\u00f3 desde Lampedusa hacia el tribunal de Agrigento en una lancha de la Guardia de Finanza para someterse al interrogatorio ordenado por el fiscal jefe Luigi Patronaggio, que comenz\u00f3 a las 15.30 y dur\u00f3 unas tres horas seg\u00fan informa la ONG de la capitana alemana. El abogado de Carola confirm\u00f3 a la Agencia Efe que tras pasar la noche en la comisar\u00eda la juez concedi\u00f3 el arresto domiciliario hasta que se convalidara la acusaci\u00f3n. El presidente de Sea Watch, Johannes Bayer, inform\u00f3 por Twitter que est\u00e1n orgullosos de su capitana y que \u201chizo exactamente lo correcto. Ella defendi\u00f3 la ley del mar y llev\u00f3 a la gente a un lugar seguro\u00bb. Desde Alemania v\u00eda Twitter, el ministro de Asuntos Exteriores, Heiko Maas, reiter\u00f3 que, \u201ctras el procedimiento legal debido, solo puede producirse la liberaci\u00f3n de Carola Rackete. Eso es lo que le volver\u00e9 a dejar claro a Italia\u00bb.<\/p>\n\n\n\n<p class=\"wp-block-paragraph\">Alessandra Vella, la jueza de instrucci\u00f3n de Agrigento, dictamin\u00f3 que pasara al menos un d\u00eda m\u00e1s bajo arresto domiciliario, pese a que la Fiscal\u00eda habr\u00eda pedido su puesta en libertad condicional. Tambi\u00e9n pidieron al juez como medida cautelar alternativa al arresto la prohibici\u00f3n de permanecer en la provincia de Agrigento, a la que pertenece Lampedusa. La juez deber\u00e1 decidir hoy si queda en libertad o es procesada en Italia. Desde el Ministerio del Interior ya han preparado un decreto de expulsi\u00f3n para que no pueda permanecer en Italia si queda en libertad junto con la prohibici\u00f3n de regresar a territorio italiano en cinco a\u00f1os.<\/p>\n\n\n\n<p class=\"wp-block-paragraph\">La movilizaci\u00f3n en las redes ha sacado para adelante una recogida de firmas, que lleva unas 300.000, a trav\u00e9s de la plataforma \u201cChange.org\u201d en la que se pide al Ministro de Interior italiano, que libere de inmediato a la capitana Carola Rackete, as\u00ed como el apoyo a todos las personas voluntarias que est\u00e1n salvando vidas en el Mediterr\u00e1neo. Ante el altruismo humanitario de Carola, numerosas celebridades alemanas han incentivado a miles de personas para contribuir con el financiamiento legal de la activista. De momento, han recaudado m\u00e1s de 300.000 euros, seg\u00fan se\u00f1alaron algunos medios de Alemania. En Europa se multiplican los mensajes de apoyo tambi\u00e9n desde algunos pa\u00edses, como Francia y Alemania, que acusan a Italia de criminalizar a quienes salvan vidas.<\/p>\n\n\n\n<p class=\"wp-block-paragraph\">Desde Espa\u00f1a tambi\u00e9n se han pronunciado algunas pol\u00edticas como la diputada de Unidas Podemos, Carolina Alonso, que se pregunta c\u00f3mo puede estar en la c\u00e1rcel alguien por ser altruista alegando en Twitter que \u201ces la Europa hip\u00f3crita, de los corruptos y NO de los pueblos\u201d. Por su parte la alcaldesa de Barcelona, Ada Colau, ha expresado su apoyo al se\u00f1alar en su cuenta de Twitter que \u201csalvar vidas no es delito. Dejar morir a la gente en el mar, s\u00ed\u201d. La periodista Helena Maleno que tambi\u00e9n sufri\u00f3 algo similar a la patrona alemana al ser acusada por el Tribunal de T\u00e1nger por tr\u00e1fico de personas y favorecimiento de la inmigraci\u00f3n irregular, denuncia las pol\u00edticas asesinas de Europa y apoya a Carola mientras aboga v\u00eda Twitter que \u201cFrente a su violencia nuestra solidaridad y resistencia\u201d.<\/p>\n\n\n\n<p class=\"wp-block-paragraph\">Una parte de la opini\u00f3n p\u00fablica italiana y tambi\u00e9n de su clase pol\u00edtica han apoyado a la capitana del Sea Watch con multitud de mensajes. Heiko Maas, afirmaba en Twitter que \u00abrescatar vidas humanas es una obligaci\u00f3n humanitaria. El rescate mar\u00edtimo no debe ser criminalizado\u00bb y ahora \u00abdepende del poder judicial italiano aclarar las acusaciones r\u00e1pidamente\u00bb. Por su parte, el ministro de Interior franc\u00e9s, Christopher Castaner, se\u00f1al\u00f3 que \u00abel cierre de los puertos es una violaci\u00f3n del Derecho del mar\u00bb, mientras en un llamamiento en Facebook, Jean Asselborn, el responsable de Exteriores de Luxemburgo, denunciaba que \u00absalvar vidas es un deber y no puede ser nunca un delito o un crimen. No hacerlo, s\u00ed que lo es\u00bb.<\/p>\n","protected":false},"excerpt":{"rendered":"<p>Detenida la capitana del Sea-Watch tras desembarcar en el puerto italiano de Lampedusa sin permiso.<\/p>\n","protected":false},"author":3,"featured_media":9420,"comment_status":"open","ping_status":"open","sticky":false,"template":"","format":"standard","meta":{"_monsterinsights_skip_tracking":false,"footnotes":""},"categories":[690,53],"tags":[],"class_list":["post-9419","post","type-post","status-publish","format-standard","has-post-thumbnail","category-690","category-internacional"],"_links":{"self":[{"href":"https:\/\/redsemlac.com\/semmexico\/wp-json\/wp\/v2\/posts\/9419","targetHints":{"allow":["GET"]}}],"collection":[{"href":"https:\/\/redsemlac.com\/semmexico\/wp-json\/wp\/v2\/posts"}],"about":[{"href":"https:\/\/redsemlac.com\/semmexico\/wp-json\/wp\/v2\/types\/post"}],"author":[{"embeddable":true,"href":"https:\/\/redsemlac.com\/semmexico\/wp-json\/wp\/v2\/users\/3"}],"replies":[{"embeddable":true,"href":"https:\/\/redsemlac.com\/semmexico\/wp-json\/wp\/v2\/comments?post=9419"}],"version-history":[{"count":0,"href":"https:\/\/redsemlac.com\/semmexico\/wp-json\/wp\/v2\/posts\/9419\/revisions"}],"wp:featuredmedia":[{"embeddable":true,"href":"https:\/\/redsemlac.com\/semmexico\/wp-json\/wp\/v2\/media\/9420"}],"wp:attachment":[{"href":"https:\/\/redsemlac.com\/semmexico\/wp-json\/wp\/v2\/media?parent=9419"}],"wp:term":[{"taxonomy":"category","embeddable":true,"href":"https:\/\/redsemlac.com\/semmexico\/wp-json\/wp\/v2\/categories?post=9419"},{"taxonomy":"post_tag","embeddable":true,"href":"https:\/\/redsemlac.com\/semmexico\/wp-json\/wp\/v2\/tags?post=9419"}],"curies":[{"name":"wp","href":"https:\/\/api.w.org\/{rel}","templated":true}]}}