{"id":94169,"date":"2025-03-28T19:43:39","date_gmt":"2025-03-29T01:43:39","guid":{"rendered":"https:\/\/redsemlac.com\/semmexico\/?p=94169"},"modified":"2025-03-28T19:43:40","modified_gmt":"2025-03-29T01:43:40","slug":"mujer-y-poder-fuero-para-los-delincuentes","status":"publish","type":"post","link":"https:\/\/redsemlac.com\/semmexico\/mujer-y-poder-fuero-para-los-delincuentes\/","title":{"rendered":"Mujer y Poder| Fuero para los delincuentes"},"content":{"rendered":"\n<p class=\"wp-block-paragraph\">*Natalia Vidales de Bitterlin<\/p>\n\n\n\n<p class=\"wp-block-paragraph\">SemM\u00e9xico, Hermosillo, Son., 28 de marzo, 2025.- El fuero constitucional no naci\u00f3 para dar impunidad a funcionarios, legisladores, servidores p\u00fablicos o actores pol\u00edticos\u2026aunque parezca que as\u00ed es -porque actualmente es entendido como la imposibilidad de someter a servidores p\u00fablicos a juicio.&nbsp;<\/p>\n\n\n\n<p class=\"wp-block-paragraph\">La realidad es que el objetivo fue -y debe seguir siendo- para hacer efectiva la separaci\u00f3n de poderes (Legislativo, Ejecutivo y Judicial) y, particularmente, a favor de la independencia del Poder Legislativo con respecto al Ejecutivo; para que sus integrantes puedan actuar con libertad y autonom\u00eda, sin temor a presiones o persecuciones pol\u00edticas&#8230;pero de ninguna manera para que cometan il\u00edcitos impunemente.<\/p>\n\n\n\n<p class=\"wp-block-paragraph\">&nbsp;Lo anterior viene a colaci\u00f3n por la solicitud de desafuero al diputado Cuauht\u00e9moc Blanco que debi\u00f3 haberse aprobado esta semana en la <em>C\u00e1mara de Diputados<\/em> para que, como cualquier ciudadano, enfrente a la justicia sobre la denuncia de tentativa de violaci\u00f3n sexual que existe en su contra -en la Fiscal\u00eda de Morelos- sin refugiarse en el cargo que hoy ostenta en la C\u00e1mara Baja del <em>Congreso de la Uni\u00f3n.<\/em><\/p>\n\n\n\n<p class=\"wp-block-paragraph\">La denuncia es seria y los reflectores debieron haberlos utilizado las diputadas para poner el ejemplo de que siempre se estar\u00e1 del lado de las v\u00edctimas y no del victimario como desafortunadamente lo demostraron las legisladoras morenistas y priistas que alzaron la voz en tribuna, pero\u2026para manifestar su apoyo a su compa\u00f1ero negando el desafuero.&nbsp;<\/p>\n\n\n\n<p class=\"wp-block-paragraph\">Esto es una muestra m\u00e1s del p\u00e9simo quehacer que est\u00e1n realizando las mujeres en las altas esferas del poder, a ese poder que lograron gracias a las luchas de a\u00f1os de quienes pensamos que llegar\u00edan gobernar\u00edan diferente, con conciencia, honradez y compromiso. Pero, lamentablemente, de nuevo, fallan, traicionan a las mujeres.<\/p>\n\n\n\n<p class=\"wp-block-paragraph\">No se trata de dictar sentencia condenatoria -porque ello no es de su competencia-, sino de exigir que las investigaciones se lleven a cabo correctamente y de enviar un mensaje contundente a las y los mexicanos de que las agresiones a las mujeres ser\u00e1n atendidas, sin excepciones.<\/p>\n\n\n\n<p class=\"wp-block-paragraph\">Esta semana, lo que hicieron las legisladoras fue demoledor porque mostraron que no estar\u00e1n del lado de las v\u00edctimas, sino que el apoyo incondicional se dar\u00e1 a quien sea miembro de su partido, a quien tenga el poder.&nbsp; As\u00ed\u2026 \u00bfse atrever\u00e1n a denunciar? Lo dudamos.<\/p>\n\n\n\n<p class=\"wp-block-paragraph\">\u00bfEso es justicia? De ninguna manera, y es a la sociedad en general -pero sobre todo a los colectivos de mujeres- a quien les toca continuar con la lucha sin descanso y contundente en contra de estas injusticias y en contra de la impunidad.<\/p>\n\n\n\n<p class=\"wp-block-paragraph\">Y levantar fuerte la voz para manifestar su apoyo a las v\u00edctimas; a tantas mujeres que a diario sufren violencia dentro y fuera de su hogar.&nbsp;&nbsp;&nbsp;<\/p>\n\n\n\n<p class=\"wp-block-paragraph\">\u00bfHasta cu\u00e1ndo?<\/p>\n","protected":false},"excerpt":{"rendered":"<p>*Natalia Vidales de Bitterlin SemM\u00e9xico, Hermosillo, Son., 28 de marzo, 2025.- El fuero constitucional no naci\u00f3 para dar impunidad a funcionarios, legisladores, servidores p\u00fablicos o actores pol\u00edticos\u2026aunque parezca que as\u00ed es -porque actualmente es entendido como la imposibilidad de someter a servidores p\u00fablicos a juicio.&nbsp; La realidad es que el objetivo fue -y debe seguir [&hellip;]<\/p>\n","protected":false},"author":3,"featured_media":38550,"comment_status":"open","ping_status":"open","sticky":false,"template":"","format":"standard","meta":{"_monsterinsights_skip_tracking":false,"footnotes":""},"categories":[100,72,35],"tags":[],"class_list":["post-94169","post","type-post","status-publish","format-standard","has-post-thumbnail","category-mujer-y-poder","category-natalia-vidales","category-opinion"],"_links":{"self":[{"href":"https:\/\/redsemlac.com\/semmexico\/wp-json\/wp\/v2\/posts\/94169","targetHints":{"allow":["GET"]}}],"collection":[{"href":"https:\/\/redsemlac.com\/semmexico\/wp-json\/wp\/v2\/posts"}],"about":[{"href":"https:\/\/redsemlac.com\/semmexico\/wp-json\/wp\/v2\/types\/post"}],"author":[{"embeddable":true,"href":"https:\/\/redsemlac.com\/semmexico\/wp-json\/wp\/v2\/users\/3"}],"replies":[{"embeddable":true,"href":"https:\/\/redsemlac.com\/semmexico\/wp-json\/wp\/v2\/comments?post=94169"}],"version-history":[{"count":0,"href":"https:\/\/redsemlac.com\/semmexico\/wp-json\/wp\/v2\/posts\/94169\/revisions"}],"wp:featuredmedia":[{"embeddable":true,"href":"https:\/\/redsemlac.com\/semmexico\/wp-json\/wp\/v2\/media\/38550"}],"wp:attachment":[{"href":"https:\/\/redsemlac.com\/semmexico\/wp-json\/wp\/v2\/media?parent=94169"}],"wp:term":[{"taxonomy":"category","embeddable":true,"href":"https:\/\/redsemlac.com\/semmexico\/wp-json\/wp\/v2\/categories?post=94169"},{"taxonomy":"post_tag","embeddable":true,"href":"https:\/\/redsemlac.com\/semmexico\/wp-json\/wp\/v2\/tags?post=94169"}],"curies":[{"name":"wp","href":"https:\/\/api.w.org\/{rel}","templated":true}]}}