{"id":9411,"date":"2019-07-02T16:54:42","date_gmt":"2019-07-02T16:54:42","guid":{"rendered":"https:\/\/redsemlac.com\/semmexico\/?p=9411"},"modified":"2023-07-21T14:50:13","modified_gmt":"2023-07-21T19:50:13","slug":"unidades-de-genero-buscan-erradicar-la-desigualdad-briceno-zuloaga","status":"publish","type":"post","link":"https:\/\/redsemlac.com\/semmexico\/unidades-de-genero-buscan-erradicar-la-desigualdad-briceno-zuloaga\/","title":{"rendered":"Unidades de g\u00e9nero buscan erradicar la desigualdad: Brice\u00f1o Zuloaga"},"content":{"rendered":"\n<ul class=\"wp-block-list\"><li><strong><em>Considera necesario adecuar legislaciones de\npartidos pol\u00edticos e instituciones y procedimientos electorales, para hacer\nefectiva la participaci\u00f3n de las mujeres.<\/em><\/strong><\/li><\/ul>\n\n\n\n<p class=\"wp-block-paragraph\"><strong>Redacci\u00f3n<\/strong><\/p>\n\n\n\n<p class=\"wp-block-paragraph\">SemM\u00e9xico. Ciudad de M\u00e9xico. 2 de julio 2019.- La presidenta\nde la Comisi\u00f3n de Igualdad de G\u00e9nero, diputada Mar\u00eda Wendy Brice\u00f1o Zuloaga\n(Morena), se\u00f1al\u00f3 que la paridad debe hacerse valer en todas las instancias\njur\u00eddicas y administrativas, desde las secretar\u00edas de Estado hasta gobiernos municipales,\na trav\u00e9s de la operaci\u00f3n de las unidades de g\u00e9nero.<\/p>\n\n\n\n<p class=\"wp-block-paragraph\">En el Ciclo de conferencias magistrales en materia de\nIgualdad de G\u00e9nero, realizadas con el Centro de Estudio de Derecho e\nInvestigaciones Parlamentarias (CEDIP), la legisladora subray\u00f3 que las unidades\nde g\u00e9nero buscan erradicar de la cultura laboral aquellos justificantes y\nmotivantes de desigualdades y hacer efectiva la participaci\u00f3n de las mujeres,\nas\u00ed como garantizar el ejercicio de igualdad.<\/p>\n\n\n\n<p class=\"wp-block-paragraph\">Se\u00f1al\u00f3 que se requiere incorporar la paridad en el trabajo\nt\u00e9cnico legislativo y hacer un an\u00e1lisis con perspectiva de g\u00e9nero a decenas de\nordenamientos federales, en particular a las leyes generales de Partidos\nPol\u00edticos y la de Instituciones y Procedimientos Electorales, as\u00ed como a la Ley\nOrg\u00e1nica del Poder Judicial de la Federaci\u00f3n y distintas reglamentaciones de\nlos organismos aut\u00f3nomos.<\/p>\n\n\n\n<p class=\"wp-block-paragraph\">Afirm\u00f3 que la paridad de g\u00e9nero en la C\u00e1mara de Diputados no\ns\u00f3lo es un n\u00famero, sino la representaci\u00f3n de m\u00e1s de la mitad de la poblaci\u00f3n;\npor ello, todas las modificaciones legislativas deben contener una orientaci\u00f3n\ncon esta perspectiva y traducirse en acciones concretas para lograr la igualdad\nsustantiva e impulsar la distribuci\u00f3n equitativa de las responsabilidades del\npoder.<\/p>\n\n\n\n<p class=\"wp-block-paragraph\">La diputada Roc\u00edo del Pilar Villarauz Mart\u00ednez (Morena),\nsecretaria de la Comisi\u00f3n de Igualdad de G\u00e9nero, resalt\u00f3 que esta instancia\ntrabaja en el an\u00e1lisis de 35 leyes, a fin de acelerar la creaci\u00f3n de las normas\nsecundarias en materia de equidad.<\/p>\n\n\n\n<p class=\"wp-block-paragraph\">Apunt\u00f3 que un campo que debe ser abordado con detenimiento\nes garantizar el acceso a la justicia de las mujeres para que los juicios se\nrealicen bajo una perspectiva de g\u00e9nero.<\/p>\n\n\n\n<p class=\"wp-block-paragraph\">Indic\u00f3 que existe un pendiente en el \u00e1mbito del Poder\nJudicial respecto a su composici\u00f3n estructural, toda vez que de los once\nintegrantes de la Suprema Corte de Justicia de la Naci\u00f3n, s\u00f3lo dos son mujeres.<\/p>\n\n\n\n<p class=\"wp-block-paragraph\">El Secretario de Servicios Parlamentarios, de la C\u00e1mara de\nDiputados, Hugo Christian Rosas de Le\u00f3n, destac\u00f3 la importancia de este ciclo\nde conferencias, ya que desde la reflexi\u00f3n acad\u00e9mica, el Congreso puede generar\nmodificaciones a las disposiciones legales, fundamentadas en el trabajo y\naportaciones de los especialistas.<\/p>\n\n\n\n<p class=\"wp-block-paragraph\">Resalt\u00f3 que esta Legislatura tiene el n\u00famero m\u00e1s alto de\nmujeres en su historia, lo cual es el resultado de luchas y reivindicaciones\nque se plasmaron en normas legales constitucionales para lograr la equidad en\ntodos los \u00e1mbitos de la sociedad.<\/p>\n\n\n\n<p class=\"wp-block-paragraph\">En su turno, Juan Carlos Cervantes G\u00f3mez, encargado del\ndespacho de la direcci\u00f3n general del CEDIP, consider\u00f3 que para llegar a una\ntotal equidad de g\u00e9nero en los diversos aspectos jur\u00eddicos se requieren\nmodificaciones en el \u00e1rea de derecho comparado.<\/p>\n\n\n\n<p class=\"wp-block-paragraph\">Durante la conferencia \u201cRetos en diversos \u00e1mbitos del Estado\nmexicano para concretar la reforma constitucional en materia de paridad de\ng\u00e9nero\u201d, la titular de la Unidad para la Igualdad de G\u00e9nero de la C\u00e1mara de\nDiputados, Beatriz Santamar\u00eda Monjaraz, destac\u00f3 que M\u00e9xico es el cuarto pa\u00eds a\nnivel mundial en tener un congreso paritario. Resalt\u00f3 que la llegada de las\nmujeres a los puestos de representaci\u00f3n es resultado del ejercicio de su participaci\u00f3n\npol\u00edtica durante tantos procesos de trabajo, movilizaci\u00f3n y lucha por la\nreivindicaci\u00f3n de los derechos pol\u00edticos.<\/p>\n\n\n\n<p class=\"wp-block-paragraph\">Explic\u00f3 que con la reciente reforma constitucional en este\ntema de equidad se establece el principio de paridad de g\u00e9nero y se construye\nun piso base com\u00fan para una transformaci\u00f3n cultural. Consider\u00f3 que se deben\nacelerar las reformas secundarias, es decir, traducirlo en un andamiaje\nnormativo-jur\u00eddico para que este principio se pueda materializar en todos los\n\u00e1mbitos.<\/p>\n\n\n\n<p class=\"wp-block-paragraph\">Resalt\u00f3 que se tienen grandes desaf\u00edos en la armonizaci\u00f3n\nlegislativa de, por lo menos, 35 leyes generales, para lo cual se debe dar una\ndiscusi\u00f3n y conversar sobre distintos temas, porque hay aspectos culturales que\nvan a permear, obstaculizar la reforma y \u201cuno de ellos es la violencia pol\u00edtica\ncontra las mujeres\u201d.<\/p>\n\n\n\n<p class=\"wp-block-paragraph\">Por ello, destac\u00f3 que es urgente tipificar el delito de\nviolencia pol\u00edtica, ya que s\u00f3lo Oaxaca, Veracruz, el estado de M\u00e9xico y\nGuanajuato lo tienen tipificado y \u201clas legisladoras ya est\u00e1n trabajando en\neso\u201d.<\/p>\n\n\n\n<p class=\"wp-block-paragraph\">Estim\u00f3 que algunos retos para el avance de la reforma\nparitaria son superar las barreras estructurales; sentar las bases jur\u00eddicas\ndel sistema de cuidados; cerrar la brecha salarial; impulsar cambios al sistema\nde pensiones y redistribuir el gasto p\u00fablico, a fin de que haya servicios\nadministrativos con perspectiva de g\u00e9nero y acceder a puestos en condiciones de\nigualdad de oportunidades.<\/p>\n\n\n\n<p class=\"wp-block-paragraph\">En tanto, el secretario del Tercer Tribunal Colegiado en\nmateria administrativa del Sexto Circuito del Poder Judicial de la Federaci\u00f3n,\nRa\u00fal Andrade Osorio, indic\u00f3 que este tema no debe ser tomado \u00fanicamente como\nmoda, pues de concretarse las acciones que se\u00f1ala la normatividad, se\nerradicar\u00edan muchos de los problemas en este rubro.<\/p>\n\n\n\n<p class=\"wp-block-paragraph\">Indic\u00f3 la necesidad revisar con precisi\u00f3n las normas\nantiqu\u00edsimas, especialmente las que tienen una discriminaci\u00f3n indirecta hacia\nlas mujeres, porque aunque parecen neutras en apariencia, incurren en pr\u00e1cticas\ninjustas.<\/p>\n\n\n\n<p class=\"wp-block-paragraph\">&nbsp;\u201cEstas normas\naparentemente neutras son dif\u00edciles de identificar, por ejemplo, las que exigen\nestaturas m\u00ednimas para entrar al Ej\u00e9rcito o Fuerza A\u00e9rea, lo que ser\u00eda un claro\ncaso de discriminaci\u00f3n por un requisito aparentemente neutro\u201d.<\/p>\n\n\n\n<p class=\"wp-block-paragraph\">Para saber si esta norma es neutra, precis\u00f3 Andrade Osorio,\ntendr\u00edamos que acudir a las estad\u00edsticas del Inegi, quien informar\u00e1 cu\u00e1l es la\nestura promedio de la mujer mexicana, y si \u00e9sta es 1:60, entonces ver\u00edamos que\ns\u00ed hay una discriminaci\u00f3n.<\/p>\n\n\n\n<p class=\"wp-block-paragraph\">Luis Andr\u00e9s Cucarella Galiana, profesor de Derecho Procesal\nde la Universidad de Valencia, Espa\u00f1a, propuso crear una ley integral en\nmateria de protecci\u00f3n del derecho a la igualdad que abarque todos los supuestos\nde discriminaci\u00f3n y luche contra \u00e9sta en los \u00e1mbitos educativo, sanitario,\nlaboral, recursos p\u00fablicos y proceso legal.<\/p>\n\n\n\n<p class=\"wp-block-paragraph\">Durante su ponencia titulada \u201cProtecci\u00f3n Jurisdiccional del\nDerecho a la Igualdad, Especialidades Procesales en la Materia, Igualdad\nEfectiva entre Mujeres y Hombres\u201d, puntualiz\u00f3 esta ley debe incluir no s\u00f3lo la\nprotecci\u00f3n de la mujer y los supuestos de discriminaci\u00f3n por motivos de g\u00e9nero,\nsino por discapacidad, orientaci\u00f3n sexual, etnia, motivos religiosos,\npertenencia a cualquier otro \u00e1mbito o grupo.<\/p>\n\n\n\n<p class=\"wp-block-paragraph\">&nbsp;\u201cEsta ley puede\ncolocar a M\u00e9xico en un referente en Am\u00e9rica como pa\u00eds que aprueba un\nordenamiento integral en materia de protecci\u00f3n y el derecho a la igualdad y\navanzar para construir una sociedad justa y democr\u00e1tica, que respete la\ndignidad de las mujeres y en general la de todas las personas\u201d, afirm\u00f3.<\/p>\n\n\n\n<p class=\"wp-block-paragraph\">Mencion\u00f3 que Espa\u00f1a tiene la Ley General de Publicidad, que\nconsidera il\u00edcita la difusi\u00f3n que presente a la mujer como objeto que perpet\u00faa\nun rol de \u00e9sta ligado a tareas tradicionales e hist\u00f3ricas que se han\nconsiderado propias de la mujer. \u201cSe califica de il\u00edcita porque atenta contra\nla dignidad, es discriminatoria y genera a que siga existiendo violencia de\ng\u00e9nero. Cuando exista una campa\u00f1a que discrimine a la mujer, el Instituto de\nViolencia de G\u00e9nero contra la Mujer, El Instituto de la Mujer o el Ministerio\nFiscal pueden presentar una demanda para cesarla\u201d.<\/p>\n\n\n\n<p class=\"wp-block-paragraph\">El tambi\u00e9n doctor en derecho por la Universidad de Bolonia, Italia, inform\u00f3 que desde el a\u00f1o 2000 la Uni\u00f3n Europea legisl\u00f3 en materia de igualdad efectiva entre mujeres y hombres; cre\u00f3 espacios de libertad, seguridad y justicia. Asimismo, en materia de discriminaci\u00f3n por motivos de extranjer\u00eda, discriminaci\u00f3n sexual, pertenecer a una etnia o grupos religiosos. \u201cCon esto se contribuye a integrar el continente europeo\u201d.<\/p>\n\n\n\n<p class=\"wp-block-paragraph\">SEM\/IL<\/p>\n","protected":false},"excerpt":{"rendered":"<p>la paridad debe hacerse valer en todas las instancias jur\u00eddicas y administrativas<\/p>\n","protected":false},"author":3,"featured_media":9412,"comment_status":"open","ping_status":"open","sticky":false,"template":"","format":"standard","meta":{"_monsterinsights_skip_tracking":false,"footnotes":""},"categories":[690,50],"tags":[],"class_list":["post-9411","post","type-post","status-publish","format-standard","has-post-thumbnail","category-690","category-congreso"],"_links":{"self":[{"href":"https:\/\/redsemlac.com\/semmexico\/wp-json\/wp\/v2\/posts\/9411","targetHints":{"allow":["GET"]}}],"collection":[{"href":"https:\/\/redsemlac.com\/semmexico\/wp-json\/wp\/v2\/posts"}],"about":[{"href":"https:\/\/redsemlac.com\/semmexico\/wp-json\/wp\/v2\/types\/post"}],"author":[{"embeddable":true,"href":"https:\/\/redsemlac.com\/semmexico\/wp-json\/wp\/v2\/users\/3"}],"replies":[{"embeddable":true,"href":"https:\/\/redsemlac.com\/semmexico\/wp-json\/wp\/v2\/comments?post=9411"}],"version-history":[{"count":0,"href":"https:\/\/redsemlac.com\/semmexico\/wp-json\/wp\/v2\/posts\/9411\/revisions"}],"wp:featuredmedia":[{"embeddable":true,"href":"https:\/\/redsemlac.com\/semmexico\/wp-json\/wp\/v2\/media\/9412"}],"wp:attachment":[{"href":"https:\/\/redsemlac.com\/semmexico\/wp-json\/wp\/v2\/media?parent=9411"}],"wp:term":[{"taxonomy":"category","embeddable":true,"href":"https:\/\/redsemlac.com\/semmexico\/wp-json\/wp\/v2\/categories?post=9411"},{"taxonomy":"post_tag","embeddable":true,"href":"https:\/\/redsemlac.com\/semmexico\/wp-json\/wp\/v2\/tags?post=9411"}],"curies":[{"name":"wp","href":"https:\/\/api.w.org\/{rel}","templated":true}]}}