{"id":94077,"date":"2025-03-26T10:39:06","date_gmt":"2025-03-26T16:39:06","guid":{"rendered":"https:\/\/redsemlac.com\/semmexico\/?p=94077"},"modified":"2025-03-26T10:39:06","modified_gmt":"2025-03-26T16:39:06","slug":"presentara-paula-hawkins-su-novela-mas-reciente-la-horaaazul-en-el-centro-de-creacion-literaria-xavier-villaurrutia","status":"publish","type":"post","link":"https:\/\/redsemlac.com\/semmexico\/presentara-paula-hawkins-su-novela-mas-reciente-la-horaaazul-en-el-centro-de-creacion-literaria-xavier-villaurrutia\/","title":{"rendered":"Presentar\u00e1 Paula Hawkins su novela m\u00e1s reciente,\u00a0La HoraAazul, en el centro de creaci\u00f3n literaria Xavier Villaurrutia"},"content":{"rendered":"\n<p class=\"wp-block-paragraph\">La autora brit\u00e1nica hablar\u00e1 sobre su obra el martes 25 de marzo a las 19 horas<\/p>\n\n\n\n<p class=\"wp-block-paragraph\">Redacci\u00f3n<\/p>\n\n\n\n<p class=\"wp-block-paragraph\">SemM\u00e9xico, Cd. de M\u00e9xico, 26 de marzo, 2025.- La Secretar\u00eda de Cultura del Gobierno de M\u00e9xico y el Instituto Nacional de Bellas Artes y Literatura (INBAL), a trav\u00e9s de la Coordinaci\u00f3n Nacional de Literatura, realizar\u00e1n la presentaci\u00f3n editorial de&nbsp;<em>La hora&nbsp;<\/em>azul de la escritora Paula Hawkins, en la que participar\u00e1 la propia autora brit\u00e1nica. La actividad se llevar\u00e1 a cabo el martes 25 de marzo a las 19 horas, en el Centro de Creaci\u00f3n Literaria Xavier Villaurrutia.<\/p>\n\n\n\n<p class=\"wp-block-paragraph\">La novela relata la historia de un hallazgo macabro, en el que una de las esculturas m\u00e1s famosas de la c\u00e9lebre y ya fallecida artista Vanessa Chapman resulta ser humana, y no pertenece a un animal, como se cre\u00eda inicialmente, lo que capta la atenci\u00f3n del p\u00fablico. Ante la posible devaluaci\u00f3n de la obra, Sebastian Lennox, director de la Fundaci\u00f3n Fairburn, env\u00eda a James Becker a la remota isla escocesa de Eris, en la que Vanessa viv\u00eda, para investigar el misterio detr\u00e1s del hallazgo.<\/p>\n\n\n\n<p class=\"wp-block-paragraph\">En una entrevista para el canal Espacio Fundaci\u00f3n Telef\u00f3nica Madrid, la autora de&nbsp;<em>La hora azul&nbsp;<\/em>se\u00f1al\u00f3 que, a lo largo del libro, est\u00e1 presente la necesidad del aislamiento y la libertad de un artista, as\u00ed como ser parte de una comunidad para encontrar inspiraci\u00f3n: \u201cAh\u00ed se dio inicio a esta obra, en esta isla de Escocia, a la que se puede llegar tan solo cuando la marea es baja (\u2026) Me fascin\u00f3 esa idea de vivir en un lugar as\u00ed, del tipo de persona que escoger\u00eda vivir en un lugar que se encuentra totalmente separado de tierra firme dos veces al d\u00eda\u201d.&nbsp;<\/p>\n\n\n\n<figure class=\"wp-block-image\"><img decoding=\"async\" src=\"https:\/\/lh7-rt.googleusercontent.com\/docsz\/AD_4nXeQVn3yccbMYVkQm2on3hoyfuAgMJ72G74TUtoeAt6o5_FkAxvV-YhmZnqtpv7M2t0lZNlI51UyoFPfdw4q0pwYyChJmwPi8s-RF0vFq2WpNtyraahH9xaDaHmv8LGJCclxRbY1E6UbzkJNdJtOl_I?key=dXUaXj1sZg86LbQsAgRvZ6iS\" alt=\"Logotipo\n\nEl contenido generado por IA puede ser incorrecto.\"\/><\/figure>\n\n\n\n<p class=\"wp-block-paragraph\">Paula Hawkins es periodista y autora de novela negra. Entre sus obras destacan&nbsp;<em>La chica del tren<\/em>&nbsp;(2015), la cual se convirti\u00f3 en uno de los libros m\u00e1s vendidos de la \u00faltima d\u00e9cada y ha sido adaptada al cine. Es tambi\u00e9n autora de&nbsp;<em>Escrito en el agua<\/em>&nbsp;(2017),<em>&nbsp;A fuego lento<\/em>&nbsp;(2021) y&nbsp;<em>Punto ciego<\/em>&nbsp;(2022). Es una de las novelistas m\u00e1s le\u00eddas a nivel mundial, con m\u00e1s de 29 millones de ejemplares vendidos en m\u00e1s de 50 pa\u00edses.&nbsp;<\/p>\n","protected":false},"excerpt":{"rendered":"<p>La autora brit\u00e1nica hablar\u00e1 sobre su obra el martes 25 de marzo a las 19 horas Redacci\u00f3n SemM\u00e9xico, Cd. de M\u00e9xico, 26 de marzo, 2025.- La Secretar\u00eda de Cultura del Gobierno de M\u00e9xico y el Instituto Nacional de Bellas Artes y Literatura (INBAL), a trav\u00e9s de la Coordinaci\u00f3n Nacional de Literatura, realizar\u00e1n la presentaci\u00f3n editorial [&hellip;]<\/p>\n","protected":false},"author":3,"featured_media":94078,"comment_status":"open","ping_status":"open","sticky":false,"template":"","format":"standard","meta":{"_monsterinsights_skip_tracking":false,"footnotes":""},"categories":[748],"tags":[],"class_list":["post-94077","post","type-post","status-publish","format-standard","has-post-thumbnail","category-cultura-feminista"],"_links":{"self":[{"href":"https:\/\/redsemlac.com\/semmexico\/wp-json\/wp\/v2\/posts\/94077","targetHints":{"allow":["GET"]}}],"collection":[{"href":"https:\/\/redsemlac.com\/semmexico\/wp-json\/wp\/v2\/posts"}],"about":[{"href":"https:\/\/redsemlac.com\/semmexico\/wp-json\/wp\/v2\/types\/post"}],"author":[{"embeddable":true,"href":"https:\/\/redsemlac.com\/semmexico\/wp-json\/wp\/v2\/users\/3"}],"replies":[{"embeddable":true,"href":"https:\/\/redsemlac.com\/semmexico\/wp-json\/wp\/v2\/comments?post=94077"}],"version-history":[{"count":0,"href":"https:\/\/redsemlac.com\/semmexico\/wp-json\/wp\/v2\/posts\/94077\/revisions"}],"wp:featuredmedia":[{"embeddable":true,"href":"https:\/\/redsemlac.com\/semmexico\/wp-json\/wp\/v2\/media\/94078"}],"wp:attachment":[{"href":"https:\/\/redsemlac.com\/semmexico\/wp-json\/wp\/v2\/media?parent=94077"}],"wp:term":[{"taxonomy":"category","embeddable":true,"href":"https:\/\/redsemlac.com\/semmexico\/wp-json\/wp\/v2\/categories?post=94077"},{"taxonomy":"post_tag","embeddable":true,"href":"https:\/\/redsemlac.com\/semmexico\/wp-json\/wp\/v2\/tags?post=94077"}],"curies":[{"name":"wp","href":"https:\/\/api.w.org\/{rel}","templated":true}]}}