{"id":94057,"date":"2025-03-25T22:28:30","date_gmt":"2025-03-26T04:28:30","guid":{"rendered":"https:\/\/redsemlac.com\/semmexico\/?p=94057"},"modified":"2025-03-25T22:28:31","modified_gmt":"2025-03-26T04:28:31","slug":"diputados-y-diputadas-respaldan-a-cuauhtemoc-blanco-desechan-solicitud-de-desafuero","status":"publish","type":"post","link":"https:\/\/redsemlac.com\/semmexico\/diputados-y-diputadas-respaldan-a-cuauhtemoc-blanco-desechan-solicitud-de-desafuero\/","title":{"rendered":"Diputados y diputadas respaldan a Cuauht\u00e9moc Blanco: desechan solicitud de desafuero"},"content":{"rendered":"\n<p class=\"wp-block-paragraph\"><strong><\/strong>El diputado subi\u00f3 al estrado antes de la votaci\u00f3n.&nbsp;\/&nbsp;Laura Lovera \/ El Sol de M\u00e9xico<\/p>\n\n\n\n<p class=\"wp-block-paragraph\">\u201cHoy la v\u00edctima se llama Nidia, ma\u00f1ana, se\u00f1oras, mientras sigamos protegiendo al patriarcado y a los machistas y&nbsp;puede ser cualquiera de nosotras; las callaron<\/p>\n\n\n\n<p class=\"wp-block-paragraph\">\u201cMi conciencia est\u00e1 muy tranquila\u201d, dijo el diputado de Morena minutos antes de la votaci\u00f3n desde el estrado, lo que provoc\u00f3 la molestia de las legisladoras de oposici\u00f3n<\/p>\n\n\n\n<p class=\"wp-block-paragraph\">Fernando Merino<\/p>\n\n\n\n<p class=\"wp-block-paragraph\">SemM\u00e9xico\/ El Sol de M\u00e9xico, Cd. de M\u00e9xico, 25 de marzo, 2025.- La&nbsp;C\u00e1mara de Diputados&nbsp;aprob\u00f3 con 291 votos a favor, 158 en contra y 12 abstenciones el&nbsp;dictamen de la Secci\u00f3n Instructora&nbsp;que&nbsp;declara \u201cnotoriamente improcedente\u201d el desafuero&nbsp;contra el&nbsp;diputado morenista<a href=\"https:\/\/oem.com.mx\/elsoldemexico\/mexico\/gestiones-de-cuitlahuac-y-cuauhtemoc-en-la-mira-de-asf-22151023\" target=\"_blank\" rel=\"noreferrer noopener\">&nbsp;Cuauht\u00e9moc Blanco<\/a>, acusado de&nbsp;presunta violaci\u00f3n&nbsp;en grado de tentativa&nbsp;en contra de su media hermana.<\/p>\n\n\n\n<p class=\"wp-block-paragraph\">En el&nbsp;<strong>D\u00eda Naranja<\/strong>, en el que se busca la concientizaci\u00f3n y acci\u00f3n para prevenir y eliminar la violencia contra las mujeres y ni\u00f1as, los&nbsp;diputados de Morena, Partido Verde y PRI votaron a favor del dictamen de la Secci\u00f3n Instructora, presidida por el morenista Hugo \u00c9ric Flores;&nbsp;PAN, PT y MC votaron en contra.<\/p>\n\n\n\n<p class=\"wp-block-paragraph\">De manera sorpresiva y sin que estuviera registrado como orador,<strong>&nbsp;Cuauht\u00e9moc Blanco subi\u00f3 a tribuna antes de iniciar la votaci\u00f3n del dictamen<\/strong>&nbsp;y pidi\u00f3 a los legisladores que lo \u201cescuchen un poquito\u201d. La&nbsp;<strong>irrupci\u00f3n del Blanco provoc\u00f3 empujones&nbsp;<\/strong>entre emecistas que se negaban a permitir que el exgobernador de Morelos emitiera una postura y&nbsp;<strong>mujeres morenistas que lo arroparon al grito de \u201cno est\u00e1s solo\u201d<\/strong><\/p>\n\n\n\n<p class=\"wp-block-paragraph\">Todo esto que se me est\u00e1 haciendo es injustificado. Lo \u00fanico que les pido y que yo con mucho estar\u00eda dispuesto a ir la Fiscal\u00eda; yo no tengo miedo, aqu\u00ed estoy, estoy parado ante ustedes y estoy de frente, d\u00e1ndole la cara<\/p>\n\n\n\n<p class=\"wp-block-paragraph\">Para luego agregar: \u201cNada m\u00e1s<strong>&nbsp;esto fue despu\u00e9s de seis meses<\/strong>, la se\u00f1ora present\u00f3 la demanda en mi contra y&nbsp;<strong>estoy dispuesto a ir a la Fiscal\u00eda<\/strong>&nbsp;sin ning\u00fan temor porque&nbsp;<strong>mi conciencia est\u00e1 muy tranquila<\/strong>\u201d.<\/p>\n\n\n\n<p class=\"wp-block-paragraph\">La&nbsp;<strong>participaci\u00f3n del exgobernador de Morelos&nbsp;<\/strong>permitida por la diputada Belinda Quiroz, integrante de la Secci\u00f3n Instructora,&nbsp;<strong>provoc\u00f3 molestias entre las legisladoras, incluso de Morena.<\/strong><\/p>\n\n\n\n<figure class=\"wp-block-image size-large\"><a href=\"https:\/\/redsemlac.com\/semmexico\/wp-content\/uploads\/2025\/03\/respaldan-cuahutemoc-02.png\"><img loading=\"lazy\" decoding=\"async\" width=\"1024\" height=\"576\" src=\"https:\/\/redsemlac.com\/semmexico\/wp-content\/uploads\/2025\/03\/respaldan-cuahutemoc-02-1024x576.png\" alt=\"\" class=\"wp-image-94060\" srcset=\"https:\/\/redsemlac.com\/semmexico\/wp-content\/uploads\/2025\/03\/respaldan-cuahutemoc-02-1024x576.png 1024w, https:\/\/redsemlac.com\/semmexico\/wp-content\/uploads\/2025\/03\/respaldan-cuahutemoc-02-300x169.png 300w, https:\/\/redsemlac.com\/semmexico\/wp-content\/uploads\/2025\/03\/respaldan-cuahutemoc-02-768x432.png 768w, https:\/\/redsemlac.com\/semmexico\/wp-content\/uploads\/2025\/03\/respaldan-cuahutemoc-02-150x84.png 150w, https:\/\/redsemlac.com\/semmexico\/wp-content\/uploads\/2025\/03\/respaldan-cuahutemoc-02-696x392.png 696w, https:\/\/redsemlac.com\/semmexico\/wp-content\/uploads\/2025\/03\/respaldan-cuahutemoc-02-1068x601.png 1068w, https:\/\/redsemlac.com\/semmexico\/wp-content\/uploads\/2025\/03\/respaldan-cuahutemoc-02.png 1200w\" sizes=\"auto, (max-width: 1024px) 100vw, 1024px\" \/><\/a><\/figure>\n\n\n\n<p class=\"wp-block-paragraph\">Blanco fue arropado por las diputadas de Morena.\u00a0\/\u00a0Laura Lovera \/ El Sol de M\u00e9xico<\/p>\n\n\n\n<p class=\"wp-block-paragraph\">La&nbsp;<strong>diputada morenista Ana\u00eds Burgos<\/strong>, presidenta de la<strong>&nbsp;Comisi\u00f3n de Igualdad de G\u00e9nero<\/strong>, solicit\u00f3 una moci\u00f3n de orden y le fue negada por el<strong>&nbsp;presidente de la Mesa Directiva, Sergio Guti\u00e9rrez Luna<\/strong>, e incluso&nbsp;<strong>le mand\u00f3 a apagar el micr\u00f3fono.<\/strong><\/p>\n\n\n\n<p class=\"wp-block-paragraph\">Mientras la legisladora&nbsp;<strong>X\u00f3chitl Nashielly Zagal Ram\u00edrez<\/strong>, uno de los<strong>&nbsp;21 morenistas que votaron en contra de desechar el desafuero<\/strong>, tambi\u00e9n&nbsp;<strong>le reproch\u00f3 a su compa\u00f1ero de bancada<\/strong>:<\/p>\n\n\n\n<p class=\"wp-block-paragraph\"><strong><em>Te conmino diputado a que solicites licencia y hagas frente a la justicia y que no nos metas en esta contradicci\u00f3n ideol\u00f3gica<\/em><\/strong><\/p>\n\n\n\n<figure class=\"wp-block-image size-large\"><a href=\"https:\/\/redsemlac.com\/semmexico\/wp-content\/uploads\/2025\/03\/respaldan-cuahutemoc-03.png\"><img loading=\"lazy\" decoding=\"async\" width=\"1024\" height=\"576\" src=\"https:\/\/redsemlac.com\/semmexico\/wp-content\/uploads\/2025\/03\/respaldan-cuahutemoc-03-1024x576.png\" alt=\"\" class=\"wp-image-94061\" srcset=\"https:\/\/redsemlac.com\/semmexico\/wp-content\/uploads\/2025\/03\/respaldan-cuahutemoc-03-1024x576.png 1024w, https:\/\/redsemlac.com\/semmexico\/wp-content\/uploads\/2025\/03\/respaldan-cuahutemoc-03-300x169.png 300w, https:\/\/redsemlac.com\/semmexico\/wp-content\/uploads\/2025\/03\/respaldan-cuahutemoc-03-768x432.png 768w, https:\/\/redsemlac.com\/semmexico\/wp-content\/uploads\/2025\/03\/respaldan-cuahutemoc-03-150x84.png 150w, https:\/\/redsemlac.com\/semmexico\/wp-content\/uploads\/2025\/03\/respaldan-cuahutemoc-03-696x392.png 696w, https:\/\/redsemlac.com\/semmexico\/wp-content\/uploads\/2025\/03\/respaldan-cuahutemoc-03-1068x601.png 1068w, https:\/\/redsemlac.com\/semmexico\/wp-content\/uploads\/2025\/03\/respaldan-cuahutemoc-03.png 1200w\" sizes=\"auto, (max-width: 1024px) 100vw, 1024px\" \/><\/a><\/figure>\n\n\n\n<p class=\"wp-block-paragraph\">Hubo enfrentamientos entre las diputadas de Morena y de oposici\u00f3n cuando Blanco tom\u00f3 la palabra.\u00a0\/\u00a0Laura Lovera \/ El Sol de M\u00e9xico<\/p>\n\n\n\n<p class=\"wp-block-paragraph\">La<strong>&nbsp;morenista Meggie Salgado, de Morelos<\/strong>, dijo a sus compa\u00f1eras de Morena que votaron a favor de desechar el dictamen que \u201cantes de estar<strong>&nbsp;escribiendo art\u00edculos de mujeres, de perspectiva de g\u00e9nero, videos hablando<\/strong>, este es el momento, este es el momento de la verdad y es aqu\u00ed donde se ve la congruencia y la dignidad que las mujeres debemos de tener para esta por encima de cualquier cosa\u201d.<\/p>\n\n\n\n<p class=\"wp-block-paragraph\">Al presentar el dictamen, el presidente de la<strong>&nbsp;Secci\u00f3n Instructora de la C\u00e1mara de Diputados<\/strong>&nbsp;afirm\u00f3 que el dictamen que este martes se vot\u00f3 tiene&nbsp;<strong>sustento jur\u00eddico y no personal.<\/strong><\/p>\n\n\n\n<p class=\"wp-block-paragraph\">\u201cEsta determinaci\u00f3n es absolutamente jur\u00eddica, es decir,&nbsp;<strong>no tiene ninguna consideraci\u00f3n de car\u00e1cter personal, partidista o pol\u00edtica<\/strong>&nbsp;o de otra \u00edndole, cuando se ha venido especulando sin sustento alguno\u201d, dijo.<\/p>\n\n\n\n<p class=\"wp-block-paragraph\">La diputada Ivonne Ortega, de Movimiento Ciudadano, intent\u00f3 con forcejeos detener el uso de la palabra de Cuauht\u00e9moc Blanco.&nbsp;\/&nbsp;Laura Lovera \/ El Sol de M\u00e9xico<\/p>\n\n\n\n<p class=\"wp-block-paragraph\">PT, el rebelde de la 4T que vot\u00f3 en contra de desechar desafuero<\/p>\n\n\n\n<p class=\"wp-block-paragraph\">El caso del exgobernador de Morelos&nbsp;<strong>provoc\u00f3 diferencias en la 4T<\/strong>, pues el<strong>&nbsp;Partido del Trabajo (PT)<\/strong>&nbsp;expres\u00f3 que votar\u00eda en contra de desechar el dictamen y as\u00ed lo hicieron.<\/p>\n\n\n\n<p class=\"wp-block-paragraph\">\u201cAnuncio que votaremos en contra de este dictamen. Primero,&nbsp;<strong>hay que decir: en el PT no cedemos a presiones pol\u00edticas a favor, ni en contra<\/strong>, a nosotros no nos van a doblar dici\u00e9ndonos que vamos a votar con el PAN ni nos van a doblar diciendo que no defendemos a las mujeres\u201d, manifest\u00f3 la&nbsp;<strong>diputada Ana Lilia Gil.<\/strong><\/p>\n\n\n\n<p class=\"wp-block-paragraph\">\u201c<strong>Estamos haciendo un voto de principios y de convicci\u00f3n<\/strong>&nbsp;porque somos integrantes de la 4T, en congruencia no podemos decir cada 8 de marzo que la 4T ser\u00e1 feminista o no ser\u00e1 y vanagloriarse desde la tribuna que&nbsp;<strong>tenemos una mujer presidenta<\/strong>\u201d, dijo.<\/p>\n\n\n\n<p class=\"wp-block-paragraph\">Foto\/\u00a0Laura Lovera \/ El Sol de M\u00e9xico<\/p>\n\n\n\n<p class=\"wp-block-paragraph\">Ana Lilia Gil llam\u00f3 a los<strong>&nbsp;diputados de Morena y el Partido Verde<\/strong>&nbsp;a votar en contra del desechamiento del desafuero de Cuauht\u00e9moc Blanco.<\/p>\n\n\n\n<p class=\"wp-block-paragraph\">\u201cLlamamos a no marcar un precedente, llamamos a las diputadas y los diputados de nuestro movimiento a votar en congruencia de nuestros principios,&nbsp;<strong>el PT se apega a los mismos y no cedemos, como dije, a ninguna presi\u00f3n<\/strong>\u201d, indic\u00f3.<\/p>\n\n\n\n<p class=\"wp-block-paragraph\"><strong>Verde y PRI piden a la Fiscal\u00eda de Morelos presentar otra denuncia<\/strong><\/p>\n\n\n\n<p class=\"wp-block-paragraph\">Por su parte, el&nbsp;<strong>diputado Ra\u00fal Bola\u00f1os-Cacho Cu\u00e9, vicecoordinador del PVEM<\/strong>, respondi\u00f3 a los&nbsp;<strong>legisladores del PT<\/strong>&nbsp;que votar en contra del dictamen s\u00f3lo provocar\u00e1 que el&nbsp;<strong>proceso de desafuero sea olvidado en la Secci\u00f3n Instructora<\/strong>, por lo que pidi\u00f3 a votar a favor del desechamiento para que la<strong>&nbsp;Fiscal\u00eda de Morelos presente otra denuncia bien sustentada<\/strong>.<\/p>\n\n\n\n<p class=\"wp-block-paragraph\">\u201c\u00bfSi saben qu<strong>e votando en contra de este dictamen<\/strong>&nbsp;solamente lograr\u00edan regresar una carpeta a dormir el sue\u00f1o de los justos en la Secci\u00f3n Instructora?, con las&nbsp;<strong>pruebas perfectamente mal hechas, con vicios en el procedimiento&nbsp;<\/strong>que no dan certeza jur\u00eddica o de lo contrario. Si el d\u00eda de hoy desechamos esta carpeta y desde aqu\u00ed a nombre de todas las y los diputados del Partido Verde hago un llamado en\u00e9rgico y firme a la Fiscal\u00eda de Morelos para que si hoy esta asamblea decide desechar esta carpeta que la presente el d\u00eda de ma\u00f1ana con elementos, con pruebas\u201d, puntualiz\u00f3.<\/p>\n\n\n\n<figure class=\"wp-block-image size-large\"><a href=\"https:\/\/redsemlac.com\/semmexico\/wp-content\/uploads\/2025\/03\/respaldan-cuahutemoc-04.png\"><img loading=\"lazy\" decoding=\"async\" width=\"1024\" height=\"576\" src=\"https:\/\/redsemlac.com\/semmexico\/wp-content\/uploads\/2025\/03\/respaldan-cuahutemoc-04-1024x576.png\" alt=\"\" class=\"wp-image-94062\" srcset=\"https:\/\/redsemlac.com\/semmexico\/wp-content\/uploads\/2025\/03\/respaldan-cuahutemoc-04-1024x576.png 1024w, https:\/\/redsemlac.com\/semmexico\/wp-content\/uploads\/2025\/03\/respaldan-cuahutemoc-04-300x169.png 300w, https:\/\/redsemlac.com\/semmexico\/wp-content\/uploads\/2025\/03\/respaldan-cuahutemoc-04-768x432.png 768w, https:\/\/redsemlac.com\/semmexico\/wp-content\/uploads\/2025\/03\/respaldan-cuahutemoc-04-150x84.png 150w, https:\/\/redsemlac.com\/semmexico\/wp-content\/uploads\/2025\/03\/respaldan-cuahutemoc-04-696x392.png 696w, https:\/\/redsemlac.com\/semmexico\/wp-content\/uploads\/2025\/03\/respaldan-cuahutemoc-04-1068x601.png 1068w, https:\/\/redsemlac.com\/semmexico\/wp-content\/uploads\/2025\/03\/respaldan-cuahutemoc-04.png 1200w\" sizes=\"auto, (max-width: 1024px) 100vw, 1024px\" \/><\/a><\/figure>\n\n\n\n<p class=\"wp-block-paragraph\">Los legisladores panistas votaron a favor del dictamen para que se analizara nuevamente la petici\u00f3n de desafuero.&nbsp;\/&nbsp;Laura Lovera \/ El Sol de M\u00e9xico<\/p>\n\n\n\n<p class=\"wp-block-paragraph\">En tanto, el<strong>&nbsp;diputado Eruviel Alonso Que, del PRI<\/strong>, se\u00f1al\u00f3 que su bancada votar\u00eda a favor de&nbsp;<strong>declarar improcedente el juicio de desafuero&nbsp;<\/strong>contra Cuauht\u00e9moc Blanco con el&nbsp;<strong>mismo argumento del Partido Verde: evitar que el procedimiento se congele.&nbsp;<\/strong><\/p>\n\n\n\n<p class=\"wp-block-paragraph\">\u201cInstruir y avalar un mal procedimiento, eso s\u00ed es generar impunidad, desaprobar lo determinado por la Secci\u00f3n Instructora har\u00eda que exista la gran posibilidad de que el asunto se congele y adem\u00e1s validar vicios que ya se han presentado, eso s\u00ed implica impunidad.&nbsp;<strong>Exigimos que la Fiscal\u00eda Estatal de Morelos asuma con responsabilidad<\/strong>&nbsp;la debida investigaci\u00f3n de los hechos, de los acontecimientos\u201d, dijo.&nbsp;<\/p>\n\n\n\n<p class=\"wp-block-paragraph\">Mientras que&nbsp;<strong>el PAN, a trav\u00e9s de la diputada Annia G\u00f3mez C\u00e1rdenas, votaron en contra del dictamen<\/strong>&nbsp;y expresaron a la media hermana de Cuauht\u00e9moc Blanco:&nbsp;<strong>\u201cNidia, yo s\u00ed te creo\u201d.&nbsp;<\/strong><\/p>\n\n\n\n<p class=\"wp-block-paragraph\">\u201c<strong>Hoy la v\u00edctima se llama Nidia, ma\u00f1ana<\/strong>, se\u00f1oras, mientras sigamos protegiendo al patriarcado y a los machistas y a los agresores,&nbsp;<strong>puede ser cualquiera de nosotras;<\/strong>&nbsp;ninguna estamos exentas, rompan el pacto que tanto dicen que rompieron con Claudia Sheinbaum\u201d, exigi\u00f3 la legisladora.<\/p>\n","protected":false},"excerpt":{"rendered":"<p>El diputado subi\u00f3 al estrado antes de la votaci\u00f3n.&nbsp;\/&nbsp;Laura Lovera \/ El Sol de M\u00e9xico \u201cHoy la v\u00edctima se llama Nidia, ma\u00f1ana, se\u00f1oras, mientras sigamos protegiendo al patriarcado y a los machistas y&nbsp;puede ser cualquiera de nosotras; las callaron \u201cMi conciencia est\u00e1 muy tranquila\u201d, dijo el diputado de Morena minutos antes de la votaci\u00f3n desde [&hellip;]<\/p>\n","protected":false},"author":3,"featured_media":94059,"comment_status":"open","ping_status":"open","sticky":false,"template":"","format":"standard","meta":{"_monsterinsights_skip_tracking":false,"footnotes":""},"categories":[1],"tags":[],"class_list":["post-94057","post","type-post","status-publish","format-standard","has-post-thumbnail","category-uncategorized"],"_links":{"self":[{"href":"https:\/\/redsemlac.com\/semmexico\/wp-json\/wp\/v2\/posts\/94057","targetHints":{"allow":["GET"]}}],"collection":[{"href":"https:\/\/redsemlac.com\/semmexico\/wp-json\/wp\/v2\/posts"}],"about":[{"href":"https:\/\/redsemlac.com\/semmexico\/wp-json\/wp\/v2\/types\/post"}],"author":[{"embeddable":true,"href":"https:\/\/redsemlac.com\/semmexico\/wp-json\/wp\/v2\/users\/3"}],"replies":[{"embeddable":true,"href":"https:\/\/redsemlac.com\/semmexico\/wp-json\/wp\/v2\/comments?post=94057"}],"version-history":[{"count":0,"href":"https:\/\/redsemlac.com\/semmexico\/wp-json\/wp\/v2\/posts\/94057\/revisions"}],"wp:featuredmedia":[{"embeddable":true,"href":"https:\/\/redsemlac.com\/semmexico\/wp-json\/wp\/v2\/media\/94059"}],"wp:attachment":[{"href":"https:\/\/redsemlac.com\/semmexico\/wp-json\/wp\/v2\/media?parent=94057"}],"wp:term":[{"taxonomy":"category","embeddable":true,"href":"https:\/\/redsemlac.com\/semmexico\/wp-json\/wp\/v2\/categories?post=94057"},{"taxonomy":"post_tag","embeddable":true,"href":"https:\/\/redsemlac.com\/semmexico\/wp-json\/wp\/v2\/tags?post=94057"}],"curies":[{"name":"wp","href":"https:\/\/api.w.org\/{rel}","templated":true}]}}