{"id":94024,"date":"2025-03-24T19:33:05","date_gmt":"2025-03-25T01:33:05","guid":{"rendered":"https:\/\/redsemlac.com\/semmexico\/?p=94024"},"modified":"2025-03-24T19:33:06","modified_gmt":"2025-03-25T01:33:06","slug":"alfa-omega-del-recuerdo-chachita-y-la-chorreada-leyendas-dos-jarochas-en-la-epoca-de-oro-del-cine-76-de-sus-79-anos-en-la-vida-artistica-estaba-en-el-estrellato","status":"publish","type":"post","link":"https:\/\/redsemlac.com\/semmexico\/alfa-omega-del-recuerdo-chachita-y-la-chorreada-leyendas-dos-jarochas-en-la-epoca-de-oro-del-cine-76-de-sus-79-anos-en-la-vida-artistica-estaba-en-el-estrellato\/","title":{"rendered":"Alfa omega del recuerdo| \u201cChachita\u201d y \u201cLa Chorreada\u201d, Leyendas dos jarochas en la \u00e9poca de oro del cine 76, de sus 79 a\u00f1os, en la Vida Art\u00edstica estaba en el estrellato cuando muri\u00f3"},"content":{"rendered":"\n<p class=\"wp-block-paragraph\">\u00b7 Me propongo en esta ocasi\u00f3n entregarle comentarios period\u00edsticos, a efecto de distraernos un poco con gratos recuerdos. las noticias dram\u00e1ticas suceden cada minuto.<\/p>\n\n\n\n<p class=\"wp-block-paragraph\">Jorge Herrera Valenzuela<br>SemM\u00e9xico, Ciudad de M\u00e9xico, 24 de marzo, 2025.- Una vez m\u00e1s, encontr\u00e9 dos historias de una pareja de lindas veracruzanas que incursionaron en el medio art\u00edstico y triunfaron dentro y fuera de nuestras fronteras.<\/p>\n\n\n\n<p class=\"wp-block-paragraph\">Estuvieron en los sets nacionales y los hollywoodenses. Las dos en sus primeros pasos fueron cantantes, estudiaron y las vimos como polifac\u00e9ticas actrices.<br>\u201cChachita\u201d, Eva Mar\u00eda Mu\u00f1oz Ruiz, apenas empezaba a hablar cuando ya figuraba en el reparto de una pel\u00edcula. Blanca Estela Pav\u00f3n Vasconcelos, Celia \u201cLa Chorreada\u201d muere al estar en la cumbre del \u00e9xito cinematogr\u00e1fico.<\/p>\n\n\n\n<p class=\"wp-block-paragraph\">Fue en Minatitl\u00e1n donde el actor y cantante Francisco \u201cPaco\u201d Mu\u00f1oz y su esposa Ernestina Ruiz procrearon a una hermosa bebita, heredera de las dotes del canto y la comedia de su se\u00f1or padre. Evita Mu\u00f1oz naci\u00f3 el 26 de noviembre de 1936.<br>El 21 de febrero de 1926 la cig\u00fce\u00f1a lleg\u00f3 al hogar de don Francisco Pav\u00f3n y do\u00f1a Josefa Vasconcelos, dej\u00e1ndoles a su cuarta y m\u00e1s peque\u00f1a hija, en Orizaba. Apenas comenzaba su adolescencia, cuando Blanca Estela se integr\u00f3 al conjunto de Los Romanceros, como cantante.<\/p>\n\n\n\n<p class=\"wp-block-paragraph\">Las dos seguramente que se conocieron en la d\u00e9cada de los a\u00f1os cuarenta, pues ambas ya estaban demostrando sus ganas de triunfar como cantantes y comediantes. Lograr\u00edan ser actrices muy queridas por el p\u00fablico en todo M\u00e9xico.<br>En mi comentario para no herir susceptibilidades, entre los familiares y admiradores, seguir\u00e9 el camino cronol\u00f3gico.<\/p>\n\n\n\n<p class=\"wp-block-paragraph\">La primera en ver la luz en este mundo y soltar su llanto fue la que habr\u00eda de ser recordada como \u201cLa Chorreada\u201d, cuya vida est\u00e1 salpicada de una an\u00e9cdota ligada al comediante Marco Antonio, muy conocido como \u201cViruta\u201d, pareja de \u201cCapulina\u201d.<\/p>\n\n\n\n<p class=\"wp-block-paragraph\">Llamado de la muerte<\/p>\n\n\n\n<p class=\"wp-block-paragraph\">Suena raro el t\u00edtulo de mi comentario. Da escalofr\u00edo. Viene a la mente aquello de \u201cal que le toca, le toca\u201d o \u201cte salvas del rayo, pero no de la raya\u201d.<\/p>\n\n\n\n<p class=\"wp-block-paragraph\">Empiezo por el final de la corta vida de una joven, de una belleza mestiza. Poco hacia de su cumplea\u00f1os n\u00famero 23, cuando en un accidente a\u00e9reo muri\u00f3 Blanca Estela junto con su padre, quien era su acompa\u00f1ante permanente en las giras de trabajo.<br>2 \/ 5<\/p>\n\n\n\n<p class=\"wp-block-paragraph\">Los Romanceros y su cantante estrella hab\u00edan cumplido un contrato en Tapachula, Chiapas. Hicieron escala en la capital de Oaxaca. Los artistas estaban en \u201cdos tandas de pasajeros\u201d para regresar a la Ciudad de M\u00e9xico. Blanca Estela y su pap\u00e1 formaban parte del segundo grupo para viajar.<\/p>\n\n\n\n<p class=\"wp-block-paragraph\">Sin embargo, cuentan, la joven recibi\u00f3 el recado de que urg\u00eda su presencia en la Capital Mexicana. Era un llamado de trabajo. Un avi\u00f3n por salir, en el cual ella no ten\u00eda lugar reservado ni su pap\u00e1. \u201cViruta\u201d cedi\u00f3 su lugar y consiguieron otro voluntario para dejar el espacio a don Francisco.<\/p>\n\n\n\n<p class=\"wp-block-paragraph\">Se anunci\u00f3 el abordaje al avi\u00f3n Douglas DC3, matr\u00edcula XA DUH. Padre e hija ocuparon sus lugares. Jam\u00e1s imaginaron que recibieron un llamado\u2026de la muerte. La nave estaba pr\u00f3xima a llegar a su destino, pero el capit\u00e1n piloto Alfonso Reboul Lasscassios se report\u00f3 a la Torre de Control M\u00e9xico.<\/p>\n\n\n\n<p class=\"wp-block-paragraph\">\u201cEstoy volando a mil trescientos 1,300 pies de altura. Muy mala la visibilidad. Turbulencias severas\u201d, as\u00ed termin\u00f3 la comunicaci\u00f3n y el avi\u00f3n se estrell\u00f3 en el Pico del Fraile, exactamente en el volc\u00e1n Popocat\u00e9petl. Los habitantes de Atlautla, M\u00e9xico, fueron los primeros en ver c\u00f3mo se desplomaba la nave.<\/p>\n\n\n\n<p class=\"wp-block-paragraph\">El vuelo se hab\u00eda iniciado a las 12:40 horas y a poco tiempo, estaba destrozado el avi\u00f3n, esparcidos los cuerpos de pasajeros y la tripulaci\u00f3n. Entre las v\u00edctimas, el abogado y pol\u00edtico Gabriel Ramos Mill\u00e1n, El Ap\u00f3stol del Ma\u00edz, y el fot\u00f3grafo de prensa Paco Mayo, de la dinast\u00eda espa\u00f1ola-mexicana Hermanos Mayo.<\/p>\n\n\n\n<p class=\"wp-block-paragraph\">La tragedia ensombreci\u00f3 al gremio de actos y actrices. Pedro Infante estaba inconsolable. Lo acompa\u00f1aba Jorge Negrete. \u201cViruta\u201d se encerr\u00f3 en su casa por meses. No quer\u00eda hablar con nadie, no atend\u00eda llamados y se margin\u00f3 del trabajo. Blanca Estela era muy querida por \u00e9l, pues estaban en el conjunto musical.<\/p>\n\n\n\n<p class=\"wp-block-paragraph\">En el Lote de Actores, del Pante\u00f3n Jard\u00edn, est\u00e1n los restos de la muy recordada, por generaciones de los a\u00f1os 50s, actriz que en la trilog\u00eda de pel\u00edculas de Ismael Rodr\u00edguez fue \u201cbautizada\u201d como \u201cCelia, La Chorreada\u201d.<\/p>\n\n\n\n<p class=\"wp-block-paragraph\">Cosas de la vida. Pedro Infante, su pareja profesional, tambi\u00e9n muri\u00f3 al desplomarse el avi\u00f3n que piloteaba de M\u00e9rida a M\u00e9xico. Fue en abril de 1957 y su tumba est\u00e1 en el lote de la ANDA.<\/p>\n\n\n\n<p class=\"wp-block-paragraph\">Precoces artistas mexicanas<\/p>\n\n\n\n<p class=\"wp-block-paragraph\">En el espect\u00e1culo cinematogr\u00e1fico la m\u00e1s peque\u00f1a actriz, comenz\u00f3 su carrera a los 3 a\u00f1os de edad y dedic\u00f3 76 m\u00e1s al cine, teatro y televisi\u00f3n.<\/p>\n\n\n\n<p class=\"wp-block-paragraph\">Las pantallas chicas, la televisi\u00f3n, registran en su historial a una bebita que, a los dos a\u00f1os de nacida, ya estaba frente a las c\u00e1maras. Se cas\u00f3 y, espor\u00e1dicamente, ha vuelto a los estudios de grabaci\u00f3n.<\/p>\n\n\n\n<p class=\"wp-block-paragraph\">3 \/ 5<br>Comentar\u00e9 en esta ocasi\u00f3n sobre la vida de la inolvidable Evita Mu\u00f1oz, que al participar en la pel\u00edcula \u00a1Ay, Jalisco, No Te Rajes!, fue \u201cbautizada\u201d con el sobrenombre de \u201cChachita\u201d.<\/p>\n\n\n\n<p class=\"wp-block-paragraph\">La guapa Anah\u00ed, hizo su debut en el programa televisivo \u201cChiquilladas\u201d en 1985, creo que todav\u00eda ni hablaba, ten\u00eda dos a\u00f1os de edad. La serie infantil estuvo al aire a partir de 1982. Desfilaron por los estudios, Carlitos Espejel, Ginny Hoffman, Lucero, Usi y Carlos Velasco, otros veinte infantes.<\/p>\n\n\n\n<p class=\"wp-block-paragraph\">Como dec\u00eda el pap\u00e1 de Usi y de Carlos, Ra\u00fal Velasco: \u201cA\u00fan Hay M\u00e1s\u201d, porque desde su infancia estuvieron en los sets, estudios y escenarios teatrales, estrellas que Ustedes, estimados visitantes de esta p\u00e1gina digital han conocido.<\/p>\n\n\n\n<p class=\"wp-block-paragraph\">Cuatro nacieron en el desaparecido Distrito Federal, hoy Ciudad de M\u00e9xico, hay una madrile\u00f1a y una norteamericana, ambas con nacionalidad mexicana. Estas \u00faltimas son Belinda y La Novia de M\u00e9xico, Ang\u00e9lica Mar\u00eda. Comenzaron a los 10 y a los 6 a\u00f1os, respectivamente.<\/p>\n\n\n\n<p class=\"wp-block-paragraph\">Las chilangas empezaron en la televisi\u00f3n: Lucerito, en 1969, a los 10 de edad. Danna Paola, en una telenovela, a los 4; Aislin Derbez, en M\u00e9xico ya a los 15, pero principi\u00f3 en Nueva York haciendo un cortometraje y actuando en teatro, a los 9 a\u00f1os en 1995. La cuarta es la ya referida, Anah\u00ed.<\/p>\n\n\n\n<p class=\"wp-block-paragraph\">Rodeada de luminarias<\/p>\n\n\n\n<p class=\"wp-block-paragraph\">La peque\u00f1a orizabe\u00f1a Eva Mar\u00eda Mu\u00f1oz Ruiz, hija \u00fanica del actor y cantante Paco Mu\u00f1oz y de do\u00f1a Ernestina Ruiz, iba a cumplir cuatro a\u00f1os (1940) cuando form\u00f3 parte del reparto de la pel\u00edcula \u201cEl Secreto del Sacerdote\u201d.<\/p>\n\n\n\n<p class=\"wp-block-paragraph\">Estelarizaron Arturo de C\u00f3rdoba, Pedro Armend\u00e1riz, Ren\u00e9 Cardona, Armando Soto La Marina, \u201cEl Chicote\u201d, el periodista Carlos Bravo y Fern\u00e1ndez, \u201cCarlhillos\u201d y Manuel Buend\u00eda, un capitalino que naci\u00f3 en 1906, sin parentesco con mi compadre del mismo nombre.<\/p>\n\n\n\n<p class=\"wp-block-paragraph\">A esos extraodinarios padrinos, habr\u00e1 que sumar los de la siguiente filmaci\u00f3n, \u00a1Ay Jalisco, No Te Rajes!: Jorge Negrete y Gloria Mar\u00edn, \u00c1ngel Garasa, Carlos L\u00f3pez \u201cChafl\u00e1n\u201d. Dirig\u00eda Joselito Rodr\u00edguez, quien a Evita Mu\u00f1oz no le dijo \u201cmuchachita\u201d, sino simplemente la nombr\u00f3 \u201cChachita\u201d.<\/p>\n\n\n\n<p class=\"wp-block-paragraph\">El sobrenombre, que la hizo famosa, cobr\u00f3 popularidad cuando hizo pareja en Nosotros Los Pobres, con Freddy Fern\u00e1ndez \u201cEl Pichi\u201d, a quien en la cinta le llamaron \u201cEl Ata\u201d, por \u201catarantado\u201d. Muchos a\u00f1os despu\u00e9s volvieron a encontrarse en la serie \u201cNosotros los G\u00f3mez\u201d, producida en estudios televisivos, por la que recibieron reconocimientos.<\/p>\n\n\n\n<p class=\"wp-block-paragraph\">Antes de ver en las marquesinas su nombre, con letras grandotas, Evita Mu\u00f1oz fue parte de un programa radiof\u00f3nico que trasmit\u00eda la XEQ, a las siete de la<br>4 \/ 5<br>ma\u00f1ana, La Legi\u00f3n de Los Madrugadores\u201d, dedicado a los ni\u00f1os que se preparaban para salir a la escuela.<\/p>\n\n\n\n<p class=\"wp-block-paragraph\">La peque\u00f1a de 8 a\u00f1os tambi\u00e9n fue llamada para cantar y bailar en la pista del Circo Atayde. En el semanal \u201cRis\u00e1metro\u201d de la XEW, programa en que se contaban chistes y se premiaba al p\u00fablico, tambi\u00e9n particip\u00f3 Chachita.<br>Sus dotes art\u00edsticos, su carisma, su car\u00e1cter animoso le dieron oportunidades varias. Una de ellas, el actor Carlos Montalb\u00e1n la llev\u00f3 a Nueva York para intervenir en la serie Aventuras de una Ni\u00f1a, cuya exhibici\u00f3n fue un \u00e9xito en Centro y Sudam\u00e9rica.<\/p>\n\n\n\n<p class=\"wp-block-paragraph\">La exitosa Chachita en la trilog\u00eda de Nosotros los Podres, Ustedes los Ricos y Pepe El Toro, tuvo otra faceta: ante los micr\u00f3fonos imit\u00f3 a Celia Cruz, a Olga Guillot, a Mona Bella, quienes la felicitaron por interpretarlas \u201ca la perfecci\u00f3n\u201d.<br>La llevaron a los campos de batalla en la guerra de Corea. Con su versatilidad art\u00edstica \u00e1nimo a las tropas norteamericanas.<\/p>\n\n\n\n<p class=\"wp-block-paragraph\">Teatro, cabaret y TV<\/p>\n\n\n\n<p class=\"wp-block-paragraph\">Mujer incansable. Todas las puertas se le abr\u00edan y era recibida con sonrisas. Casada con Hugo Mac\u00edas Macotela, en 1958, fue madre de Eva Martha, Hugo y Mauricio. En una funci\u00f3n del Hip\u00f3dromo de las Am\u00e9ricas, la empresa le impuso su nombre a una de las principales carreras.<\/p>\n\n\n\n<p class=\"wp-block-paragraph\">El gran D\u00e1maso P\u00e9rez Prado la invit\u00f3, como bailarina, a una gira con su orquesta por Filipinas y Jap\u00f3n. Las cr\u00f3nicas reportaron que los espectadores de ojos rasgados, les aplaudieron estrepitosamente.<\/p>\n\n\n\n<p class=\"wp-block-paragraph\">Chachita trabaj\u00f3 en los centros nocturnos y en los teatros de Revista. En la Asociaci\u00f3n Nacional de Actores, la ANDA, le otorgaron la Medalla Virginia F\u00e1bregas, por 75 a\u00f1os ininterrumpidos en el medio.<\/p>\n\n\n\n<p class=\"wp-block-paragraph\">Comparti\u00f3 cr\u00e9ditos en pel\u00edculas con Peter Falk, Columbo, Michael Douglas y Danny Devito. Prest\u00f3 su voz en series animadas infantiles. Adem\u00e1s, qui\u00e9n recuerda el personaje de Hermelinda, la bruja Hermelinda Linda, del cine mexicano. Sus paisanos le festejaron sus \u201cprimeros 70 a\u00f1os de artista\u201d en el Centro Cultural Veracruzano, en el Sur de la Ciudad de M\u00e9xico.<\/p>\n\n\n\n<p class=\"wp-block-paragraph\">\u201cMundo Juguete\u201d y Mujer, Caso de la Vida Real, est\u00e1n anotadas en su curriculum, dos series televisivas que hicieron \u00e9poca. Con Graciela Mauri y Silvia Pinal, como estrellas. Estuvo invitada a uno de los episodios de La Rosa de Guadalupe.<br>Por su papel de \u201cDo\u00f1a Pachita\u201d en la pel\u00edcula de Cantinflas y Mar\u00eda Sort\u00e9, El Barrendero, Chachita fue premiada con una Diosa de Plata.<\/p>\n\n\n\n<p class=\"wp-block-paragraph\">jherrerav@live.com.mx<\/p>\n","protected":false},"excerpt":{"rendered":"<p>\u00b7 Me propongo en esta ocasi\u00f3n entregarle comentarios period\u00edsticos, a efecto de distraernos un poco con gratos recuerdos. las noticias dram\u00e1ticas suceden cada minuto. Jorge Herrera ValenzuelaSemM\u00e9xico, Ciudad de M\u00e9xico, 24 de marzo, 2025.- Una vez m\u00e1s, encontr\u00e9 dos historias de una pareja de lindas veracruzanas que incursionaron en el medio art\u00edstico y triunfaron dentro [&hellip;]<\/p>\n","protected":false},"author":3,"featured_media":70219,"comment_status":"open","ping_status":"open","sticky":false,"template":"","format":"standard","meta":{"_monsterinsights_skip_tracking":false,"footnotes":""},"categories":[94,110,35],"tags":[],"class_list":["post-94024","post","type-post","status-publish","format-standard","has-post-thumbnail","category-jorge-herrera-valenzuela","category-la-opinion-columnas","category-opinion"],"_links":{"self":[{"href":"https:\/\/redsemlac.com\/semmexico\/wp-json\/wp\/v2\/posts\/94024","targetHints":{"allow":["GET"]}}],"collection":[{"href":"https:\/\/redsemlac.com\/semmexico\/wp-json\/wp\/v2\/posts"}],"about":[{"href":"https:\/\/redsemlac.com\/semmexico\/wp-json\/wp\/v2\/types\/post"}],"author":[{"embeddable":true,"href":"https:\/\/redsemlac.com\/semmexico\/wp-json\/wp\/v2\/users\/3"}],"replies":[{"embeddable":true,"href":"https:\/\/redsemlac.com\/semmexico\/wp-json\/wp\/v2\/comments?post=94024"}],"version-history":[{"count":0,"href":"https:\/\/redsemlac.com\/semmexico\/wp-json\/wp\/v2\/posts\/94024\/revisions"}],"wp:featuredmedia":[{"embeddable":true,"href":"https:\/\/redsemlac.com\/semmexico\/wp-json\/wp\/v2\/media\/70219"}],"wp:attachment":[{"href":"https:\/\/redsemlac.com\/semmexico\/wp-json\/wp\/v2\/media?parent=94024"}],"wp:term":[{"taxonomy":"category","embeddable":true,"href":"https:\/\/redsemlac.com\/semmexico\/wp-json\/wp\/v2\/categories?post=94024"},{"taxonomy":"post_tag","embeddable":true,"href":"https:\/\/redsemlac.com\/semmexico\/wp-json\/wp\/v2\/tags?post=94024"}],"curies":[{"name":"wp","href":"https:\/\/api.w.org\/{rel}","templated":true}]}}