{"id":93996,"date":"2025-03-24T17:48:25","date_gmt":"2025-03-24T23:48:25","guid":{"rendered":"https:\/\/redsemlac.com\/semmexico\/?p=93996"},"modified":"2025-03-24T17:48:26","modified_gmt":"2025-03-24T23:48:26","slug":"los-senadores-de-la-4t-rompen-sesion-del-senado-y-dan-la-espalda-a-madres-buscadoras","status":"publish","type":"post","link":"https:\/\/redsemlac.com\/semmexico\/los-senadores-de-la-4t-rompen-sesion-del-senado-y-dan-la-espalda-a-madres-buscadoras\/","title":{"rendered":"Los senadores de la 4t rompen sesi\u00f3n del senado y dan la espalda a madres buscadoras"},"content":{"rendered":"\n<p class=\"wp-block-paragraph\">La desbandada del bloque oficialista ocurri\u00f3 tras una se\u00f1al del coordinador de Morena en la C\u00e1mara Alta, Ad\u00e1n Augusto L\u00f3pez Hern\u00e1ndez, lo que impidi\u00f3 continuar con la sesi\u00f3n.<\/p>\n\n\n\n<p class=\"wp-block-paragraph\">Redacci\u00f3n<\/p>\n\n\n\n<p class=\"wp-block-paragraph\">SemM\u00e9xico, Cd. de M\u00e9xico, 24 de marzo, 2025.- La senadora Mayuli Mart\u00ednez Sim\u00f3n, vicecoordinadora del grupo parlamentario del PAN en el Senado, acus\u00f3 a los legisladores de Morena, PT y PVEM de abandonar la sesi\u00f3n del &nbsp;mi\u00e9rcoles pasado para evitar discutir la crisis de desapariciones en M\u00e9xico y las recientes atrocidades en Jalisco.<\/p>\n\n\n\n<p class=\"wp-block-paragraph\">De acuerdo con la legisladora quintanarroense, la mayor\u00eda oficialista rompi\u00f3 el qu\u00f3rum en el momento en que su bancada presentaba una propuesta para atender la crisis de inseguridad.<\/p>\n\n\n\n<figure class=\"wp-block-image size-full\"><a href=\"https:\/\/redsemlac.com\/semmexico\/wp-content\/uploads\/2025\/03\/senadores-4t-02.jpg\"><img loading=\"lazy\" decoding=\"async\" width=\"1024\" height=\"682\" src=\"https:\/\/redsemlac.com\/semmexico\/wp-content\/uploads\/2025\/03\/senadores-4t-02.jpg\" alt=\"\" class=\"wp-image-93997\" srcset=\"https:\/\/redsemlac.com\/semmexico\/wp-content\/uploads\/2025\/03\/senadores-4t-02.jpg 1024w, https:\/\/redsemlac.com\/semmexico\/wp-content\/uploads\/2025\/03\/senadores-4t-02-300x200.jpg 300w, https:\/\/redsemlac.com\/semmexico\/wp-content\/uploads\/2025\/03\/senadores-4t-02-768x512.jpg 768w, https:\/\/redsemlac.com\/semmexico\/wp-content\/uploads\/2025\/03\/senadores-4t-02-150x100.jpg 150w, https:\/\/redsemlac.com\/semmexico\/wp-content\/uploads\/2025\/03\/senadores-4t-02-696x464.jpg 696w\" sizes=\"auto, (max-width: 1024px) 100vw, 1024px\" \/><\/a><\/figure>\n\n\n\n<p class=\"wp-block-paragraph\">\u201cEsto es lo que est\u00e1 pasando en el Senado de la Rep\u00fablica. No est\u00e1n los senadores de Morena, ni del PT, ni del Verde, porque no quieren que se hable de lo que est\u00e1 pasando en Jalisco, de toda la inseguridad que pasa en M\u00e9xico\u201d, denunci\u00f3 Mayuli Mart\u00ednez a trav\u00e9s de un video en sus redes sociales, en el que muestra los lugares vac\u00edos de los legisladores de la 4T.<\/p>\n\n\n\n<p class=\"wp-block-paragraph\">La senadora panista afirm\u00f3 que la desbandada del bloque oficialista ocurri\u00f3 tras una se\u00f1al del coordinador de Morena en la C\u00e1mara Alta, Ad\u00e1n Augusto L\u00f3pez Hern\u00e1ndez, lo que impidi\u00f3 continuar con la sesi\u00f3n.<\/p>\n\n\n\n<p class=\"wp-block-paragraph\">\u201cSalieron corriendo como cobardes las y los integrantes de la mayor\u00eda, mientras nuestro senador Marco Cort\u00e9s hac\u00eda una propuesta\u201d, reclam\u00f3.<\/p>\n\n\n\n<p class=\"wp-block-paragraph\">Dicha propuesta, explic\u00f3, consist\u00eda en la creaci\u00f3n de una comisi\u00f3n especial para investigar los hechos ocurridos en un rancho de Jalisco, donde se han hallado restos humanos en un caso que ha generado conmoci\u00f3n nacional.<\/p>\n\n\n\n<p class=\"wp-block-paragraph\">Mayuli Mart\u00ednez responsabiliz\u00f3 directamente al gobierno de la 4T por el aumento de la violencia en el pa\u00eds y se\u00f1al\u00f3 que las desapariciones son una consecuencia de la pol\u00edtica de \u201cabrazos, no balazos\u201d del expresidente Andr\u00e9s Manuel L\u00f3pez Obrador.<\/p>\n\n\n\n<p class=\"wp-block-paragraph\">\u201cEstamos pagando la factura de la pol\u00edtica de abrazos, no balazos, del sexenio anterior. Lo que sucede en el pa\u00eds no es una casualidad, es responsabilidad de Morena y de su permisividad con el crimen organizado\u201d, sostuvo.<\/p>\n\n\n\n<p class=\"wp-block-paragraph\">La legisladora enfatiz\u00f3 que este problema no es exclusivo de Jalisco, sino que afecta a todo el pa\u00eds y mencion\u00f3 tambi\u00e9n los casos de Sinaloa, Tamaulipas, Tabasco y Chiapas.<\/p>\n\n\n\n<p class=\"wp-block-paragraph\">A diferencia de los senadores de Morena, PT y Verde, que \u201cle dieron la espalda a las v\u00edctimas\u201d, Mayuli Mart\u00ednez asegur\u00f3 que el PAN est\u00e1 del lado de las madres buscadoras y de todas las personas que han sido afectadas por la crisis de desapariciones.<\/p>\n\n\n\n<p class=\"wp-block-paragraph\">\u201cLe exigimos al gobierno federal que asuma su responsabilidad y que no huya. Es una cobard\u00eda dar la espalda a las madres buscadoras\u201d, declar\u00f3.<\/p>\n\n\n\n<p class=\"wp-block-paragraph\">Finalmente, reiter\u00f3 que su partido seguir\u00e1 exigiendo que el Estado atienda la crisis de desapariciones, garantice justicia a las v\u00edctimas y restablezca la paz en el pa\u00eds.<\/p>\n","protected":false},"excerpt":{"rendered":"<p>La desbandada del bloque oficialista ocurri\u00f3 tras una se\u00f1al del coordinador de Morena en la C\u00e1mara Alta, Ad\u00e1n Augusto L\u00f3pez Hern\u00e1ndez, lo que impidi\u00f3 continuar con la sesi\u00f3n. Redacci\u00f3n SemM\u00e9xico, Cd. de M\u00e9xico, 24 de marzo, 2025.- La senadora Mayuli Mart\u00ednez Sim\u00f3n, vicecoordinadora del grupo parlamentario del PAN en el Senado, acus\u00f3 a los legisladores [&hellip;]<\/p>\n","protected":false},"author":3,"featured_media":93998,"comment_status":"open","ping_status":"open","sticky":false,"template":"","format":"standard","meta":{"_monsterinsights_skip_tracking":false,"footnotes":""},"categories":[50,694],"tags":[],"class_list":["post-93996","post","type-post","status-publish","format-standard","has-post-thumbnail","category-congreso","category-destacadas"],"_links":{"self":[{"href":"https:\/\/redsemlac.com\/semmexico\/wp-json\/wp\/v2\/posts\/93996","targetHints":{"allow":["GET"]}}],"collection":[{"href":"https:\/\/redsemlac.com\/semmexico\/wp-json\/wp\/v2\/posts"}],"about":[{"href":"https:\/\/redsemlac.com\/semmexico\/wp-json\/wp\/v2\/types\/post"}],"author":[{"embeddable":true,"href":"https:\/\/redsemlac.com\/semmexico\/wp-json\/wp\/v2\/users\/3"}],"replies":[{"embeddable":true,"href":"https:\/\/redsemlac.com\/semmexico\/wp-json\/wp\/v2\/comments?post=93996"}],"version-history":[{"count":0,"href":"https:\/\/redsemlac.com\/semmexico\/wp-json\/wp\/v2\/posts\/93996\/revisions"}],"wp:featuredmedia":[{"embeddable":true,"href":"https:\/\/redsemlac.com\/semmexico\/wp-json\/wp\/v2\/media\/93998"}],"wp:attachment":[{"href":"https:\/\/redsemlac.com\/semmexico\/wp-json\/wp\/v2\/media?parent=93996"}],"wp:term":[{"taxonomy":"category","embeddable":true,"href":"https:\/\/redsemlac.com\/semmexico\/wp-json\/wp\/v2\/categories?post=93996"},{"taxonomy":"post_tag","embeddable":true,"href":"https:\/\/redsemlac.com\/semmexico\/wp-json\/wp\/v2\/tags?post=93996"}],"curies":[{"name":"wp","href":"https:\/\/api.w.org\/{rel}","templated":true}]}}