{"id":93948,"date":"2025-03-21T19:24:13","date_gmt":"2025-03-22T01:24:13","guid":{"rendered":"https:\/\/redsemlac.com\/semmexico\/?p=93948"},"modified":"2025-03-21T19:24:39","modified_gmt":"2025-03-22T01:24:39","slug":"develan-en-tlahuitoltepec-mixe-el-mural-20-de-la-campana-oaxaca-sin-chatarra","status":"publish","type":"post","link":"https:\/\/redsemlac.com\/semmexico\/develan-en-tlahuitoltepec-mixe-el-mural-20-de-la-campana-oaxaca-sin-chatarra\/","title":{"rendered":"Develan en Tlahuitoltepec Mixe el mural 20 de la campa\u00f1a Oaxaca sin Chatarra"},"content":{"rendered":"\n<ul class=\"wp-block-list\">\n<li>\u00b7 Tambi\u00e9n busca el cuidado de la tierra, del agua y de nuestros cuerpos<\/li>\n\n\n\n<li>\u00b7 El capitalismo privilegia el signo de pesos, descuidando la vida y nutrici\u00f3n<\/li>\n<\/ul>\n\n\n\n<p class=\"wp-block-paragraph\">Redacci\u00f3n<\/p>\n\n\n\n<p class=\"wp-block-paragraph\">SemM\u00e9xico, Oaxaca, 21 de marzo, 2025.- Con la develaci\u00f3n del mural n\u00famero 20&nbsp;Por el Derecho a la alimentaci\u00f3n sana y nutritiva en el Comedor Comunitario de&nbsp;Santa Mar\u00eda Tlahuitoltepec, Mixe, se avanza en la campa\u00f1a Oaxaca sin Chatarra&nbsp;que impulsan organizaciones de la sociedad civil.<\/p>\n\n\n\n<p class=\"wp-block-paragraph\">La obra realizada por la muralista Ana Xhopa, fue promovida por autoridades de&nbsp;esta municipalidad, organizaciones integrantes del grupo impulsor de la campa\u00f1a&nbsp;Oaxaca Sin Chatarra, representa una mujer sosteniendo mazorcas de ma\u00edz de&nbsp;diversos colores, platos y cazuelas de comida, as\u00ed como una ni\u00f1a y un ni\u00f1o que&nbsp;muestran su vestimenta caracter\u00edstica de la poblaci\u00f3n.<\/p>\n\n\n\n<p class=\"wp-block-paragraph\">Durante la inauguraci\u00f3n, el alcalde \u00fanico Constitucional, Erasmo Hern\u00e1ndez&nbsp;Gonz\u00e1lez expuso que el sistema capitalista \u201cprivilegia el signo de pesos,&nbsp;descuidando la vida y nutrici\u00f3n\u201d. Adem\u00e1s, destac\u00f3 que la comunidad de&nbsp;Tlahuitoltepec ha resistido como pueblo originario e ind\u00edgena ante estos embates. &nbsp;<\/p>\n\n\n\n<p class=\"wp-block-paragraph\">\u201cTratamos de no descuidar lo que nos da la madre naturaleza, lo que nos da la&nbsp;tierra, el agua, los bosques y los seres vivos y no vivos, por eso valoramos&nbsp;y reconocemos la muestra que ustedes dejan aqu\u00ed estampada, bajo figuras que&nbsp;seguramente nos va a permitir reflexionar sobre lo que consumimos y comemos\u201d,&nbsp;dijo.<\/p>\n\n\n\n<p class=\"wp-block-paragraph\">El Regidor suplente de Educaci\u00f3n y Cultura, Pablo Hern\u00e1ndez Jim\u00e9nez coment\u00f3&nbsp;sobre las acciones que la autoridad municipal ha implementado para generar&nbsp;mejores condiciones en el acceso a productos b\u00e1sicos naturales para una mejor&nbsp;alimentaci\u00f3n. &nbsp;<\/p>\n\n\n\n<p class=\"wp-block-paragraph\">Espec\u00edficamente habl\u00f3 sobre la campa\u00f1a de macro-limpieza comunitaria que han&nbsp;promovido institucionalmente. \u201cLa campa\u00f1a de #OaxacasinChatarra coincide con&nbsp;las ideas del Cabildo y nunca dudamos de que se hiciera este agregado m\u00e1s para&nbsp;la salud, para esta campa\u00f1a que vamos a seguir haciendo de la macro-limpieza&nbsp;comunitaria, &nbsp;encaja muy bien con la promoci\u00f3n de una alimentaci\u00f3n sana y&nbsp;nutritiva con base en nuestros propios productos y cosechas\u201d, a\u00f1adi\u00f3. &nbsp;<\/p>\n\n\n\n<p class=\"wp-block-paragraph\">Y\u00e9sica S\u00e1nchez Maya, integrante de la Direcci\u00f3n Colegiada de Consorcio Oaxaca&nbsp;reconoci\u00f3 la hospitalidad y la apertura del Cabildo y la comunidad a esta&nbsp;propuesta, que si bien, dijo no es nueva, coloca nuevos desaf\u00edos en la defensa del&nbsp;derecho a una alimentaci\u00f3n sana y nutritiva. &nbsp;<\/p>\n\n\n\n<p class=\"wp-block-paragraph\">\u201cEs volver a recolocar d\u00f3nde est\u00e1 la apuesta de nuestro cuidado, por nuestros&nbsp;derechos, por una vida digna, por una alimentaci\u00f3n que nos haga tener una vida sana y que no nos la pasemos ente medicamentos, entre hospitales, inyecciones y&nbsp;entre el consumo excesivo\u201d, destac\u00f3 S\u00e1nchez Maya. &nbsp;<\/p>\n\n\n\n<p class=\"wp-block-paragraph\">Esta campa\u00f1a que habla de la alimentaci\u00f3n sana y nutritiva tambi\u00e9n busca el&nbsp;cuidado de la tierra, el cuidado del agua y el cuidado de nuestros cuerpos; a veces&nbsp;no nos explicamos porque en nuestros pueblos existe la obesidad, diabetes,&nbsp;hipertensi\u00f3n y mucho de esto es originado, en Oaxaca en espec\u00edfico por el&nbsp;consumo de estos productos\u201d, subray\u00f3. &nbsp;<\/p>\n\n\n\n<p class=\"wp-block-paragraph\">Dijo que prueba de ello es que en M\u00e9xico cada a\u00f1o mueren 40 mil personas por el&nbsp;consumo de estos productos, y \u2013adem\u00e1s destac\u00f3-, para producir un refresco se&nbsp;pierden 35 litros de agua. \u201cEs importante recuperar la identidad y el legado de&nbsp;nuestros pueblos en lo que se come naturalmente\u201d, dijo. &nbsp;<\/p>\n\n\n\n<p class=\"wp-block-paragraph\">S\u00e1nchez Maya reconoci\u00f3 que los puentes generados por la maestra Idolina&nbsp;Gallardo, enlace con la campa\u00f1a, para generar el aterrizaje territorial de&nbsp;#OaxacaSinChatarra, pues dijo: \u201clos procesos de exigencia de derechos toman&nbsp;sentido cuando la ciudadan\u00eda los toma y se apropia de ellos. &nbsp;<\/p>\n\n\n\n<p class=\"wp-block-paragraph\">Por su parte, Laura Dolores M\u00e9ndez Andr\u00e9s, coordinadora de Espiral para la Vida&nbsp;A.C destac\u00f3 que como parte de la campa\u00f1a han llevado a cabo acciones p\u00fablicas&nbsp;de protesta, producci\u00f3n de material audiovisual, recetarios, libros para colorear y&nbsp;materiales did\u00e1cticos con la finalidad de acercar informaci\u00f3n \u00fatil a las ni\u00f1eces y&nbsp;juventudes. \u201cCon la develaci\u00f3n de este mural reafirmamos este compromiso con la&nbsp;salud y el bienestar de las comunidades\u201d, destac\u00f3. &nbsp;<\/p>\n\n\n\n<p class=\"wp-block-paragraph\">En su momento, la artista y muralista Ana Xhopa, comparti\u00f3 su sentir ante el grave&nbsp;contexto de crisis de derechos humanos y la crisis clim\u00e1tica que atraviesa M\u00e9xico&nbsp;y particularmente Oaxaca.<\/p>\n\n\n\n<p class=\"wp-block-paragraph\">\u201cNos han quitado tanto las tierras que ya no hay de donde trabajar, nos han&nbsp;contaminado tanto, nos ha lastimado tanto que parece ser que ya no podemos&nbsp;vivir en nuestro pueblo y tenemos que salir a buscar el pan de nuestras familias;&nbsp;vengo de un lugar donde nuestras tierras campesinas se convirtieron en parques&nbsp;e\u00f3licos e industriales y duele porque la violencia tambi\u00e9n nos ha llegado y han&nbsp;contaminado nuestras aguas y nuestros r\u00edos\u201d, subray\u00f3. &nbsp;<\/p>\n\n\n\n<p class=\"wp-block-paragraph\">SEM\/sj<\/p>\n\n\n\n<figure class=\"wp-block-gallery has-nested-images columns-default is-cropped wp-block-gallery-1 is-layout-flex wp-block-gallery-is-layout-flex\">\n<figure class=\"wp-block-image size-large\"><a href=\"https:\/\/redsemlac.com\/semmexico\/wp-content\/uploads\/2025\/03\/Mural-de-tlahuitoltepec.jpeg\"><img loading=\"lazy\" decoding=\"async\" width=\"1024\" height=\"682\" data-id=\"93950\" src=\"https:\/\/redsemlac.com\/semmexico\/wp-content\/uploads\/2025\/03\/Mural-de-tlahuitoltepec-1024x682.jpeg\" alt=\"\" class=\"wp-image-93950\" srcset=\"https:\/\/redsemlac.com\/semmexico\/wp-content\/uploads\/2025\/03\/Mural-de-tlahuitoltepec-1024x682.jpeg 1024w, https:\/\/redsemlac.com\/semmexico\/wp-content\/uploads\/2025\/03\/Mural-de-tlahuitoltepec-300x200.jpeg 300w, https:\/\/redsemlac.com\/semmexico\/wp-content\/uploads\/2025\/03\/Mural-de-tlahuitoltepec-768x512.jpeg 768w, https:\/\/redsemlac.com\/semmexico\/wp-content\/uploads\/2025\/03\/Mural-de-tlahuitoltepec-1536x1023.jpeg 1536w, https:\/\/redsemlac.com\/semmexico\/wp-content\/uploads\/2025\/03\/Mural-de-tlahuitoltepec-150x100.jpeg 150w, https:\/\/redsemlac.com\/semmexico\/wp-content\/uploads\/2025\/03\/Mural-de-tlahuitoltepec-696x464.jpeg 696w, https:\/\/redsemlac.com\/semmexico\/wp-content\/uploads\/2025\/03\/Mural-de-tlahuitoltepec-1068x712.jpeg 1068w, https:\/\/redsemlac.com\/semmexico\/wp-content\/uploads\/2025\/03\/Mural-de-tlahuitoltepec.jpeg 1600w\" sizes=\"auto, (max-width: 1024px) 100vw, 1024px\" \/><\/a><\/figure>\n\n\n\n<figure class=\"wp-block-image size-large\"><a href=\"https:\/\/redsemlac.com\/semmexico\/wp-content\/uploads\/2025\/03\/ANA-XOPA.jpeg\"><img loading=\"lazy\" decoding=\"async\" width=\"768\" height=\"512\" data-id=\"93952\" src=\"https:\/\/redsemlac.com\/semmexico\/wp-content\/uploads\/2025\/03\/ANA-XOPA.jpeg\" alt=\"\" class=\"wp-image-93952\" srcset=\"https:\/\/redsemlac.com\/semmexico\/wp-content\/uploads\/2025\/03\/ANA-XOPA.jpeg 768w, https:\/\/redsemlac.com\/semmexico\/wp-content\/uploads\/2025\/03\/ANA-XOPA-300x200.jpeg 300w, https:\/\/redsemlac.com\/semmexico\/wp-content\/uploads\/2025\/03\/ANA-XOPA-150x100.jpeg 150w, https:\/\/redsemlac.com\/semmexico\/wp-content\/uploads\/2025\/03\/ANA-XOPA-696x464.jpeg 696w\" sizes=\"auto, (max-width: 768px) 100vw, 768px\" \/><\/a><\/figure>\n\n\n\n<figure class=\"wp-block-image size-large\"><a href=\"https:\/\/redsemlac.com\/semmexico\/wp-content\/uploads\/2025\/03\/MURAL-TLAHUI-2.jpeg\"><img loading=\"lazy\" decoding=\"async\" width=\"1024\" height=\"576\" data-id=\"93951\" src=\"https:\/\/redsemlac.com\/semmexico\/wp-content\/uploads\/2025\/03\/MURAL-TLAHUI-2-1024x576.jpeg\" alt=\"\" class=\"wp-image-93951\" srcset=\"https:\/\/redsemlac.com\/semmexico\/wp-content\/uploads\/2025\/03\/MURAL-TLAHUI-2-1024x576.jpeg 1024w, https:\/\/redsemlac.com\/semmexico\/wp-content\/uploads\/2025\/03\/MURAL-TLAHUI-2-300x169.jpeg 300w, https:\/\/redsemlac.com\/semmexico\/wp-content\/uploads\/2025\/03\/MURAL-TLAHUI-2-768x432.jpeg 768w, https:\/\/redsemlac.com\/semmexico\/wp-content\/uploads\/2025\/03\/MURAL-TLAHUI-2-150x84.jpeg 150w, https:\/\/redsemlac.com\/semmexico\/wp-content\/uploads\/2025\/03\/MURAL-TLAHUI-2-696x392.jpeg 696w, https:\/\/redsemlac.com\/semmexico\/wp-content\/uploads\/2025\/03\/MURAL-TLAHUI-2-1068x601.jpeg 1068w, https:\/\/redsemlac.com\/semmexico\/wp-content\/uploads\/2025\/03\/MURAL-TLAHUI-2.jpeg 1280w\" sizes=\"auto, (max-width: 1024px) 100vw, 1024px\" \/><\/a><\/figure>\n<\/figure>\n","protected":false},"excerpt":{"rendered":"<p>Redacci\u00f3n SemM\u00e9xico, Oaxaca, 21 de marzo, 2025.- Con la develaci\u00f3n del mural n\u00famero 20&nbsp;Por el Derecho a la alimentaci\u00f3n sana y nutritiva en el Comedor Comunitario de&nbsp;Santa Mar\u00eda Tlahuitoltepec, Mixe, se avanza en la campa\u00f1a Oaxaca sin Chatarra&nbsp;que impulsan organizaciones de la sociedad civil. La obra realizada por la muralista Ana Xhopa, fue promovida por [&hellip;]<\/p>\n","protected":false},"author":3,"featured_media":93949,"comment_status":"open","ping_status":"open","sticky":false,"template":"","format":"standard","meta":{"_monsterinsights_skip_tracking":false,"footnotes":""},"categories":[700],"tags":[],"class_list":["post-93948","post","type-post","status-publish","format-standard","has-post-thumbnail","category-estados"],"_links":{"self":[{"href":"https:\/\/redsemlac.com\/semmexico\/wp-json\/wp\/v2\/posts\/93948","targetHints":{"allow":["GET"]}}],"collection":[{"href":"https:\/\/redsemlac.com\/semmexico\/wp-json\/wp\/v2\/posts"}],"about":[{"href":"https:\/\/redsemlac.com\/semmexico\/wp-json\/wp\/v2\/types\/post"}],"author":[{"embeddable":true,"href":"https:\/\/redsemlac.com\/semmexico\/wp-json\/wp\/v2\/users\/3"}],"replies":[{"embeddable":true,"href":"https:\/\/redsemlac.com\/semmexico\/wp-json\/wp\/v2\/comments?post=93948"}],"version-history":[{"count":0,"href":"https:\/\/redsemlac.com\/semmexico\/wp-json\/wp\/v2\/posts\/93948\/revisions"}],"wp:featuredmedia":[{"embeddable":true,"href":"https:\/\/redsemlac.com\/semmexico\/wp-json\/wp\/v2\/media\/93949"}],"wp:attachment":[{"href":"https:\/\/redsemlac.com\/semmexico\/wp-json\/wp\/v2\/media?parent=93948"}],"wp:term":[{"taxonomy":"category","embeddable":true,"href":"https:\/\/redsemlac.com\/semmexico\/wp-json\/wp\/v2\/categories?post=93948"},{"taxonomy":"post_tag","embeddable":true,"href":"https:\/\/redsemlac.com\/semmexico\/wp-json\/wp\/v2\/tags?post=93948"}],"curies":[{"name":"wp","href":"https:\/\/api.w.org\/{rel}","templated":true}]}}