{"id":93945,"date":"2025-03-21T19:12:22","date_gmt":"2025-03-22T01:12:22","guid":{"rendered":"https:\/\/redsemlac.com\/semmexico\/?p=93945"},"modified":"2025-03-21T19:13:11","modified_gmt":"2025-03-22T01:13:11","slug":"feministas-de-hidalgo-exigen-a-manchaca-dejar-de-banalizar-lo-sucedido-el-8m","status":"publish","type":"post","link":"https:\/\/redsemlac.com\/semmexico\/feministas-de-hidalgo-exigen-a-manchaca-dejar-de-banalizar-lo-sucedido-el-8m\/","title":{"rendered":"Feministas de Hidalgo exigen a Manchaca dejar de banalizar lo sucedido el 8M"},"content":{"rendered":"\n<p class=\"wp-block-paragraph\">\u00b7 No son diferencias personales, es violencia contra mujeres, le dicen en un pronunciamiento<br>\u00b7 Exigen al gobernador de Hidalgo no evadir su responsabilidad institucional<\/p>\n\n\n\n<p class=\"wp-block-paragraph\">Redacci\u00f3n<br>SemM\u00e9xico, Pachuca, Hgo., 21 de marzo, 2025.- No son diferencias personales, es violencia contra las mujeres, dice en principio un pronunciamiento difundido desde esta entidad sobre los acontecimientos provocados el pasado 8 de marzo, durante la marcha feminista que termin\u00f3 en el uso de la fuerza p\u00fablica contra las manifestantes.<\/p>\n\n\n\n<p class=\"wp-block-paragraph\">En el pronunciamiento, las activistas tambi\u00e9n destacan que el \u201cacto completamente desproporcionado, las fuerzas de seguridad del estado de Hidalgo respondieron con violencia utilizando extintores para rociarnos y realizando detenciones arbitrarias fuera de cualquier protocolo de ley\u201d, evidencian una pol\u00edtica de Estado que criminaliza y reprime la protesta feminista.<\/p>\n\n\n\n<p class=\"wp-block-paragraph\">\u201cSe utiliz\u00f3 violencia f\u00edsica, psicol\u00f3gica, simb\u00f3lica y sexual contra mujeres como mecanismo de control y castigo. Se emple\u00f3 a mujeres polic\u00edas como contenci\u00f3n f\u00edsica para deslegitimar la denuncia feminista, utiliz\u00e1ndolas de manera instrumental y exponi\u00e9ndolas tambi\u00e9n a la violencia estructural que viven dentro de la instituci\u00f3n policial\u201d, dice el documento.<\/p>\n\n\n\n<p class=\"wp-block-paragraph\">Agrega que la represi\u00f3n a defensoras de derechos humanos y periodistas evidencia una estrategia de silenciamiento de las voces que documentan y denuncian la violencia estructural. Se violent\u00f3 de forma espec\u00edfica a ni\u00f1as, adolescentes y mujeres adultas mayores, quienes requieren protecci\u00f3n especial del Estado y, sin embargo, fueron tratadas con brutalidad.<\/p>\n\n\n\n<p class=\"wp-block-paragraph\">Destacan el ambiente de impunidad frente a los feminicidios recientes en Hidalgo, donde incluso agentes del Estado han sido perpetradores y donde la respuesta institucional es la revictimizaci\u00f3n sistem\u00e1tica y estructural.<\/p>\n\n\n\n<p class=\"wp-block-paragraph\">La marcha del 8M antecede un contexto en el que, tras un par de a\u00f1os de reiterados comentarios de parte del secretario de gobierno y una campa\u00f1a en la que las defensoras que hacen incidencia pol\u00edtica han sido calificadas de \u201cinc\u00f3modas\u201d y la manifestaci\u00f3n de las mujeres fue se\u00f1alada como \u201cinnecesaria\u201d e in\u00fatil.<\/p>\n\n\n\n<p class=\"wp-block-paragraph\">\u201cEstos actos por parte de las autoridades se suman a una serie de situaciones donde se ha evidenciado el abuso de poder y la falta de respeto hacia los derechos humanos de las mujeres que exigen justicia\u201d, destacan en letras negras en el pronunciamiento.<\/p>\n\n\n\n<p class=\"wp-block-paragraph\">Sin embargo, todo ello, adem\u00e1s de ser ignorado por el gobernador Julio Menchaca, es banalizado en sus declaraciones en las que ha preferido centrarse en supuestas \u00abdiferencias personales\u00bb entre mujeres que integraron su gabinete, en lugar de asumir la responsabilidad del accionar de su gobierno y atender con seriedad las denuncias y exigencias.<\/p>\n\n\n\n<p class=\"wp-block-paragraph\">Este discurso es inaceptable y profundamente ofensivo. No solo evade la responsabilidad institucional ante hechos graves de violencia estatal, sino que recurre a un recurso patriarcal y mis\u00f3gino ampliamente conocido: despolitizar la cr\u00edtica feminista, present\u00e1ndola como producto de enemistades, lucha de egos o \u201cproblemas entre mujeres\u201d.<\/p>\n\n\n\n<p class=\"wp-block-paragraph\">Recuerdan que las declaraciones del funcionariado siguen cargadas de estereotipos machistas, usados para invalidar el activismo de las mujeres y neutralizar la fuerza pol\u00edtica de los movimientos feministas.<\/p>\n\n\n\n<p class=\"wp-block-paragraph\">La narrativa del \u201cpleito personal\u201d busca deslegitimar nuestras denuncias, individualizar el conflicto y desviar la atenci\u00f3n de lo realmente importante: el uso de la fuerza del Estado contra la ciudadan\u00eda, la criminalizaci\u00f3n del disenso y la negaci\u00f3n de derechos humanos b\u00e1sicos como el debido proceso y la libertad de expresi\u00f3n.<\/p>\n\n\n\n<p class=\"wp-block-paragraph\">Por ello plantean su indignaci\u00f3n porque en lugar de asumir su responsabilidad como jefe del poder Ejecutivo, el gobernador se pretende lavar la cara de su administraci\u00f3n desacreditando p\u00fablicamente a las mujeres y a todo un movimiento con trescientos a\u00f1os de historia y con una vasta producci\u00f3n de teor\u00eda pol\u00edtica-social que se niega a leer y comprender.<\/p>\n\n\n\n<p class=\"wp-block-paragraph\">Sin embargo, destacan que las afirmaciones vertidas por el ejecutivo no son ingenuas, sino responden a una estrategia de desgaste, desmovilizaci\u00f3n y control de narrativa, que intenta aislar las voces feministas, dividir al movimiento y minimizar el car\u00e1cter pol\u00edtico y estructural de nuestras denuncias.<\/p>\n\n\n\n<p class=\"wp-block-paragraph\">Por ello rechazan tajantemente esta forma de gobernar, que lejos de promover el di\u00e1logo democr\u00e1tico, opta por desacreditar p\u00fablicamente a quienes disienten y exigen justicia. \u201cEl problema no es qui\u00e9n critica, sino lo que se est\u00e1 denunciando: violencia institucional, impunidad y violaciones a derechos humanos\u201d.<\/p>\n\n\n\n<p class=\"wp-block-paragraph\">Puntualizan que se trata de las vidas, los cuerpos y las libertades de las personas, del derecho a organizarnos, disentir y exigir justicia, y se trata de un Estado que debe rendir cuentas y garantizar derechos, no perseguir a quienes los defienden.<\/p>\n\n\n\n<p class=\"wp-block-paragraph\">En su pronunciamiento exigen liberar de forma inmediata y sin cargos de las personas detenidas arbitrariamente durante la manifestaci\u00f3n del 8M, que se efectu\u00e9 una investigaci\u00f3n exhaustiva, imparcial y p\u00fablica sobre el uso excesivo de la fuerza por parte de las corporaciones de seguridad del estado durante la jornada del 8 de marzo y, finalmente, que se sancione administrativa y penal correspondiente a los funcionarios responsables de ordenar y ejecutar actos de represi\u00f3n y criminalizaci\u00f3n contra mujeres manifestantes.<\/p>\n\n\n\n<p class=\"wp-block-paragraph\">Adem\u00e1s el cese inmediato de la criminalizaci\u00f3n de la protesta social y del movimiento feminista, as\u00ed como garant\u00edas reales para el ejercicio del derecho a la libre expresi\u00f3n, reuni\u00f3n y manifestaci\u00f3n; la implementaci\u00f3n de protocolos integrales de actuaci\u00f3n con perspectiva de g\u00e9nero, derechos humanos e interseccionalidad para todas las corporaciones de seguridad en contextos de protesta, la destituci\u00f3n de los funcionarios que han obstaculizado el ejercicio pleno de los derechos de las mujeres y han contribuido a un clima de hostigamiento institucional hacia quienes defienden los derechos humanos, entre otros.<\/p>\n\n\n\n<p class=\"wp-block-paragraph\">SEM\/sj<\/p>\n\n\n\n<p class=\"wp-block-paragraph\"><\/p>\n","protected":false},"excerpt":{"rendered":"<p>\u00b7 No son diferencias personales, es violencia contra mujeres, le dicen en un pronunciamiento\u00b7 Exigen al gobernador de Hidalgo no evadir su responsabilidad institucional Redacci\u00f3nSemM\u00e9xico, Pachuca, Hgo., 21 de marzo, 2025.- No son diferencias personales, es violencia contra las mujeres, dice en principio un pronunciamiento difundido desde esta entidad sobre los acontecimientos provocados el pasado [&hellip;]<\/p>\n","protected":false},"author":3,"featured_media":93946,"comment_status":"open","ping_status":"open","sticky":false,"template":"","format":"standard","meta":{"_monsterinsights_skip_tracking":false,"footnotes":""},"categories":[694],"tags":[],"class_list":["post-93945","post","type-post","status-publish","format-standard","has-post-thumbnail","category-destacadas"],"_links":{"self":[{"href":"https:\/\/redsemlac.com\/semmexico\/wp-json\/wp\/v2\/posts\/93945","targetHints":{"allow":["GET"]}}],"collection":[{"href":"https:\/\/redsemlac.com\/semmexico\/wp-json\/wp\/v2\/posts"}],"about":[{"href":"https:\/\/redsemlac.com\/semmexico\/wp-json\/wp\/v2\/types\/post"}],"author":[{"embeddable":true,"href":"https:\/\/redsemlac.com\/semmexico\/wp-json\/wp\/v2\/users\/3"}],"replies":[{"embeddable":true,"href":"https:\/\/redsemlac.com\/semmexico\/wp-json\/wp\/v2\/comments?post=93945"}],"version-history":[{"count":0,"href":"https:\/\/redsemlac.com\/semmexico\/wp-json\/wp\/v2\/posts\/93945\/revisions"}],"wp:featuredmedia":[{"embeddable":true,"href":"https:\/\/redsemlac.com\/semmexico\/wp-json\/wp\/v2\/media\/93946"}],"wp:attachment":[{"href":"https:\/\/redsemlac.com\/semmexico\/wp-json\/wp\/v2\/media?parent=93945"}],"wp:term":[{"taxonomy":"category","embeddable":true,"href":"https:\/\/redsemlac.com\/semmexico\/wp-json\/wp\/v2\/categories?post=93945"},{"taxonomy":"post_tag","embeddable":true,"href":"https:\/\/redsemlac.com\/semmexico\/wp-json\/wp\/v2\/tags?post=93945"}],"curies":[{"name":"wp","href":"https:\/\/api.w.org\/{rel}","templated":true}]}}