{"id":93942,"date":"2025-03-21T19:08:00","date_gmt":"2025-03-22T01:08:00","guid":{"rendered":"https:\/\/redsemlac.com\/semmexico\/?p=93942"},"modified":"2025-03-21T19:08:02","modified_gmt":"2025-03-22T01:08:02","slug":"10-anos-de-repare-analizan-lo-realizado-para-el-cumplimiento-de-la-paridad","status":"publish","type":"post","link":"https:\/\/redsemlac.com\/semmexico\/10-anos-de-repare-analizan-lo-realizado-para-el-cumplimiento-de-la-paridad\/","title":{"rendered":"10 a\u00f1os de REPARE, analizan lo realizado para el cumplimiento de la paridad"},"content":{"rendered":"\n<p class=\"wp-block-paragraph\">\u00b7 Antes del 2015 la participaci\u00f3n pol\u00edtica de las mujeres era de 1.6 %<br>\u00b7 Hoy existen 24 alcaldesas y un sinn\u00famero de enuncias por violencia pol\u00edtica<\/p>\n\n\n\n<p class=\"wp-block-paragraph\">Candelaria Rodr\u00edguez<br>SemM\u00e9xico, Tuxtla Guti\u00e9rrez, Chis., 21 de marzo, 2025.- La Red Chiapas por la Paridad Efectiva (REPARE), en preparativo para la celebraci\u00f3n del D\u00e9cimo Aniversario, reafirm\u00f3 su compromiso en la defensa de los derechos pol\u00edticos de las mujeres en Chiapas. Surgida en el a\u00f1o 2015 en el marco del proceso electoral 2015-2018.<\/p>\n\n\n\n<p class=\"wp-block-paragraph\">En un an\u00e1lisis sobre el tr\u00e1nsito de la REPARE, las integrantes hicieron un recorrido desde 2015, fecha en que sent\u00f3 precedente la obligatoriedad de la paridad por parte de las instituciones electorales y los partidos pol\u00edticos, con el incremento del 24.3 por ciento la participaci\u00f3n pol\u00edtica y la presencia de las mujeres en las presidencias municipales. Antes de la paridad la participaci\u00f3n pol\u00edtica de las mujeres era de 1.6 por ciento.<\/p>\n\n\n\n<p class=\"wp-block-paragraph\">En un primer y breve reflexi\u00f3n sobre la lucha hist\u00f3rica que han dado las chiapanecas se abord\u00f3 el escenario estatal presentaba en la escasa participaci\u00f3n de las mujeres en los ayuntamientos, y ahora la presencia femenina ha ganado terreno con alto costos ante la resistencia y aceptaci\u00f3n de las mujeres en cargos de representaci\u00f3n al interior de los ayuntamientos y viviendo violencia pol\u00edtica en raz\u00f3n de g\u00e9nero.<\/p>\n\n\n\n<p class=\"wp-block-paragraph\">Destac\u00f3 el an\u00e1lisis de lo que fue la participaci\u00f3n de las mujeres ind\u00edgenas que dieron la lucha en los municipios de Oxchuc y Chenalho, entre otros, donde los casos por violencia pol\u00edtica en raz\u00f3n de g\u00e9nero se fueron a los tribunales electorales, que han llevado a emitir sentencias ejemplares.<\/p>\n\n\n\n<p class=\"wp-block-paragraph\">Como ejemplo, REPARE cita como ejemplo la SUP_REC\/294_2015 promovida por el Tribunal Electoral del Poder Judicial de la Federaci\u00f3n (TEPJF), que orden\u00f3 reponer el proceso de selecci\u00f3n de las candidaturas aplicando la paridad, con lo cual llegaron 34 mujeres al poder municipal, quedando al final 32 ante las renuncias de las alcaldesas de Tila y Chanal, actualmente existen 24 alcaldesas, y hay un sinn\u00famero de enuncias por violencia pol\u00edtica.<\/p>\n\n\n\n<p class=\"wp-block-paragraph\">La sinergia con las autoridades electorales es una de las tareas que repare privilegia para seguir reforzando su actuar para lo cual naci\u00f3, la defensa de la paridad, la participaci\u00f3n pol\u00edtica de las mujeres en Chiapas, con un gran \u00e9nfasis en la integraci\u00f3n de la estructura de los ayuntamientos, en total cumplimiento al ejercicio pleno de la gobernanza.<\/p>\n\n\n\n<p class=\"wp-block-paragraph\">REPARE prepara su renovaci\u00f3n con nuevas alternativas de trabajo para el abordaje de los siguientes procesos electorales intermedia que se avecinan, el proceso electoral 2027-2030.<\/p>\n\n\n\n<p class=\"wp-block-paragraph\"><\/p>\n","protected":false},"excerpt":{"rendered":"<p>\u00b7 Antes del 2015 la participaci\u00f3n pol\u00edtica de las mujeres era de 1.6 %\u00b7 Hoy existen 24 alcaldesas y un sinn\u00famero de enuncias por violencia pol\u00edtica Candelaria Rodr\u00edguezSemM\u00e9xico, Tuxtla Guti\u00e9rrez, Chis., 21 de marzo, 2025.- La Red Chiapas por la Paridad Efectiva (REPARE), en preparativo para la celebraci\u00f3n del D\u00e9cimo Aniversario, reafirm\u00f3 su compromiso en [&hellip;]<\/p>\n","protected":false},"author":3,"featured_media":93943,"comment_status":"open","ping_status":"open","sticky":false,"template":"","format":"standard","meta":{"_monsterinsights_skip_tracking":false,"footnotes":""},"categories":[700],"tags":[],"class_list":["post-93942","post","type-post","status-publish","format-standard","has-post-thumbnail","category-estados"],"_links":{"self":[{"href":"https:\/\/redsemlac.com\/semmexico\/wp-json\/wp\/v2\/posts\/93942","targetHints":{"allow":["GET"]}}],"collection":[{"href":"https:\/\/redsemlac.com\/semmexico\/wp-json\/wp\/v2\/posts"}],"about":[{"href":"https:\/\/redsemlac.com\/semmexico\/wp-json\/wp\/v2\/types\/post"}],"author":[{"embeddable":true,"href":"https:\/\/redsemlac.com\/semmexico\/wp-json\/wp\/v2\/users\/3"}],"replies":[{"embeddable":true,"href":"https:\/\/redsemlac.com\/semmexico\/wp-json\/wp\/v2\/comments?post=93942"}],"version-history":[{"count":0,"href":"https:\/\/redsemlac.com\/semmexico\/wp-json\/wp\/v2\/posts\/93942\/revisions"}],"wp:featuredmedia":[{"embeddable":true,"href":"https:\/\/redsemlac.com\/semmexico\/wp-json\/wp\/v2\/media\/93943"}],"wp:attachment":[{"href":"https:\/\/redsemlac.com\/semmexico\/wp-json\/wp\/v2\/media?parent=93942"}],"wp:term":[{"taxonomy":"category","embeddable":true,"href":"https:\/\/redsemlac.com\/semmexico\/wp-json\/wp\/v2\/categories?post=93942"},{"taxonomy":"post_tag","embeddable":true,"href":"https:\/\/redsemlac.com\/semmexico\/wp-json\/wp\/v2\/tags?post=93942"}],"curies":[{"name":"wp","href":"https:\/\/api.w.org\/{rel}","templated":true}]}}