{"id":9394,"date":"2019-07-01T23:46:01","date_gmt":"2019-07-01T23:46:01","guid":{"rendered":"https:\/\/redsemlac.com\/semmexico\/?p=9394"},"modified":"2023-07-21T14:50:13","modified_gmt":"2023-07-21T19:50:13","slug":"letra-clara-11","status":"publish","type":"post","link":"https:\/\/redsemlac.com\/semmexico\/letra-clara-11\/","title":{"rendered":"Letra Clara"},"content":{"rendered":"\n<h2 class=\"wp-block-heading\"><strong>Incre\u00edble respuesta de la naturaleza <\/strong><\/h2>\n\n\n\n<p class=\"wp-block-paragraph\"><strong>Teresa Vald\u00e9s Betancourt<\/strong>\u00a0\u00a0 <\/p>\n\n\n\n<p class=\"wp-block-paragraph\">SemM\u00e9xico. 01 de julio\n2019.- El asombro es general ante manifestaciones incre\u00edbles de la naturaleza y\nhace olvidar las agresiones de las cuales es objeto de manera cotidiana. Las\nnoticias reclaman alerta y prepararse para tomas en serio las medidas de protecci\u00f3n\ncivil y prevenci\u00f3n de desastres naturales. El pensamiento humano en las leyes lo\nprev\u00e9 pero la participaci\u00f3n individual lo olvida. <\/p>\n\n\n\n<p class=\"wp-block-paragraph\">\u00bfQu\u00e9 falta? La naturaleza\nreclama y sus gritos son alarmantes: <\/p>\n\n\n\n<p class=\"wp-block-paragraph\">A la entrada del verano\nfuerte lluvia y granizos causan estragos con \u00e1rboles ca\u00eddos e inundaciones en\nGuadalajara y Zapopan. Las autoridades de Protecci\u00f3n Civil de Jalisco y\nBomberos, activaron ese plan de apoyo a la poblaci\u00f3n por desastre natural. La granizada\nreci\u00e9n llegada se derrite y provoca inundaciones que arrastran veh\u00edculos,\nafectan las viviendas y complican las labores de evacuaci\u00f3n y atenci\u00f3n a la\npoblaci\u00f3n civil m\u00e1s afectada. Otra vez el factor econ\u00f3mico vuelve a influir con\nel m\u00e1s alto riesgo. <a href=\"https:\/\/www.elsoldemexico.com.mx\/\"><em>https:\/\/www.elsoldemexico.com.mx\/<\/em><\/a><em><\/em><\/p>\n\n\n\n<p class=\"wp-block-paragraph\">En otra parte del mundo las\nnoticias tambi\u00e9n anunciaron <em>alerta roja<\/em>&nbsp; declarada por las autoridades francesas\nfrente al calor extremo, mientras que unas 4.000 escuelas tuvieron que cerrar\nsus puertas o modificar sus horarios. El term\u00f3metro en Provenza, sure\u00f1a\nlocalidad francesa subi\u00f3 hasta 45,1 grados Celsius, nivel sin precedentes en\nese pa\u00eds que encendi\u00f3 las alarmas. La Organizaci\u00f3n Meteorol\u00f3gica Mundial, alert\u00f3:\n\u00abHoy las temperaturas son muy altas en Francia y lo seguir\u00e1n siendo\nma\u00f1ana\u00bb, <a href=\"https:\/\/www.france24.com\/\"><em>https:\/\/www.france24.com\/<\/em><\/a><em><\/em><\/p>\n\n\n\n<p class=\"wp-block-paragraph\">Y la tercera que no es la\nvencida, se prev\u00e9 que en pr\u00f3ximas semanas contin\u00fae llegando a la Pen\u00ednsula de\nYucat\u00e1n en M\u00e9xico, las nubes de polvo del Sahara. El Centro Nacional de\nPrevenci\u00f3n de Desastres (Cenapred) inform\u00f3 que la cantidad del polvo que\ningresa a M\u00e9xico depende de la intensidad del viento y concentraci\u00f3n de \u00e9ste en\n\u00c1frica; y se incrementa por el fen\u00f3meno de <em>El\nNi\u00f1o.<\/em><\/p>\n\n\n\n<p class=\"wp-block-paragraph\">La legislaci\u00f3n mexicana ha\ndesarrollado variados planes para prevenir los da\u00f1os que se lamentan con los\nfen\u00f3menos meteorol\u00f3gicos y se publicaron los Documentos de la Coordinaci\u00f3n\nNacional de Protecci\u00f3n Civil, como parte de un sistema donde cada estado debe\nproporcionar protecci\u00f3n y asistencia ante cualquier tipo de desastre o\naccidente relacionado con fen\u00f3menos perturbadores de origen natural y\nantropog\u00e9nico, referido al conjunto de efectos producidos por las actividades\nhumanas en el medio ambiente de la Tierra, as\u00ed como la salvaguarda de los\nbienes en cada espacios territorial.<\/p>\n\n\n\n<p class=\"wp-block-paragraph\">Se sabe que M\u00e9xico, es un\nterritorio altamente vulnerable a distintos desastres naturales, sismos,\nvolcanes, ciclones, huracanes, sequ\u00edas, heladas y sobre todo, los peligros que\nesos fen\u00f3menos representan para la poblaci\u00f3n y los da\u00f1os que ocasionan en la\neconom\u00eda y en la infraestructura.<\/p>\n\n\n\n<p class=\"wp-block-paragraph\">Por esta realidad se crean\ncomisiones legislativas en el Senado, en el Parlamento y en los H. Congresos\nestatales, donde se integran comisiones de trabajo que en diversas ocasiones,\nse completan por el jaloneo de intereses pol\u00edticos muy ajenos a esta\nimprevisible realidad de la naturaleza, lo que limita asegurar el cumplimiento\nde medidas precisas y preventivas a las afectaciones en tiempo y forma,\nsalvaguardando el \u00e1mbito del bienestar de la poblaci\u00f3n en general y en especial\na la m\u00e1s vulnerable con mejor ejercicio de los recursos.<\/p>\n\n\n\n<p class=\"wp-block-paragraph\">Los fen\u00f3menos naturales\nconsecuencia de las agresiones humanas a la naturaleza se convierten en\ndesastres cuando intervienen factores de desigualdad econ\u00f3mica y social, como\nlo demuestra lo que se\u00f1ala el Bolet\u00edn N\u00b0. 0286 del 17 de octubre de 2018, sobre\nla Comisi\u00f3n de Protecci\u00f3n Civil y Prevenci\u00f3n de Desastres, donde se evidenci\u00f3 que\na\u00fan existan comunidades que no han sido atendidas como consecuencia del sismo\ndel 19 de septiembre del a\u00f1o pasado. La diputada federal Mar\u00eda Liduvina\nSandoval Mendoza, indic\u00f3 que entre los objetivos que buscar\u00e1n, est\u00e1 el\nincremento de los recursos humanos, materiales e institucionales, para\nenfrentar los desastres. <\/p>\n\n\n\n<p class=\"wp-block-paragraph\">Hay que reforzar no s\u00f3lo el\nmarco legal, sino la manera en c\u00f3mo se reducen los riesgos en la materia y subray\u00f3:\n\u201cLas mujeres y menores de 14 a\u00f1os a veces son m\u00e1s propensos a morir durante un desastre\u201d.<\/p>\n\n\n\n<p class=\"wp-block-paragraph\">El reclamo es social y\nhumano porque la naturaleza con sus formas dr\u00e1sticas e incre\u00edbles tambi\u00e9n\nexige. Pensar y actuar desde todas las instancias para acompa\u00f1ar a la\nnaturaleza, protegerla y protegernos de nuevos desastres, donde nos va la vida.<\/p>\n\n\n\n<p class=\"wp-block-paragraph\"><em>@LetraClara\n<\/em><\/p>\n\n\n\n<p class=\"wp-block-paragraph\">Maestra en Ciencias de la\nComunicaci\u00f3n<\/p>\n","protected":false},"excerpt":{"rendered":"<p>Incre\u00edble respuesta de la naturaleza<\/p>\n","protected":false},"author":3,"featured_media":9180,"comment_status":"open","ping_status":"open","sticky":false,"template":"","format":"standard","meta":{"_monsterinsights_skip_tracking":false,"footnotes":""},"categories":[690,101,79],"tags":[],"class_list":["post-9394","post","type-post","status-publish","format-standard","has-post-thumbnail","category-690","category-letra-clara","category-teresa-valdes-betancourt"],"_links":{"self":[{"href":"https:\/\/redsemlac.com\/semmexico\/wp-json\/wp\/v2\/posts\/9394","targetHints":{"allow":["GET"]}}],"collection":[{"href":"https:\/\/redsemlac.com\/semmexico\/wp-json\/wp\/v2\/posts"}],"about":[{"href":"https:\/\/redsemlac.com\/semmexico\/wp-json\/wp\/v2\/types\/post"}],"author":[{"embeddable":true,"href":"https:\/\/redsemlac.com\/semmexico\/wp-json\/wp\/v2\/users\/3"}],"replies":[{"embeddable":true,"href":"https:\/\/redsemlac.com\/semmexico\/wp-json\/wp\/v2\/comments?post=9394"}],"version-history":[{"count":0,"href":"https:\/\/redsemlac.com\/semmexico\/wp-json\/wp\/v2\/posts\/9394\/revisions"}],"wp:featuredmedia":[{"embeddable":true,"href":"https:\/\/redsemlac.com\/semmexico\/wp-json\/wp\/v2\/media\/9180"}],"wp:attachment":[{"href":"https:\/\/redsemlac.com\/semmexico\/wp-json\/wp\/v2\/media?parent=9394"}],"wp:term":[{"taxonomy":"category","embeddable":true,"href":"https:\/\/redsemlac.com\/semmexico\/wp-json\/wp\/v2\/categories?post=9394"},{"taxonomy":"post_tag","embeddable":true,"href":"https:\/\/redsemlac.com\/semmexico\/wp-json\/wp\/v2\/tags?post=9394"}],"curies":[{"name":"wp","href":"https:\/\/api.w.org\/{rel}","templated":true}]}}