{"id":93933,"date":"2025-03-21T18:29:04","date_gmt":"2025-03-22T00:29:04","guid":{"rendered":"https:\/\/redsemlac.com\/semmexico\/?p=93933"},"modified":"2025-03-21T18:29:05","modified_gmt":"2025-03-22T00:29:05","slug":"marcela-lagarde-no-estas-sola-sororidad-de-feministas-con-la-academica","status":"publish","type":"post","link":"https:\/\/redsemlac.com\/semmexico\/marcela-lagarde-no-estas-sola-sororidad-de-feministas-con-la-academica\/","title":{"rendered":"Marcela Lagarde no est\u00e1s sola! Sororidad de feministas con la acad\u00e9mica"},"content":{"rendered":"\n<ul class=\"wp-block-list\">\n<li>Protestan feministas del pa\u00eds por suspensi\u00f3n de conferencia de Marcela Lagarde<\/li>\n\n\n\n<li>Acusan a las instituciones de ceder ante el discurso de odio<\/li>\n<\/ul>\n\n\n\n<p class=\"wp-block-paragraph\">Elda Montiel&nbsp;&nbsp;&nbsp;&nbsp;&nbsp;&nbsp;&nbsp;&nbsp;&nbsp;&nbsp;&nbsp;&nbsp;&nbsp;&nbsp;&nbsp;&nbsp;&nbsp;&nbsp;&nbsp;&nbsp;&nbsp;&nbsp;&nbsp;&nbsp;&nbsp;&nbsp;&nbsp;&nbsp;&nbsp;&nbsp;&nbsp;&nbsp;&nbsp;&nbsp;&nbsp;<\/p>\n\n\n\n<p class=\"wp-block-paragraph\">SemM\u00e9xico, Ciudad de M\u00e9xico, 21 de marzo, 2025.- El movimiento feminista nacional se volc\u00f3 para respaldar a Marcela Lagarde y de los R\u00edos, referente del feminismo en Am\u00e9rica Latina, luego de haber sido suspendida la conferencia convocada por el Instituto de las Mujeres Municipal de Ciudad Ju\u00e1rez y la Universidad Aut\u00f3noma de Ciudad Ju\u00e1rez ante las amenazas de grupos extremos que no est\u00e1n dispuestos al di\u00e1logo.<\/p>\n\n\n\n<p class=\"wp-block-paragraph\">El Movimiento Estatal de Mujeres en Chihuahua y la Red Mesa de Mujeres respald\u00f3 la cancelaci\u00f3n presencial, por seguridad f\u00edsica y mental de la doctora en Antropolog\u00eda Lagarde y de los R\u00edos, quien dictar\u00eda la conferencia magistral La igualdad sustantiva para Mujeres y Ni\u00f1as, en el contexto del D\u00eda Internacional de la Mujer.<\/p>\n\n\n\n<p class=\"wp-block-paragraph\">La conferencia presencial fue ampliamente difundida a celebrarse en el auditorio C\u00edvico Municipal Benito Ju\u00e1rez de Ciudad Ju\u00e1rez, aunado a ello se invita a las personas interesadas a inscribirse para su asistencia virtual.<\/p>\n\n\n\n<p class=\"wp-block-paragraph\">Sin embargo, la conferencia presencial fue cancelada este mismo jueves a trav\u00e9s de un comunicado oficial conjunto de la instituci\u00f3n acad\u00e9mica y el organismo p\u00fablico, especificando el motivo de la suspensi\u00f3n, a pesar de ratificar&nbsp; \u201cel compromiso\u201d en creer firmemente en el dialogo y la apertura para la construcci\u00f3n de la igualdad sustantiva y crear espacios en el que se pueda participar con inclusi\u00f3n y equidad, y ratifican que trabajar\u00e1n para eliminar la violencia y discriminaci\u00f3n contra las mujeres.<\/p>\n\n\n\n<p class=\"wp-block-paragraph\">En un principio feministas y colectivos como Terremoto. Feminista MX interpretaron la suspensi\u00f3n de la conferencia presencial como una censura a Marcela Lagarde, adem\u00e1s de acusar que las instituciones sucumbieron a los \u201cdiscursos de odio, amenazas y violencia mis\u00f3gina\u201d, por parte de integrantes de la corriente cuir que busca crear miedo y es conocida por su rabia contra las mujeres que trabajan por crear conciencia de la opresi\u00f3n sexual y sus males.&nbsp;&nbsp;&nbsp;<\/p>\n\n\n\n<p class=\"wp-block-paragraph\">En una carta p\u00fablica del Movimiento Feminista Estatal Feminista de Chihuahua respald\u00f3 la suspensi\u00f3n por protecci\u00f3n a la conferenciante feminista referente de Am\u00e9rica Latina en la lucha por los derechos de las mujeres, activista, exlegisladora y antrop\u00f3loga y rechazan cualquier intento de desacreditar su labor.<\/p>\n\n\n\n<p class=\"wp-block-paragraph\">\u201cLa historia del feminismo en nuestro pa\u00eds no puede contarse sin su voz, su pensamiento y su incansable activismo\u201d, dice la carta del Movimiento Feminista Estatal de Chihuahua, que lamenta la campa\u00f1a de descalificaci\u00f3n en su contra, promovida en redes sociales, que tergiversa su pensamiento y legado.<\/p>\n\n\n\n<p class=\"wp-block-paragraph\">\u201cMarcela Lagarde ha denunciado la violencia estructural que afecta a las mujeres y ha impulsado reformas legislativas que han fortalecido los derechos humanos y la igualdad de g\u00e9nero.<\/p>\n\n\n\n<p class=\"wp-block-paragraph\">\u201cDefender el feminismo no significa excluir, sino reconocer las condiciones hist\u00f3ricas de opresi\u00f3n que viven las mujeres y luchar colectivamente por la justicia y la equidad. La sororidad, como lo ha ense\u00f1ado Lagarde, implica construir alianzas desde el reconocimiento de las diferencias y la b\u00fasqueda de la emancipaci\u00f3n de todas.<\/p>\n\n\n\n<p class=\"wp-block-paragraph\">\u201cAnte las amenazas de grupos extremos que no est\u00e1n dispuestas al di\u00e1logo, sino a la confrontaci\u00f3n, aplaudimos la cancelaci\u00f3n de su presentaci\u00f3n presencial y as\u00ed cuidar la salud f\u00edsica y mental de Marcela Lagarde.<\/p>\n\n\n\n<p class=\"wp-block-paragraph\">Por otra parte, la activista por los derechos humanos Enoe Uranga Mu\u00f1oz, en su cuenta de Facebook agradece a las feministas de Ciudad Ju\u00e1rez que denunciaron el peligro de ceder los espacios universitarios en las dem\u00e1s instituciones educativas construidos por el feminismo.<\/p>\n\n\n\n<p class=\"wp-block-paragraph\">Se\u00f1al\u00f3 que la violencia cuir oblig\u00f3 por seguridad a las mujeres de Ciudad Ju\u00e1rez desistir del evento presencial para no ser agredidas f\u00edsicamente.<\/p>\n\n\n\n<p class=\"wp-block-paragraph\">\u201cEs necesario manifestar el hartazgo porque una corriente pol\u00edtica, que nada tiene que ver con la lucha que damos las mujeres contra la opresi\u00f3n sexual insista en apropiarse de nuestros espacios o en saborearlos. As\u00ed como no perder de vista que, tanto a nivel federal como local, el partido en el poder sigue dando pruebas de que, por encima de los derechos de las mujeres, prioriza su alianza con el neoliberalismo patriarcal cuir. Reconoce que el IMM de Cd Ju\u00e1rez supiera marcar distancia de esa l\u00ednea\u201d, se\u00f1al\u00f3.<\/p>\n\n\n\n<p class=\"wp-block-paragraph\">\u201cNo hay duda de que buscaremos que, en todo el pa\u00eds, las conferencias presenciales feministas no se detengan por la presi\u00f3n violenta del Machismo <a href=\"https:\/\/www.facebook.com\/hashtag\/machismocuir?__eep__=6&amp;__cft__%5b0%5d=AZXkSXqGDJDMtFPbfdXcVioBpekKNqvReUQPDhJ3czX7XLhz9ensDrqCfZ-peGKxW6IxC0T7t1KflM_0vhPxEOUFIMiJiXA0F1VJFgEQqF5cRY_folICKym-ou-StwApo7y2u645Gm8GiWLHy5u5rWKWI5lmaXl3jxW_fEwXeGM3Ag&amp;__tn__=*NK-R\">#MachismoCuir<\/a>.<\/p>\n\n\n\n<p class=\"wp-block-paragraph\">Nuestro objetivo es construir otra cultura en la que se logre la existencia libre y plena de las mujeres y sus cuerpos. Y no callar\u00e1n nuestra voz hasta lograrlo&#8230; y entonces&#8230; pues menos. <a href=\"https:\/\/www.facebook.com\/hashtag\/fuimostodas?__eep__=6&amp;__cft__%5b0%5d=AZXkSXqGDJDMtFPbfdXcVioBpekKNqvReUQPDhJ3czX7XLhz9ensDrqCfZ-peGKxW6IxC0T7t1KflM_0vhPxEOUFIMiJiXA0F1VJFgEQqF5cRY_folICKym-ou-StwApo7y2u645Gm8GiWLHy5u5rWKWI5lmaXl3jxW_fEwXeGM3Ag&amp;__tn__=*NK-R\">#FuimosTodas<\/a>.\u201d<\/p>\n\n\n\n<p class=\"wp-block-paragraph\">En redes sociales tarde de ayer colectivas y feministas dieron cuenta de la trayectoria de la doctora Marcela Lagarde y de los R\u00edos como un referente de los derechos humanos de las mujeres y su trabajo ha sido fundamental para la creaci\u00f3n de pol\u00edticas p\u00fablicas y marcos legales que protegen a las mujeres en M\u00e9xico.<\/p>\n\n\n\n<p class=\"wp-block-paragraph\">Cabe recordar que hace un a\u00f1o vivi\u00f3 un intento de censura en la Universidad Complutense de Madrid, Espa\u00f1a, y hoy lo hacen en Ciudad Ju\u00e1rez.&nbsp;<\/p>\n\n\n\n<p class=\"wp-block-paragraph\">Marcela Lagarde, feminista, investigadora, antrop\u00f3loga, exdiputada, tipifica el delito de feminicidio, impulsa leyes en contra de la trata y violencia contra la mujer, ni\u00f1os y j\u00f3venes. Un gran referente de la lucha por la vida y libertad de las mujeres.<\/p>\n\n\n\n<p class=\"wp-block-paragraph\">Lagarde fue clave en la introducci\u00f3n del t\u00e9rmino feminicidio en M\u00e9xico, impuls\u00f3 su tipificaci\u00f3n como delito en el C\u00f3digo Penal mexicano, lo que permiti\u00f3 sancionar de manera espec\u00edfica el asesinato de mujeres por razones de g\u00e9nero.<\/p>\n\n\n\n<p class=\"wp-block-paragraph\">Impulsora de la Ley General de Acceso de las Mujeres a una Vida Libre de Violencia (2007) como diputada federal (2003-2006), promovi\u00f3 esta ley, que reconoce distintas formas de violencia contra las mujeres, incluyendo la violencia feminicida, institucional y pol\u00edtica.<\/p>\n\n\n\n<p class=\"wp-block-paragraph\">Desarroll\u00f3 la idea de la sororidad como una estrategia feminista para combatir la violencia y fomentar el apoyo entre mujeres. En \u201cLos cautiverios de las Mujeres\u201d, analiz\u00f3 las formas en que el patriarcado somete a las mujeres y c\u00f3mo pueden liberarse a trav\u00e9s de la autonom\u00eda.<\/p>\n\n\n\n<p class=\"wp-block-paragraph\">Ha sido docente y conferencista en universidades nacionales e internacionales, formando generaciones de feministas y especialistas en estudios de g\u00e9nero.&nbsp; Ha escrito libros como Claves feministas para el poder\u00edo y la autonom\u00eda de las mujeres, donde brinda herramientas para fortalecer la independencia y el liderazgo de las mujeres.<\/p>\n\n\n\n<p class=\"wp-block-paragraph\">Marcela Lagarde se ha desempe\u00f1ado en como acad\u00e9mica, es antrop\u00f3loga e investigadora mexicana, especializada en etnolog\u00eda y es considerada una de las m\u00e1s importantes feministas mexicanas y latinoamericanas. Fue diputada federal donde propuso, creo y presidi\u00f3 la Comisi\u00f3n Especial para dar seguimiento a los feminicidios en la Rep\u00fablica Mexicana, promovi\u00f3 el delito del feminicidio y creo la Ley General de Acceso de las Mujeres a una vida libre de violencia. C\u00f3mo te\u00f3rica del feminismo se ha dedicado al estudio antropol\u00f3gico de la condici\u00f3n femenina, ha realizado diversas publicaciones fundamentales.<\/p>\n\n\n\n<p class=\"wp-block-paragraph\">SEM\/em\/sj<\/p>\n","protected":false},"excerpt":{"rendered":"<p>Elda Montiel&nbsp;&nbsp;&nbsp;&nbsp;&nbsp;&nbsp;&nbsp;&nbsp;&nbsp;&nbsp;&nbsp;&nbsp;&nbsp;&nbsp;&nbsp;&nbsp;&nbsp;&nbsp;&nbsp;&nbsp;&nbsp;&nbsp;&nbsp;&nbsp;&nbsp;&nbsp;&nbsp;&nbsp;&nbsp;&nbsp;&nbsp;&nbsp;&nbsp;&nbsp;&nbsp; SemM\u00e9xico, Ciudad de M\u00e9xico, 21 de marzo, 2025.- El movimiento feminista nacional se volc\u00f3 para respaldar a Marcela Lagarde y de los R\u00edos, referente del feminismo en Am\u00e9rica Latina, luego de haber sido suspendida la conferencia convocada por el Instituto de las Mujeres Municipal de Ciudad Ju\u00e1rez y la Universidad Aut\u00f3noma de Ciudad [&hellip;]<\/p>\n","protected":false},"author":3,"featured_media":93934,"comment_status":"open","ping_status":"open","sticky":false,"template":"","format":"standard","meta":{"_monsterinsights_skip_tracking":false,"footnotes":""},"categories":[694],"tags":[],"class_list":["post-93933","post","type-post","status-publish","format-standard","has-post-thumbnail","category-destacadas"],"_links":{"self":[{"href":"https:\/\/redsemlac.com\/semmexico\/wp-json\/wp\/v2\/posts\/93933","targetHints":{"allow":["GET"]}}],"collection":[{"href":"https:\/\/redsemlac.com\/semmexico\/wp-json\/wp\/v2\/posts"}],"about":[{"href":"https:\/\/redsemlac.com\/semmexico\/wp-json\/wp\/v2\/types\/post"}],"author":[{"embeddable":true,"href":"https:\/\/redsemlac.com\/semmexico\/wp-json\/wp\/v2\/users\/3"}],"replies":[{"embeddable":true,"href":"https:\/\/redsemlac.com\/semmexico\/wp-json\/wp\/v2\/comments?post=93933"}],"version-history":[{"count":0,"href":"https:\/\/redsemlac.com\/semmexico\/wp-json\/wp\/v2\/posts\/93933\/revisions"}],"wp:featuredmedia":[{"embeddable":true,"href":"https:\/\/redsemlac.com\/semmexico\/wp-json\/wp\/v2\/media\/93934"}],"wp:attachment":[{"href":"https:\/\/redsemlac.com\/semmexico\/wp-json\/wp\/v2\/media?parent=93933"}],"wp:term":[{"taxonomy":"category","embeddable":true,"href":"https:\/\/redsemlac.com\/semmexico\/wp-json\/wp\/v2\/categories?post=93933"},{"taxonomy":"post_tag","embeddable":true,"href":"https:\/\/redsemlac.com\/semmexico\/wp-json\/wp\/v2\/tags?post=93933"}],"curies":[{"name":"wp","href":"https:\/\/api.w.org\/{rel}","templated":true}]}}