{"id":93927,"date":"2025-03-21T18:27:46","date_gmt":"2025-03-22T00:27:46","guid":{"rendered":"https:\/\/redsemlac.com\/semmexico\/?p=93927"},"modified":"2025-03-21T18:27:47","modified_gmt":"2025-03-22T00:27:47","slug":"proponen-para-el-muro-de-honor-del-senado-a-heroinas-de-la-independencia","status":"publish","type":"post","link":"https:\/\/redsemlac.com\/semmexico\/proponen-para-el-muro-de-honor-del-senado-a-heroinas-de-la-independencia\/","title":{"rendered":"Proponen para el Muro de Honor del Senado, a hero\u00ednas de la independencia"},"content":{"rendered":"\n<ul class=\"wp-block-list\">\n<li>Ser\u00edan los nombres de Carmen y Natalia Serd\u00e1n, as\u00ed como de Filomena del Valle<\/li>\n<\/ul>\n\n\n\n<ul class=\"wp-block-list\">\n<li>La senadora Liz S\u00e1nchez destaca su hist\u00f3rico papel y reivindica su legado en la lucha por la justicia y la libertad<\/li>\n<\/ul>\n\n\n\n<p class=\"wp-block-paragraph\">Redacci\u00f3n<\/p>\n\n\n\n<p class=\"wp-block-paragraph\">SemM\u00e9xico, Ciudad de M\u00e9xico, 21 de marzo, 2025.- Desde la tribuna del Senado de la Rep\u00fablica, Liz S\u00e1nchez present\u00f3 una iniciativa para inscribir en el Muro de Honor del Senado los nombres de Carmen Serd\u00e1n, Natalia Serd\u00e1n y Filomena del Valle, tres valientes mujeres que participaron activamente en la Revoluci\u00f3n Mexicana.<\/p>\n\n\n\n<p class=\"wp-block-paragraph\">Durante su intervenci\u00f3n, la legisladora del Partido del Trabajo (PT) record\u00f3 que estas mujeres poblanas, fueron protagonistas fundamentales en la lucha contra la dictadura de Porfirio D\u00edaz y desempe\u00f1aron un papel crucial en el inicio de la Revoluci\u00f3n el 18 de noviembre de 1910.<\/p>\n\n\n\n<p class=\"wp-block-paragraph\">\u00abCon Puebla en el coraz\u00f3n, hoy rindo homenaje a tres mujeres extraordinarias que marcaron la historia de M\u00e9xico. Su valent\u00eda y entrega son un ejemplo que no debe quedar en el olvido\u00bb, expres\u00f3 Liz S\u00e1nchez.<\/p>\n\n\n\n<p class=\"wp-block-paragraph\"><strong>Hero\u00ednas de la Revoluci\u00f3n Mexicana<\/strong><\/p>\n\n\n\n<p class=\"wp-block-paragraph\">La senadora destac\u00f3 que Carmen Serd\u00e1n, con fusil en mano, enfrent\u00f3 a las fuerzas porfiristas para defender la libertad. Por su parte, Natalia Serd\u00e1n y Filomena del Valle, esposa de Aquiles Serd\u00e1n, fueron piezas clave en la organizaci\u00f3n de la resistencia, resguardando mensajes y protegiendo a sus compa\u00f1eros.<\/p>\n\n\n\n<p class=\"wp-block-paragraph\">\u00abNo se limitaron a labores log\u00edsticas; dispararon, resistieron y combatieron junto a sus compa\u00f1eros revolucionarios\u00bb, enfatiz\u00f3 S\u00e1nchez.<\/p>\n\n\n\n<p class=\"wp-block-paragraph\">La legisladora record\u00f3 que, durante a\u00f1os, el papel de estas mujeres fue minimizado por la historia oficial, como ha ocurrido con tantas mujeres que, pese a su lucha incansable, fueron invisibilizadas.<\/p>\n\n\n\n<figure class=\"wp-block-gallery has-nested-images columns-default is-cropped wp-block-gallery-1 is-layout-flex wp-block-gallery-is-layout-flex\">\n<figure class=\"wp-block-image size-large\"><a href=\"https:\/\/redsemlac.com\/semmexico\/wp-content\/uploads\/2025\/03\/FILOMENA-DEL-VALLE.jpg\"><img loading=\"lazy\" decoding=\"async\" width=\"1024\" height=\"512\" data-id=\"93931\" src=\"https:\/\/redsemlac.com\/semmexico\/wp-content\/uploads\/2025\/03\/FILOMENA-DEL-VALLE-1024x512.jpg\" alt=\"\" class=\"wp-image-93931\" srcset=\"https:\/\/redsemlac.com\/semmexico\/wp-content\/uploads\/2025\/03\/FILOMENA-DEL-VALLE-1024x512.jpg 1024w, https:\/\/redsemlac.com\/semmexico\/wp-content\/uploads\/2025\/03\/FILOMENA-DEL-VALLE-300x150.jpg 300w, https:\/\/redsemlac.com\/semmexico\/wp-content\/uploads\/2025\/03\/FILOMENA-DEL-VALLE-768x384.jpg 768w, https:\/\/redsemlac.com\/semmexico\/wp-content\/uploads\/2025\/03\/FILOMENA-DEL-VALLE-150x75.jpg 150w, https:\/\/redsemlac.com\/semmexico\/wp-content\/uploads\/2025\/03\/FILOMENA-DEL-VALLE-696x348.jpg 696w, https:\/\/redsemlac.com\/semmexico\/wp-content\/uploads\/2025\/03\/FILOMENA-DEL-VALLE-1068x534.jpg 1068w, https:\/\/redsemlac.com\/semmexico\/wp-content\/uploads\/2025\/03\/FILOMENA-DEL-VALLE.jpg 1200w\" sizes=\"auto, (max-width: 1024px) 100vw, 1024px\" \/><\/a><\/figure>\n\n\n\n<figure class=\"wp-block-image size-large\"><a href=\"https:\/\/redsemlac.com\/semmexico\/wp-content\/uploads\/2025\/03\/NATALIA-SERDAN.jpg\"><img loading=\"lazy\" decoding=\"async\" width=\"478\" height=\"416\" data-id=\"93928\" src=\"https:\/\/redsemlac.com\/semmexico\/wp-content\/uploads\/2025\/03\/NATALIA-SERDAN.jpg\" alt=\"\" class=\"wp-image-93928\" srcset=\"https:\/\/redsemlac.com\/semmexico\/wp-content\/uploads\/2025\/03\/NATALIA-SERDAN.jpg 478w, https:\/\/redsemlac.com\/semmexico\/wp-content\/uploads\/2025\/03\/NATALIA-SERDAN-300x261.jpg 300w, https:\/\/redsemlac.com\/semmexico\/wp-content\/uploads\/2025\/03\/NATALIA-SERDAN-150x131.jpg 150w\" sizes=\"auto, (max-width: 478px) 100vw, 478px\" \/><\/a><\/figure>\n<\/figure>\n\n\n\n<p class=\"wp-block-paragraph\"><strong>De la Revoluci\u00f3n a la Cuarta Transformaci\u00f3n<\/strong><\/p>\n\n\n\n<p class=\"wp-block-paragraph\">Liz S\u00e1nchez subray\u00f3 que el legado de las hermanas Serd\u00e1n y de Filomena del Valle trascendi\u00f3 su \u00e9poca, contribuyendo a consolidar la Tercera Transformaci\u00f3n de M\u00e9xico. Asimismo, vincul\u00f3 su lucha con el contexto actual, destacando que la Cuarta Transformaci\u00f3n, hoy encabezada por la presidenta Claudia Sheinbaum, es ejemplo del avance en la participaci\u00f3n pol\u00edtica de las mujeres.<\/p>\n\n\n\n<p class=\"wp-block-paragraph\">\u00abGracias a mujeres como Carmen, Natalia y Filomena, hoy vivimos una transformaci\u00f3n hist\u00f3rica en la que las mujeres tenemos un papel protag\u00f3nico en la construcci\u00f3n de un M\u00e9xico m\u00e1s justo e igualitario\u00bb, destac\u00f3.<\/p>\n\n\n\n<figure class=\"wp-block-image size-large\"><a href=\"https:\/\/redsemlac.com\/semmexico\/wp-content\/uploads\/2025\/03\/Sen.-Sanchez-Letras-Doradas-4.jpeg\"><img loading=\"lazy\" decoding=\"async\" width=\"713\" height=\"1024\" src=\"https:\/\/redsemlac.com\/semmexico\/wp-content\/uploads\/2025\/03\/Sen.-Sanchez-Letras-Doradas-4-713x1024.jpeg\" alt=\"\" class=\"wp-image-93929\" srcset=\"https:\/\/redsemlac.com\/semmexico\/wp-content\/uploads\/2025\/03\/Sen.-Sanchez-Letras-Doradas-4-713x1024.jpeg 713w, https:\/\/redsemlac.com\/semmexico\/wp-content\/uploads\/2025\/03\/Sen.-Sanchez-Letras-Doradas-4-209x300.jpeg 209w, https:\/\/redsemlac.com\/semmexico\/wp-content\/uploads\/2025\/03\/Sen.-Sanchez-Letras-Doradas-4-768x1103.jpeg 768w, https:\/\/redsemlac.com\/semmexico\/wp-content\/uploads\/2025\/03\/Sen.-Sanchez-Letras-Doradas-4-150x215.jpeg 150w, https:\/\/redsemlac.com\/semmexico\/wp-content\/uploads\/2025\/03\/Sen.-Sanchez-Letras-Doradas-4-300x431.jpeg 300w, https:\/\/redsemlac.com\/semmexico\/wp-content\/uploads\/2025\/03\/Sen.-Sanchez-Letras-Doradas-4-696x1000.jpeg 696w, https:\/\/redsemlac.com\/semmexico\/wp-content\/uploads\/2025\/03\/Sen.-Sanchez-Letras-Doradas-4.jpeg 891w\" sizes=\"auto, (max-width: 713px) 100vw, 713px\" \/><\/a><\/figure>\n\n\n\n<p class=\"wp-block-paragraph\"><strong>Un acto de memoria hist\u00f3rica y justicia de g\u00e9nero<\/strong><\/p>\n\n\n\n<p class=\"wp-block-paragraph\">La senadora del PT enfatiz\u00f3 que inscribir los nombres de estas tres mujeres en el Muro de Honor del Senado es un acto de memoria hist\u00f3rica y un reconocimiento a la valent\u00eda femenina que ha forjado a M\u00e9xico.<\/p>\n\n\n\n<p class=\"wp-block-paragraph\">\u00abComo poblana, como mujer y como integrante del Partido del Trabajo, creo firmemente que el reconocimiento hist\u00f3rico es indispensable para no permitir que el olvido silencie las voces de quienes entregaron su vida por la libertad\u00bb, afirm\u00f3.<\/p>\n\n\n\n<p class=\"wp-block-paragraph\">Finalmente, Liz S\u00e1nchez llam\u00f3 a sus compa\u00f1eros y compa\u00f1eras senadoras a respaldar esta iniciativa que enaltece el legado de las mujeres poblanas en la historia de M\u00e9xico.<\/p>\n\n\n\n<p class=\"wp-block-paragraph\">SEM\/sj<\/p>\n","protected":false},"excerpt":{"rendered":"<p>Redacci\u00f3n SemM\u00e9xico, Ciudad de M\u00e9xico, 21 de marzo, 2025.- Desde la tribuna del Senado de la Rep\u00fablica, Liz S\u00e1nchez present\u00f3 una iniciativa para inscribir en el Muro de Honor del Senado los nombres de Carmen Serd\u00e1n, Natalia Serd\u00e1n y Filomena del Valle, tres valientes mujeres que participaron activamente en la Revoluci\u00f3n Mexicana. Durante su intervenci\u00f3n, [&hellip;]<\/p>\n","protected":false},"author":3,"featured_media":93930,"comment_status":"open","ping_status":"open","sticky":false,"template":"","format":"standard","meta":{"_monsterinsights_skip_tracking":false,"footnotes":""},"categories":[50],"tags":[],"class_list":["post-93927","post","type-post","status-publish","format-standard","has-post-thumbnail","category-congreso"],"_links":{"self":[{"href":"https:\/\/redsemlac.com\/semmexico\/wp-json\/wp\/v2\/posts\/93927","targetHints":{"allow":["GET"]}}],"collection":[{"href":"https:\/\/redsemlac.com\/semmexico\/wp-json\/wp\/v2\/posts"}],"about":[{"href":"https:\/\/redsemlac.com\/semmexico\/wp-json\/wp\/v2\/types\/post"}],"author":[{"embeddable":true,"href":"https:\/\/redsemlac.com\/semmexico\/wp-json\/wp\/v2\/users\/3"}],"replies":[{"embeddable":true,"href":"https:\/\/redsemlac.com\/semmexico\/wp-json\/wp\/v2\/comments?post=93927"}],"version-history":[{"count":0,"href":"https:\/\/redsemlac.com\/semmexico\/wp-json\/wp\/v2\/posts\/93927\/revisions"}],"wp:featuredmedia":[{"embeddable":true,"href":"https:\/\/redsemlac.com\/semmexico\/wp-json\/wp\/v2\/media\/93930"}],"wp:attachment":[{"href":"https:\/\/redsemlac.com\/semmexico\/wp-json\/wp\/v2\/media?parent=93927"}],"wp:term":[{"taxonomy":"category","embeddable":true,"href":"https:\/\/redsemlac.com\/semmexico\/wp-json\/wp\/v2\/categories?post=93927"},{"taxonomy":"post_tag","embeddable":true,"href":"https:\/\/redsemlac.com\/semmexico\/wp-json\/wp\/v2\/tags?post=93927"}],"curies":[{"name":"wp","href":"https:\/\/api.w.org\/{rel}","templated":true}]}}