{"id":93922,"date":"2025-03-21T18:18:22","date_gmt":"2025-03-22T00:18:22","guid":{"rendered":"https:\/\/redsemlac.com\/semmexico\/?p=93922"},"modified":"2025-03-21T18:18:23","modified_gmt":"2025-03-22T00:18:23","slug":"piden-a-sheinbaum-no-desvirtuar-la-lucha-de-las-familias-de-los-desaparecidos","status":"publish","type":"post","link":"https:\/\/redsemlac.com\/semmexico\/piden-a-sheinbaum-no-desvirtuar-la-lucha-de-las-familias-de-los-desaparecidos\/","title":{"rendered":"Piden a Sheinbaum no desvirtuar la lucha de las familias de los desaparecidos"},"content":{"rendered":"\n<p class=\"wp-block-paragraph\">\u00b7 Ninguna iniciativa funcionar\u00e1 sin la participaci\u00f3n de las familias buscadoras, dicen a Sheinbaum<\/p>\n\n\n\n<p class=\"wp-block-paragraph\">\u00b7 Las iniciativas que propone ya existen se requiere que se cumplan: V\u00edctimas Unidas<\/p>\n\n\n\n<p class=\"wp-block-paragraph\">Elda Montiel<\/p>\n\n\n\n<p class=\"wp-block-paragraph\">SemM\u00e9xico. Ciudad de M\u00e9xico. 19 de marzo 2025.- Es falso que este del lado de las v\u00edctimas de desaparici\u00f3n y sus familias pues nunca han sido su prioridad ni cuando estaba en campa\u00f1a, se\u00f1alan integrantes del colectivo V\u00edctimas Unidas, en un pronunciamiento dirigido a la presidenta Claudia Sheinbaum Pardo.<\/p>\n\n\n\n<p class=\"wp-block-paragraph\">En un pronunciamiento p\u00fablico, tambi\u00e9n aseguraron que las reformas legislativas que present\u00f3 ante el Congreso de la Uni\u00f3n est\u00e1n desactualizadas por lo que sugieren que cambie a sus asesores y advierten que ninguna iniciativa funcionar\u00e1 ni habr\u00e1 resultados positivos sin la participaci\u00f3n de las familias buscadoras, lo que se indica tanto en la Ley General en Materia de Desaparici\u00f3n Forzada de Personas, Desaparici\u00f3n Cometida por Particulares y del Sistema Nacional de B\u00fasqueda de Personas, como la Ley General de V\u00edctimas.<\/p>\n\n\n\n<p class=\"wp-block-paragraph\">La retan a convocar a una reuni\u00f3n a los gobernadores de los 32 estados, a los fiscales estatales y ex\u00edjales que den toda la informaci\u00f3n que tienen y dejen de proteger a sus amigos como ella lo hace al no tener una pol\u00edtica en relaci\u00f3n a las desapariciones y atenci\u00f3n a sus familiares.<\/p>\n\n\n\n<p class=\"wp-block-paragraph\">Le advierten que tiene la oportunidad hist\u00f3rica de no ser omisa como los presidentes que le antecedieron, porque la b\u00fasqueda va m\u00e1s all\u00e1 de 12 a\u00f1os al cuestionarle lo expresado en la ma\u00f1anera del lunes 17 de marzo en relaci\u00f3n a los hallazgos en el Rancho Izaguirre en Jalisco en la conferencia ma\u00f1anera.<\/p>\n\n\n\n<p class=\"wp-block-paragraph\">Le exigen que no niegue el acceso f\u00edsico e informaci\u00f3n de los lugares o espacios donde se encuentran restos humanos, calzados, prendas de personas, art\u00edculos y dem\u00e1s cosas en todos los estados del pa\u00eds, principalmente en el Rancho Izaguirre en Teuchitlan, Jalisco para que puedan identificar las pertenencias de sus familiares.<\/p>\n\n\n\n<p class=\"wp-block-paragraph\">Le demandan que no desvirt\u00fae la lucha de las familias de los desaparecidos pues no son grupos pol\u00edticos y hablar con ligereza de las v\u00edctimas de desaparici\u00f3n ofende y es una falta de respeto cuando viene de la m\u00e1xima autoridad del pa\u00eds.<\/p>\n\n\n\n<p class=\"wp-block-paragraph\">Enfatizan que a los funcionarios de su gobierno no les interesa recibirlos ni encontrar a los m\u00e1s de 200 mil desparecidos s\u00f3lo aparentan que los buscan.<\/p>\n\n\n\n<p class=\"wp-block-paragraph\">Despu\u00e9s de refutar cada una de las afirmaciones de la Jefa del Ejecutivo sus declaraciones el pasado lunes sobre los desaparecidos que ni siquiera se consideran en el Plan Nacional de Desarrollo y que nunca se ha reunido con las y los familiares a los que ha dejado a la intemperie afuera de Palacio Nacional se\u00f1alaron la ineficiencia y simulaci\u00f3n de la Comisi\u00f3n Nacional de B\u00fasqueda y la Comisi\u00f3n Ejecutiva de Atenci\u00f3n a V\u00edctimas y el poder judicial.<\/p>\n\n\n\n<p class=\"wp-block-paragraph\">Del senador Gerardo Fern\u00e1ndez Noro\u00f1a se\u00f1ala que deber\u00eda abrir el Senado a los familiares de las v\u00edctimas de desaparici\u00f3n y cumplir con su responsabilidad de velar por la verdad y la justicia en lugar de negar la realidad.<\/p>\n\n\n\n<p class=\"wp-block-paragraph\">Le proponen la firma de decreto para fortalecer a la Comisi\u00f3n Nacional de B\u00fasqueda, a fin de ampliar su capacidad de atenci\u00f3n, an\u00e1lisis de contexto y la adquisici\u00f3n de equipos tecnol\u00f3gicos que acompa\u00f1en las b\u00fasquedas con evidencias cient\u00edficas.<\/p>\n\n\n\n<p class=\"wp-block-paragraph\">Descalifican a las titulares de la Comisi\u00f3n Nacional de B\u00fasqueda y de la Comisi\u00f3n Ejecutiva de Atenci\u00f3n a V\u00edctimas (CEAV) por mal desempe\u00f1o, y le demuestran que sin recursos cuando se cre\u00f3 la Comisi\u00f3n de B\u00fasqueda, se logr\u00f3 localizar a 404 e identificar aproximadamente 1500 personas al 95%, sin contar recursos, proyecto hecho por compa\u00f1eros de larga data y personal de la CNB de ese momento, que fue desmantelado por Alejandro Encinas, Karla Quintana y ahora la actual Titular Teresa Guadalupe.<\/p>\n\n\n\n<p class=\"wp-block-paragraph\">Respecto a las iniciativas de reforma al Congreso de la Uni\u00f3n entre ellas la creaci\u00f3n de un Registro de Informaci\u00f3n Forense, le informan que la Fiscal\u00eda General de la Rep\u00fablica no ha ejecutado el tener como herramienta el Banco Nacional de Datos Forenses aunque lo contemple la ley. Por lo que recomiendan verificar todo lo que requiere el Sistema Nacional de B\u00fasqueda de Personas como lo espec\u00edfica la Ley.<\/p>\n\n\n\n<p class=\"wp-block-paragraph\">Tambi\u00e9n le informan que ya existe la Base Nacional \u00danica de Informaci\u00f3n Forense que<\/p>\n\n\n\n<p class=\"wp-block-paragraph\">se alimenta con datos de los servicios periciales de las 32 Fiscal\u00edas estatales y la Fiscal\u00eda General de la Rep\u00fablica, as\u00ed como de los servicios forenses estatal y federal, por lo que le piden cambie de asesores.<\/p>\n\n\n\n<p class=\"wp-block-paragraph\">De su propuesta de reforma del fortalecimiento del Centro Nacional de Identificaci\u00f3n Humana, se le informa que este existi\u00f3 mientras nos visitaron los del Comit\u00e9 de Desapariciones de la ONU (CED-ONU), pues al retirarse este comit\u00e9, la anterior administraci\u00f3n desmantelo todo.<\/p>\n\n\n\n<p class=\"wp-block-paragraph\">Respecto a su propuesta de b\u00fasqueda inmediata en los estados, los funcionarios ya saben y sigue sin ejecutarla por lo que deber\u00edan sancionarlos. Le recuerdan que del delito de desaparici\u00f3n es considerado de lesa humanidad.<\/p>\n\n\n\n<p class=\"wp-block-paragraph\">Esperan que las cifras no sean alteradas y se brinden atenci\u00f3n digna a los familiares al establecer la publicaci\u00f3n mensual de las cifras de carpetas de investigaci\u00f3n sobre desapariciones de las Fiscal\u00edas estatales y la FGR, por medio del Secretariado Ejecutivo del Sistema Nacional de Seguridad P\u00fablica.<\/p>\n\n\n\n<p class=\"wp-block-paragraph\">Piden que para fortalecer la Comisi\u00f3n Ejecutiva de Atenci\u00f3n a V\u00edctimas para el acompa\u00f1amiento, apoyo y asesor\u00eda a todos los familiares que tienen alguna persona desaparecida cambien a la titular Martha Yuriria ya que ha revictimizado y violado muchos derechos de las v\u00edctimas, adem\u00e1s de que no hay acompa\u00f1amiento jur\u00eddico funcional, pues no se cuenta con perfiles para esto.<\/p>\n\n\n\n<p class=\"wp-block-paragraph\">La comisionada no recibe a las v\u00edctimas en sus instalaciones, presume que maneja al subsecretario Arturo Medina y a usted misma, recomend\u00e1ndoles que hacer (de esto se tienen pruebas). Adem\u00e1s, dichos funcionarios de CEAV, obstaculizan los traslados de diligencias, b\u00fasquedas o atenci\u00f3n m\u00e9dica, con tr\u00e1mites burocr\u00e1ticos. A la Titular de dicha comisi\u00f3n se le ha informado de lo antes mencionado, as\u00ed como de se\u00f1alamientos directos del abuso de sus colaboradores y no hace nada para proteger a las v\u00edctimas.<\/p>\n\n\n\n<p class=\"wp-block-paragraph\">Es necesaria la certificaci\u00f3n de buscadoras y buscadores, ya que al hacer el trabajo que le corresponde al estado, hemos desarrollado experiencia en b\u00fasqueda e investigaci\u00f3n, por lo cual se pide que exista un lugar de resguardo y generar pol\u00edticas de protecci\u00f3n y respeto a todos los buscadores.<\/p>\n\n\n\n<p class=\"wp-block-paragraph\">SEM\/em\/sj<\/p>\n","protected":false},"excerpt":{"rendered":"<p>\u00b7 Ninguna iniciativa funcionar\u00e1 sin la participaci\u00f3n de las familias buscadoras, dicen a Sheinbaum \u00b7 Las iniciativas que propone ya existen se requiere que se cumplan: V\u00edctimas Unidas Elda Montiel SemM\u00e9xico. Ciudad de M\u00e9xico. 19 de marzo 2025.- Es falso que este del lado de las v\u00edctimas de desaparici\u00f3n y sus familias pues nunca han [&hellip;]<\/p>\n","protected":false},"author":3,"featured_media":93923,"comment_status":"open","ping_status":"open","sticky":false,"template":"","format":"standard","meta":{"_monsterinsights_skip_tracking":false,"footnotes":""},"categories":[903],"tags":[],"class_list":["post-93922","post","type-post","status-publish","format-standard","has-post-thumbnail","category-presidenta-y-mas"],"_links":{"self":[{"href":"https:\/\/redsemlac.com\/semmexico\/wp-json\/wp\/v2\/posts\/93922","targetHints":{"allow":["GET"]}}],"collection":[{"href":"https:\/\/redsemlac.com\/semmexico\/wp-json\/wp\/v2\/posts"}],"about":[{"href":"https:\/\/redsemlac.com\/semmexico\/wp-json\/wp\/v2\/types\/post"}],"author":[{"embeddable":true,"href":"https:\/\/redsemlac.com\/semmexico\/wp-json\/wp\/v2\/users\/3"}],"replies":[{"embeddable":true,"href":"https:\/\/redsemlac.com\/semmexico\/wp-json\/wp\/v2\/comments?post=93922"}],"version-history":[{"count":0,"href":"https:\/\/redsemlac.com\/semmexico\/wp-json\/wp\/v2\/posts\/93922\/revisions"}],"wp:featuredmedia":[{"embeddable":true,"href":"https:\/\/redsemlac.com\/semmexico\/wp-json\/wp\/v2\/media\/93923"}],"wp:attachment":[{"href":"https:\/\/redsemlac.com\/semmexico\/wp-json\/wp\/v2\/media?parent=93922"}],"wp:term":[{"taxonomy":"category","embeddable":true,"href":"https:\/\/redsemlac.com\/semmexico\/wp-json\/wp\/v2\/categories?post=93922"},{"taxonomy":"post_tag","embeddable":true,"href":"https:\/\/redsemlac.com\/semmexico\/wp-json\/wp\/v2\/tags?post=93922"}],"curies":[{"name":"wp","href":"https:\/\/api.w.org\/{rel}","templated":true}]}}