{"id":93914,"date":"2025-03-21T16:22:16","date_gmt":"2025-03-21T22:22:16","guid":{"rendered":"https:\/\/redsemlac.com\/semmexico\/?p=93914"},"modified":"2025-03-21T16:23:59","modified_gmt":"2025-03-21T22:23:59","slug":"trata-de-personas-segundo-lugar-en-economias-ilicitas-a-nivel-mundial","status":"publish","type":"post","link":"https:\/\/redsemlac.com\/semmexico\/trata-de-personas-segundo-lugar-en-economias-ilicitas-a-nivel-mundial\/","title":{"rendered":"Trata de personas, segundo lugar en econom\u00edas il\u00edcitas a nivel mundial"},"content":{"rendered":"\n<p class=\"wp-block-paragraph\">\u00b7 Una de las manifestaciones de la delincuencia organizada que m\u00e1s da\u00f1o causa<\/p>\n\n\n\n<p class=\"wp-block-paragraph\">\u00b7 Analizan en la academia el fen\u00f3meno social. La investigaci\u00f3n \u201cnos permite articular una visi\u00f3n de conjunto\u201d<\/p>\n\n\n\n<p class=\"wp-block-paragraph\">Redacci\u00f3n<\/p>\n\n\n\n<p class=\"wp-block-paragraph\">SemM\u00e9xico, Ciudad de M\u00e9xico, 21 de marzo, 2025.- La trata de personas es una de las manifestaciones de la delincuencia organizada que m\u00e1s da\u00f1o causa a los seres humanos, afecta su integridad f\u00edsica y emocional, as\u00ed como a sus familiares y amigos, coincidieron en expresar universitarios.<\/p>\n\n\n\n<p class=\"wp-block-paragraph\">En la primera sesi\u00f3n del Seminario Permanente La Trata de Personas en un nuevo contexto de riesgos globales, regionales y nacionales, el director de la Facultad de Ciencias Pol\u00edticas y Sociales (FCPyS), Alejandro Chanona Burguete, refiri\u00f3:<\/p>\n\n\n\n<p class=\"wp-block-paragraph\">De acuerdo con el \u00cdndice Global de Crimen Organizado 2023, de la Iniciativa Global contra el Crimen Organizado Transnacional, esa actividad se coloca dentro de los mercados m\u00e1s rentables para los grupos dedicados a este flagelo, ocupando el segundo puesto en econom\u00edas il\u00edcitas predominantes a escala mundial.<\/p>\n\n\n\n<p class=\"wp-block-paragraph\">Ese delito, expuso, es una de las manifestaciones de la delincuencia organizada que m\u00e1s da\u00f1o causa, y se refiere al reclutamiento, transporte, transferencia, albergue o recepci\u00f3n de personas mediante la amenaza, el uso de la fuerza u otras formas de coerci\u00f3n, o enga\u00f1os, con fines de explotaci\u00f3n sexual o laboral, esclavitud o pr\u00e1cticas similares, servidumbre o extracci\u00f3n de \u00f3rganos.<\/p>\n\n\n\n<p class=\"wp-block-paragraph\">Existe una necesidad primordial de atender este problema desde una perspectiva de seguridad humana, prosigui\u00f3, tomando en cuenta que la creaci\u00f3n y ejecuci\u00f3n de pol\u00edticas p\u00fablicas debe centrarse en la prevenci\u00f3n, la sanci\u00f3n de ese delito y b\u00fasqueda de su erradicaci\u00f3n, as\u00ed como en la atenci\u00f3n y reinserci\u00f3n de las v\u00edctimas, su acceso a la justicia, reparaci\u00f3n de da\u00f1os y acompa\u00f1amiento integral.<\/p>\n\n\n\n<p class=\"wp-block-paragraph\">El escenario de inseguridad regional tras la pandemia, las rearticulaciones de las redes criminales y la convergencia de delitos amplifican los desaf\u00edos frente a ese fen\u00f3meno. \u201cEn M\u00e9xico la trata no puede entenderse sin el an\u00e1lisis de las din\u00e1micas internas y externas del territorio, como la porosidad de sus fronteras, la variedad de organizaciones criminales, y su posici\u00f3n como uno de los principales puntos de origen, tr\u00e1nsito y destino de migrantes\u201d.<\/p>\n\n\n\n<p class=\"wp-block-paragraph\">Respecto al Informe Geograf\u00eda de la trata de personas en la frontera Estados Unidos-M\u00e9xico, publicado en 2023 por InSight Crime -que se discuti\u00f3 en la sesi\u00f3n- dijo: \u201carroja luz sobre el tema en puntos cr\u00edticos\u201d, identifica una serie de patrones que caracterizan a los corredores criminales entre ambos pa\u00edses, como escenario en el que participan diversos actores estatales y no estatales para llevar a cabo m\u00faltiples delitos, incluyendo la trata de personas.<\/p>\n\n\n\n<p class=\"wp-block-paragraph\">Tambi\u00e9n evidencia gran escasez de informaci\u00f3n para el an\u00e1lisis de ese delito, inadecuada distribuci\u00f3n de recursos y falta de comprensi\u00f3n de la naturaleza de la trata en esa regi\u00f3n del pa\u00eds que, de acuerdo con el Secretariado Ejecutivo del Sistema Nacional de Seguridad P\u00fablica, en enero de 2025 registr\u00f3 41 v\u00edctimas, mientras que en 2024 fueron 615.<\/p>\n\n\n\n<p class=\"wp-block-paragraph\">Al hacer uso de la palabra, Mario Luis Fuentes Alcal\u00e1, titular de la C\u00e1tedra Extraordinaria Trata de Personas de la UNAM, recalc\u00f3 que esa investigaci\u00f3n \u201cnos permite articular una visi\u00f3n de conjunto\u201d. No hay fen\u00f3meno social aislado, todos se vinculan: tr\u00e1fico de personas, desapariciones, violaciones, trabajos forzados, explotaci\u00f3n sexual o laboral, porque al hacerlo \u201coscurecemos la realidad\u201d.<\/p>\n\n\n\n<p class=\"wp-block-paragraph\">Uno de los aspectos relevantes del estudio, consider\u00f3 el tambi\u00e9n integrante del Patronato Universitario y exintegrante de la Junta de Gobierno de la Universidad, es que se debe pensar en regiones, incluso en zonas dentro de las ciudades. La din\u00e1mica delictiva criminal tiene expresiones territoriales complejas, pero tendemos a homogeneizar lo poco que sabemos.<\/p>\n\n\n\n<p class=\"wp-block-paragraph\">Para Victoria Dittmar, investigadora principal del Informe y gerente de proyectos en InSight Crime, ese estudio fue resultado de dos a\u00f1os de trabajo en diversas partes de la frontera norte del pa\u00eds para entender la relaci\u00f3n entre las redes criminales transnacionales y el negocio de la trata de personas.<\/p>\n\n\n\n<p class=\"wp-block-paragraph\">Uno de los hallazgos es que hay falta enorme de datos. Es un acto que se reporta poco: tiene un elemento de explotaci\u00f3n, de enga\u00f1o y de fuerza. Encontramos que el reclutamiento se da de diversas maneras, pero la m\u00e1s com\u00fan es el enga\u00f1o al ofrecer trabajo a migrantes, cuando en realidad la persona termina siendo v\u00edctima de una red de explotaci\u00f3n. Los c\u00e1rteles han visto en esa poblaci\u00f3n una opci\u00f3n para incrementar sus ganancias.<\/p>\n\n\n\n<p class=\"wp-block-paragraph\">La trata se ha vuelto cercana a las redes de tr\u00e1fico de personas. Hace 20 a\u00f1os, este \u00faltimo era un negocio familiar, donde un coyote o traficante trabajaba con una comunidad y hab\u00eda una relaci\u00f3n estrecha; actualmente es un comercio en donde la distancia entre el migrante y el traficante es amplia, hay poca confianza, y es com\u00fan que sean vendidas para pagar cuotas, que distintos grupos criminales quieran extorsionarlas o cobrar por atravesar un territorio, y as\u00ed \u201cterminan siendo moneda de cambio\u201d.<\/p>\n\n\n\n<p class=\"wp-block-paragraph\">Es un fen\u00f3meno s\u00f3rdido, complejo, que involucra a redes criminales, militares, agentes de la polic\u00eda federal y aparatos de seguridad p\u00fablica, acot\u00f3 Ignacio Alvarado \u00c1lvarez, periodista y tambi\u00e9n investigador principal del Informe.<\/p>\n\n\n\n<p class=\"wp-block-paragraph\">Abordar el tema en campo es complejo debido al silencio c\u00f3mplice de quienes, desde las instituciones del Estado, est\u00e1n implicados de una u otra forma con el<\/p>\n\n\n\n<p class=\"wp-block-paragraph\">fen\u00f3meno de la desaparici\u00f3n con prop\u00f3sitos de explotaci\u00f3n sexual o laboral, entre otros.<\/p>\n\n\n\n<p class=\"wp-block-paragraph\">De acuerdo con el Registro Nacional de Personas Desaparecidas o No Localizadas 2024, se contabilizaron en esta condici\u00f3n 12 mil 600, de ellas aproximadamente tres mil 700 fueron mujeres, en la mayor parte de 15 a 19 a\u00f1os, seguidas por las de 20 a 24 a\u00f1os. \u201cEso es, en promedio, alrededor de 10 mujeres al d\u00eda\u201d.<\/p>\n\n\n\n<p class=\"wp-block-paragraph\">Y si el fen\u00f3meno est\u00e1 invisibilizado para las personas heterosexuales, con la comunidad LGBT+ \u201ces m\u00e1s terrible\u201d: a las mujeres trans las utilizan como \u201chalcones\u201d en las calles o las explotan sexualmente; las vuelven adictas a las drogas y terminan con su vida.<\/p>\n\n\n\n<figure class=\"wp-block-image size-large\"><a href=\"https:\/\/redsemlac.com\/semmexico\/wp-content\/uploads\/2025\/03\/1883-scaled.jpg\"><img loading=\"lazy\" decoding=\"async\" width=\"1024\" height=\"611\" src=\"https:\/\/redsemlac.com\/semmexico\/wp-content\/uploads\/2025\/03\/1883-1024x611.jpg\" alt=\"\" class=\"wp-image-93916\" srcset=\"https:\/\/redsemlac.com\/semmexico\/wp-content\/uploads\/2025\/03\/1883-1024x611.jpg 1024w, https:\/\/redsemlac.com\/semmexico\/wp-content\/uploads\/2025\/03\/1883-300x179.jpg 300w, https:\/\/redsemlac.com\/semmexico\/wp-content\/uploads\/2025\/03\/1883-768x458.jpg 768w, https:\/\/redsemlac.com\/semmexico\/wp-content\/uploads\/2025\/03\/1883-1536x917.jpg 1536w, https:\/\/redsemlac.com\/semmexico\/wp-content\/uploads\/2025\/03\/1883-2048x1223.jpg 2048w, https:\/\/redsemlac.com\/semmexico\/wp-content\/uploads\/2025\/03\/1883-150x90.jpg 150w, https:\/\/redsemlac.com\/semmexico\/wp-content\/uploads\/2025\/03\/1883-696x415.jpg 696w, https:\/\/redsemlac.com\/semmexico\/wp-content\/uploads\/2025\/03\/1883-1068x638.jpg 1068w, https:\/\/redsemlac.com\/semmexico\/wp-content\/uploads\/2025\/03\/1883-1920x1146.jpg 1920w\" sizes=\"auto, (max-width: 1024px) 100vw, 1024px\" \/><\/a><\/figure>\n","protected":false},"excerpt":{"rendered":"<p>\u00b7 Una de las manifestaciones de la delincuencia organizada que m\u00e1s da\u00f1o causa \u00b7 Analizan en la academia el fen\u00f3meno social. La investigaci\u00f3n \u201cnos permite articular una visi\u00f3n de conjunto\u201d Redacci\u00f3n SemM\u00e9xico, Ciudad de M\u00e9xico, 21 de marzo, 2025.- La trata de personas es una de las manifestaciones de la delincuencia organizada que m\u00e1s da\u00f1o [&hellip;]<\/p>\n","protected":false},"author":3,"featured_media":93917,"comment_status":"open","ping_status":"open","sticky":false,"template":"","format":"standard","meta":{"_monsterinsights_skip_tracking":false,"footnotes":""},"categories":[48],"tags":[],"class_list":["post-93914","post","type-post","status-publish","format-standard","has-post-thumbnail","category-no-mas-impunidad-no-mas-impunidad"],"_links":{"self":[{"href":"https:\/\/redsemlac.com\/semmexico\/wp-json\/wp\/v2\/posts\/93914","targetHints":{"allow":["GET"]}}],"collection":[{"href":"https:\/\/redsemlac.com\/semmexico\/wp-json\/wp\/v2\/posts"}],"about":[{"href":"https:\/\/redsemlac.com\/semmexico\/wp-json\/wp\/v2\/types\/post"}],"author":[{"embeddable":true,"href":"https:\/\/redsemlac.com\/semmexico\/wp-json\/wp\/v2\/users\/3"}],"replies":[{"embeddable":true,"href":"https:\/\/redsemlac.com\/semmexico\/wp-json\/wp\/v2\/comments?post=93914"}],"version-history":[{"count":0,"href":"https:\/\/redsemlac.com\/semmexico\/wp-json\/wp\/v2\/posts\/93914\/revisions"}],"wp:featuredmedia":[{"embeddable":true,"href":"https:\/\/redsemlac.com\/semmexico\/wp-json\/wp\/v2\/media\/93917"}],"wp:attachment":[{"href":"https:\/\/redsemlac.com\/semmexico\/wp-json\/wp\/v2\/media?parent=93914"}],"wp:term":[{"taxonomy":"category","embeddable":true,"href":"https:\/\/redsemlac.com\/semmexico\/wp-json\/wp\/v2\/categories?post=93914"},{"taxonomy":"post_tag","embeddable":true,"href":"https:\/\/redsemlac.com\/semmexico\/wp-json\/wp\/v2\/tags?post=93914"}],"curies":[{"name":"wp","href":"https:\/\/api.w.org\/{rel}","templated":true}]}}