{"id":93844,"date":"2025-03-17T15:15:51","date_gmt":"2025-03-17T21:15:51","guid":{"rendered":"https:\/\/redsemlac.com\/semmexico\/?p=93844"},"modified":"2025-03-17T15:15:51","modified_gmt":"2025-03-17T21:15:51","slug":"marcha-contra-el-borrado-de-mujeres-del-movimiento-feminista-abolicionista","status":"publish","type":"post","link":"https:\/\/redsemlac.com\/semmexico\/marcha-contra-el-borrado-de-mujeres-del-movimiento-feminista-abolicionista\/","title":{"rendered":"\u00a0Marcha Contra el Borrado de Mujeres del\u00a0 Movimiento Feminista Abolicionista"},"content":{"rendered":"\n<p class=\"wp-block-paragraph\">Redacci\u00f3n\/ fotos del FB de Guadalupe L\u00f3pez<\/p>\n\n\n\n<p class=\"wp-block-paragraph\">SemM\u00e9xico, Cd. de M\u00e9xico, 17 de marzo, 2025.- El s\u00e1bado pasado integrantes del Movimiento Feminista Abolicionista marcharon&nbsp; en esta&nbsp; Ciudad&nbsp; en contra del \u201cborrado de las mujeres\u201d y denunciaron \u201cel secuestro de la lucha hist\u00f3rica\u201d&nbsp; por sectores del neopatriarcado.<\/p>\n\n\n\n<p class=\"wp-block-paragraph\">Esta tendencia feminista est\u00e1 claramente en contra&nbsp; de la regulaci\u00f3n de los vientres de alquiler y por la abolici\u00f3n de la prostituci\u00f3n. En todo el mundo la discusi\u00f3n se ha polarizado y quienes est\u00e1n contra las abolicionistas frecuentemente las agreden, p\u00fablicamente y en las escuelas y universidades.<\/p>\n\n\n\n<p class=\"wp-block-paragraph\">Quienes participaron en eEl contingente se reunieron desde antes de las 10 de la ma\u00f1ana en el Monumento a la Revoluci\u00f3n, y de all\u00ed avanzaron&nbsp; hacia la Antimonumenta, situada frente al Palacio de Bellas Artes. Hicieron un alto con una enorme manta en el Hemiciclo a Ju\u00e1rez. No se conoci\u00f3 el reporte oficial de las participantes. Comparadas con las marchas del 8 de Marzo, eran pocas.<\/p>\n\n\n\n<p class=\"wp-block-paragraph\">Integrantes del Movimiento&nbsp; Abolicionista, iinformaron que buscan&nbsp; recuperar los espacios p\u00fablicos y privados como las calles, el mercado laboral, la universidad, la participaci\u00f3n pol\u00edtica, los ba\u00f1os, vestidores, deporte, competencias acad\u00e9micas, premios y m\u00e1s,&nbsp; que son cedidas al transactivismo y la pol\u00edtica de supremac\u00eda patriarcal, desde este gobierno hasta los intereses econ\u00f3micos internacionales.&nbsp;<\/p>\n\n\n\n<figure class=\"wp-block-image\"><img decoding=\"async\" src=\"https:\/\/lh7-rt.googleusercontent.com\/docsz\/AD_4nXdPdon6z3KRLbt_dY_iSwCgCvuDwv_oV67L73ZSY85dnA2YrFtpQ5eyzNjmtgb-3iIXpuNZTQ90kMjYjJTdmE2o-APgFFM7oB94q8KUUe05w99VkKLSQN1sY34oQNhtqeP5OAbsGNp6npLIAlwwkPs?key=PTPCBz_1cmLhbcvzMdwwvqS5\" alt=\"Puede ser una imagen de 6 personas y texto que dice &quot;\u539f\u9152 soy (ofu\u00ed) of\u00fa\u00ed MUJER UNA DE ESAS PERSONAS TRANS ARREPENTIDAS &quot;QUE NO EXISTEN LA TERAPIA EXPERIMENTAL CON TESTOSTERONA DETON\u00d3 LA APARICI\u00d3N DE SINTOMAS PSIC\u00d3TICOS s TRES TUMORES OVARICOS A LOS 20 A\u00d1OS&quot;\"\/><\/figure>\n\n\n\n<p class=\"wp-block-paragraph\">Pidieron crear un presupuesto transversal y progresivo para que las pol\u00edticas p\u00fablicas dejen de generar desigualdad y limitar el acceso de las mujeres a recursos esenciales que puedan incidir directamente en su vida<\/p>\n\n\n\n<p class=\"wp-block-paragraph\">Entre otras s exigencias est\u00e1n el \u201calto a la violencia ejercida contra las mujeres por hombres que se creen mujeres y a la impunidad que genera la irresponsabilidad de las autoridades por permitirlo\u201d y \u201cabolici\u00f3n del concepto de identidad de g\u00e9nero. Que ha dado lugar a pol\u00edticas retrogradas en nombre de una supuesta tolerancia, anulando los derechos de las mujeres basados en el sexo.\u201d<\/p>\n\n\n\n<p class=\"wp-block-paragraph\">En tal sentido, tambi\u00e9n demandaron \u201cla recuperaci\u00f3n de los espacios privados y p\u00fablicos de y para las mujeres, desde puestos profesionales y cargos p\u00fablicos hasta marchas, ba\u00f1os, vestidores y deportes.\u201d&nbsp;<\/p>\n\n\n\n<p class=\"wp-block-paragraph\">Se pronunciaron \u201cen contra del borrado de las lesbianas a trav\u00e9s de la ideolog\u00eda queer y las terapias de conversi\u00f3n desde la infancia, as\u00ed como la utilizaci\u00f3n de \u00e9stas por parte de los mercados LGBTIQ+.\u201d<\/p>\n\n\n\n<p class=\"wp-block-paragraph\">Las adherentes a la agrupaci\u00f3n han dejado en claro que \u201cnosotras parimos a toda la humanidad\u201d y que \u201cno tenemos pene\u201d.&nbsp;<\/p>\n\n\n\n<p class=\"wp-block-paragraph\">Tambi\u00e9n&nbsp; dijeron que es urgente una mayor prevenci\u00f3n de los c\u00e1nceres cervicouterino y mamario; \u201canticonceptivos o vasectom\u00eda para hombres a fin de que las mujeres no sigan metiendo en su cuerpo hormonas y Dispositivos Intrauterinos que les arruinan la salud\u201d y atenci\u00f3n oportuna y de calidad en materia de Interrupci\u00f3n Legal del Embarazo en todo el pa\u00eds.<\/p>\n\n\n\n<p class=\"wp-block-paragraph\"><strong>Desde la convocatoria para la movilizaci\u00f3n en redes sociales distribuyeron su agenda:<\/strong><\/p>\n\n\n\n<ol class=\"wp-block-list\">\n<li>Respeto irrestricto a la autonom\u00eda y a la independencia pol\u00edtica de los movimientos de mujeres y feministas.<\/li>\n\n\n\n<li>Recuperaci\u00f3n de los espacios privados y p\u00fablicos de y para las mujeres. Desde puestos profesionales y cargos p\u00fablicos, hasta marchas, eventos, ba\u00f1os, vestidores y deportes, entre otros.<\/li>\n\n\n\n<li>Presupuestos transversales y progresivos para programas eficientes con perspectiva feminista para mujeres y ni\u00f1as.<\/li>\n\n\n\n<li>Erradicaci\u00f3n de todas las formas de violencia contra las mujeres particularmente explotaci\u00f3n sexual y reproductiva, contra las mujeres: violencia vicaria, econ\u00f3mica, patrimonial; prostituci\u00f3n, pornograf\u00eda. trata; vientres de alquiler; interrupci\u00f3n de la pubertad; terapias de conversi\u00f3n; discriminaci\u00f3n hac\u00eda las lesbianas; pol\u00edticas transgeneristas que da\u00f1an a las mujeres, entre otras m\u00e1s.<\/li>\n\n\n\n<li>Derechos a: la tierra para campesinas; salario suficiente para obreras; techo para mujeres urbano-populares; seguridad de estancia y laboral para migrantes; juicios justos para prisioneras, entre otros.<\/li>\n\n\n\n<li>Respeto a la libertad de expresi\u00f3n y eliminaci\u00f3n del silenciamiento y censura a las feministas en el debate pol\u00edtico en espacios p\u00fablicos y medios masivos de comunicaci\u00f3n.<\/li>\n\n\n\n<li>Alto a la violencia ejercida contra las mujeres por personas transg\u00e9nero.<\/li>\n\n\n\n<li>Abolici\u00f3n del concepto de identidad de g\u00e9nero, que han creado pol\u00edticas p\u00fablicas sin tomar en cuenta los derechos de las mujeres basados en el sexo.<\/li>\n\n\n\n<li>Contra el borrado de las lesbianas a trav\u00e9s de una ideolog\u00eda\u00a0queer\u00a0y las terapias de conversi\u00f3n desde la infancia, as\u00ed como la utilizaci\u00f3n de \u00e9stas por parte de mercados LGBTTTIQ+.<\/li>\n\n\n\n<li>Alto a la represi\u00f3n por parte del Estado y sus cuerpos policiacos hac\u00eda las mujeres por protestar y alzar la voz.<\/li>\n\n\n\n<li>Atenci\u00f3n inmediata a las demandas de las mujeres en toda la Rep\u00fablica Mexicana.<\/li>\n\n\n\n<li>Medidas efectivas para terminar con la violencia machista en el hogar y fuera de \u00e9l.<\/li>\n<\/ol>\n","protected":false},"excerpt":{"rendered":"<p>Redacci\u00f3n\/ fotos del FB de Guadalupe L\u00f3pez SemM\u00e9xico, Cd. de M\u00e9xico, 17 de marzo, 2025.- El s\u00e1bado pasado integrantes del Movimiento Feminista Abolicionista marcharon&nbsp; en esta&nbsp; Ciudad&nbsp; en contra del \u201cborrado de las mujeres\u201d y denunciaron \u201cel secuestro de la lucha hist\u00f3rica\u201d&nbsp; por sectores del neopatriarcado. Esta tendencia feminista est\u00e1 claramente en contra&nbsp; de la [&hellip;]<\/p>\n","protected":false},"author":3,"featured_media":93845,"comment_status":"open","ping_status":"open","sticky":false,"template":"","format":"standard","meta":{"_monsterinsights_skip_tracking":false,"footnotes":""},"categories":[205,27],"tags":[],"class_list":["post-93844","post","type-post","status-publish","format-standard","has-post-thumbnail","category-8-de-marzo","category-cobertura-especial"],"_links":{"self":[{"href":"https:\/\/redsemlac.com\/semmexico\/wp-json\/wp\/v2\/posts\/93844","targetHints":{"allow":["GET"]}}],"collection":[{"href":"https:\/\/redsemlac.com\/semmexico\/wp-json\/wp\/v2\/posts"}],"about":[{"href":"https:\/\/redsemlac.com\/semmexico\/wp-json\/wp\/v2\/types\/post"}],"author":[{"embeddable":true,"href":"https:\/\/redsemlac.com\/semmexico\/wp-json\/wp\/v2\/users\/3"}],"replies":[{"embeddable":true,"href":"https:\/\/redsemlac.com\/semmexico\/wp-json\/wp\/v2\/comments?post=93844"}],"version-history":[{"count":0,"href":"https:\/\/redsemlac.com\/semmexico\/wp-json\/wp\/v2\/posts\/93844\/revisions"}],"wp:featuredmedia":[{"embeddable":true,"href":"https:\/\/redsemlac.com\/semmexico\/wp-json\/wp\/v2\/media\/93845"}],"wp:attachment":[{"href":"https:\/\/redsemlac.com\/semmexico\/wp-json\/wp\/v2\/media?parent=93844"}],"wp:term":[{"taxonomy":"category","embeddable":true,"href":"https:\/\/redsemlac.com\/semmexico\/wp-json\/wp\/v2\/categories?post=93844"},{"taxonomy":"post_tag","embeddable":true,"href":"https:\/\/redsemlac.com\/semmexico\/wp-json\/wp\/v2\/tags?post=93844"}],"curies":[{"name":"wp","href":"https:\/\/api.w.org\/{rel}","templated":true}]}}