{"id":93832,"date":"2025-03-17T14:07:37","date_gmt":"2025-03-17T20:07:37","guid":{"rendered":"https:\/\/redsemlac.com\/semmexico\/?p=93832"},"modified":"2025-03-17T15:13:37","modified_gmt":"2025-03-17T21:13:37","slug":"alfa-omega-del-recuerdo-2","status":"publish","type":"post","link":"https:\/\/redsemlac.com\/semmexico\/alfa-omega-del-recuerdo-2\/","title":{"rendered":"Alfa Omega |  Del recuerdo"},"content":{"rendered":"\n<p class=\"wp-block-paragraph\">Historias Interesantes de Cuatro Mujeres<\/p>\n\n\n\n<p class=\"wp-block-paragraph\"><em>La Poblana Yola Ram\u00edrez, Gloria Ten\u00edstica<\/em><\/p>\n\n\n\n<p class=\"wp-block-paragraph\"><em>Nadie Supo, Nadie Sabr\u00e1, La Verdad del Caso Wallace<\/em><\/p>\n\n\n\n<p class=\"wp-block-paragraph\"><em>Estar\u00e1 En M\u00e9xico la Multifac\u00e9tica Lady Gaga<\/em><\/p>\n\n\n\n<p class=\"wp-block-paragraph\"><em>Siete Shows Consecutivos de Shakira, en La Ciudad<\/em><\/p>\n\n\n\n<p class=\"wp-block-paragraph\">Jorge Herrera Valenlzuela <em>&nbsp;<\/em><\/p>\n\n\n\n<p class=\"wp-block-paragraph\"><em>SemM\u00e9xico, Cd. de M\u00e9xico, 17 de marzo, 2025.- El jueves pasado se cumplieron 700 a\u00f1os del arribo de los mexicas al sitio se\u00f1alado por su dios y se asentaron en el centro de un lago. Se consum\u00f3 la fundaci\u00f3n de Tenochtitl\u00e1n, ah\u00ed, donde encontraron el \u00e1guila sobre un nopal, con una serpiente, el s\u00edmbolo ancestral de los mexicanos.&nbsp;<\/em><\/p>\n\n\n\n<p class=\"wp-block-paragraph\">Con mucha frecuencia o\u00edmos noticias relacionadas con mujeres y pueden sernos conocidos sus nombres. Otras ocasiones preguntamos sobre el personaje en cuesti\u00f3n. Las m\u00e1s, simplemente nos quedamos con la duda de qui\u00e9n se hace referencia.<\/p>\n\n\n\n<p class=\"wp-block-paragraph\">El comentario period\u00edstico, de este fin de semana, est\u00e1 enfocado hacia un cuarteto de mujeres con diferentes historias, todas con caracter\u00edsticas especiales y diferentes \u00e9pocas.<\/p>\n\n\n\n<p class=\"wp-block-paragraph\">La tenista <strong>Yola Ram\u00edrez<\/strong>, nacida en Teziutl\u00e1n, Puebla, reci\u00e9n falleci\u00f3. Por m\u00e9ritos propios fue llevada al Sal\u00f3n de la Fama Roland Garros y al de Wimbledon. En su momento fue declarada \u201cLa Tenista del Milenio\u201d.<\/p>\n\n\n\n<p class=\"wp-block-paragraph\">Una empresaria, <strong>Mar\u00eda Isabel Miranda de Wallace<\/strong>, luch\u00f3 tras el secuestro y asesinato de su hijo, cre\u00f3 un organismo denominado \u201cAlto al Secuestro\u201d. Circularon todo tipo de versiones e inclusive afirmaron que nada era cierto. Muri\u00f3 convencida de su causa e incursion\u00f3 en la pol\u00edtica, sin \u00e9xito. Se hicieron juicios temerarios contra ella.<\/p>\n\n\n\n<p class=\"wp-block-paragraph\">La tercera mujer, de este comentario, es mundialmente conocida por su versatilidad profesional y, a finales de este abril, ser\u00e1 aplaudida en el antiguo Foro Sol, en la Ciudad de M\u00e9xico. Siempre logra publicitarse y no repara en los esc\u00e1ndalos. Ella es <strong>Lady Gaga.<\/strong><\/p>\n\n\n\n<p class=\"wp-block-paragraph\">Cierra el cuarteto la colombiana <strong>Shakira <\/strong>que<strong> <\/strong>viene muy animada para cautivar a sus miles de admiradores y seguidores. En esta ocasi\u00f3n visitar\u00e1 escenarios de Monterrey, Guadalajara y Ciudad de M\u00e9xico. Dar\u00e1 diez conciertos<\/p>\n\n\n\n<p class=\"wp-block-paragraph\"><strong>YOLA RAM\u00cdREZ, INMORTAL<\/strong><\/p>\n\n\n\n<p class=\"wp-block-paragraph\">El pasado domingo 9 de marzo, a la edad de 91 a\u00f1os, se apag\u00f3 la luminaria femenina del tenis mexicano.&nbsp;<\/p>\n\n\n\n<p class=\"wp-block-paragraph\"><strong>Yolanda del Monte Carmelo Ram\u00edrez<\/strong>, cabeza de siete destacadas en el deporte blanco, \u00fanica mexicana que ocupa un sitio en el Sal\u00f3n de la Fama Roland Garros y en el de Wimbledon, naci\u00f3 el 1 de marzo de 1935 en Teziutl\u00e1n, Puebla.<\/p>\n\n\n\n<p class=\"wp-block-paragraph\">Esos sitios donde se rinde homenaje a las y los mejores tenistas del mundo, se encuentran el Roland Garros en la zona sudoccidental de Par\u00eds y en un barrio del suroeste de Londres, el Wimbledon.<\/p>\n\n\n\n<p class=\"wp-block-paragraph\">A sus 23 a\u00f1os, despu\u00e9s de ser triunfadora en las canchas mexicanas, Yola logr\u00f3 junto con otra estrella, <strong>Rosa Mar\u00eda \u201cPajarita\u201d Reyes<\/strong>, coronarse en la categor\u00eda de dobles femenil, celebrado en el Estadio Roland Garros.<\/p>\n\n\n\n<p class=\"wp-block-paragraph\">Las mexicanas derrotaron a Mary Bevis Hawton y Thelma Coyne Long. Para la poblana ese fue uno de sus treinta triunfos internacionales.<\/p>\n\n\n\n<p class=\"wp-block-paragraph\">En ese mismo a\u00f1o de 1958 y en la cancha parisina, Yola hizo pareja con el brit\u00e1nico Belly Kinglat y vencieron a Rod Laver y Renee Schuurman. Recibieron el trofeo de dobles mixto.<\/p>\n\n\n\n<p class=\"wp-block-paragraph\">Tres a\u00f1os despu\u00e9s, tras conseguir m\u00e1s t\u00edtulos en torneos nacionales e internacionales, Yola Ram\u00edrez, la estrella de Teziutl\u00e1n, ya estaba colocada en el <strong>sexto lugar del ranking mundial<\/strong>.<\/p>\n\n\n\n<p class=\"wp-block-paragraph\">En la casa familiar, sus vitrinas lucieron 30 trofeos de igual n\u00famero de triunfos en el campo internacional, as\u00ed como ocho medallas de Juegos Panamericanos y del Caribe, cuatro fueron de oro.<\/p>\n\n\n\n<p class=\"wp-block-paragraph\">Adem\u00e1s, la constancia impresa al ser declarada <strong>La Jugadora del Milenio<\/strong>.<\/p>\n\n\n\n<p class=\"wp-block-paragraph\"><strong>OTRAS FIGURAS DEL TENIS<\/strong><\/p>\n\n\n\n<p class=\"wp-block-paragraph\">La pr\u00e1ctica y los torneos de tenis en M\u00e9xico tienen resonancia mundial y son muy concurridos los Torneo Abiertos, como el que anualmente se realiza en el Puerto de Acapulco.<\/p>\n\n\n\n<p class=\"wp-block-paragraph\">Es un deporte que contin\u00faa con jugadoras que logran colocarse en los mejores lugares, como es el caso de <strong>Renata Zaraz\u00faa, <\/strong>sobrina del gran campe\u00f3n Vicente Zaraz\u00faa, en los a\u00f1os sesenta. El pasado enero, Renata gan\u00f3 un partido en el Abierto de Australia, donde 25 a\u00f1os atr\u00e1s lo hab\u00eda hecho <strong>Ang\u00e9lica Gavald\u00f3n<\/strong>.<\/p>\n\n\n\n<p class=\"wp-block-paragraph\">La cadena de triunfos la continua <strong>Patricia Monta\u00f1o<\/strong>, mientras que los ojos est\u00e1n fijados en <strong>Giuliana Olmos<\/strong> para futuras victorias en dobles femenil y en mixto.<\/p>\n\n\n\n<p class=\"wp-block-paragraph\">Por supuesto que no olvidamos a quien recibi\u00f3 de manos de Yola Ram\u00edrez, la estafeta, a la reconocida <strong>Elenita Subirats Sim\u00f3n <\/strong>que dej\u00f3 este mundo la tarde del mi\u00e9rcoles 28 de marzo de 2018. En los Panamericanos de Sao Paulo, Brasil, hizo pareja con Yola Ram\u00edrez y ganaron medalla de bronce.<\/p>\n\n\n\n<p class=\"wp-block-paragraph\">Capitalina sigui\u00f3 en la pr\u00e1ctica deportiva. Fue funcionaria en la UNAM, impulsando a nuevas generaciones. Se internacionaliz\u00f3 en los Abiertos de Francia, Australia y Estados Unidos. Muri\u00f3 a los 70.<\/p>\n\n\n\n<p class=\"wp-block-paragraph\"><strong>LA CONTROVERTIDA SE\u00d1ORA WALLACE<\/strong><\/p>\n\n\n\n<p class=\"wp-block-paragraph\">En su paso por este mundo, particularmente en la Ciudad de M\u00e9xico, la se\u00f1ora <strong>Mar\u00eda Isabel Miranda Torres<\/strong>, conocida como Isabel Miranda de Wallace o la Se\u00f1ora Wallace, fue protagonista de hechos que exhibieron a los investigadores polic\u00edacos.<\/p>\n\n\n\n<p class=\"wp-block-paragraph\">La se\u00f1ora Wallace en julio de 2005 denunci\u00f3 el secuestro y asesinato de su hijo <strong>Hugo Alberto Wallace Miranda<\/strong>. Se movilizaron organismos polic\u00edacos, trascendi\u00f3 las fronteras la denuncia. Inclusive cre\u00f3 la asociaci\u00f3n \u201cAlto al Secuestro\u201d.<\/p>\n\n\n\n<p class=\"wp-block-paragraph\">Todo continuar\u00e1 cubierto por una capa misteriosa. Mar\u00eda Isabel muri\u00f3 el pasado 8 de marzo y, como dicen en mi pueblo (Santa Ursula Xitla Tlalpan), la se\u00f1ora se llev\u00f3 la verdad a la tumba.&nbsp;<\/p>\n\n\n\n<p class=\"wp-block-paragraph\">Nunca se encontr\u00f3 vivo o muerto al presunto secuestrado en un departamento de Peregrinos 6, Colonia Postal. No hubo testigos de una supuesta balacera en la vivienda se\u00f1alada. Los vecinos declararon no saber nada.&nbsp;<\/p>\n\n\n\n<p class=\"wp-block-paragraph\">Siete meses despu\u00e9s, en segundo cateo judicial, \u201cencontraron una mancha de sangre\u201d en una pared del departamento y la validaron como prueba.&nbsp;<\/p>\n\n\n\n<p class=\"wp-block-paragraph\">La se\u00f1ora Miranda de Wallace mand\u00f3 hacer anuncios espectaculares y ofrec\u00eda 250 mil pesos a quien aportara datos para esclarecer el secuestro y asesinato de Hugo Alberto. Se manten\u00eda una serie de inc\u00f3gnitas. No hab\u00eda pruebas de los eventos.<\/p>\n\n\n\n<p class=\"wp-block-paragraph\">La polic\u00eda detuvo a seis personas y no dud\u00f3 en declararlas culpables. Una de ellas, Brenda Quevedo Cruz fue aprehendida en Kentucky, extraditada a M\u00e9xico. La tuvieron en las prisiones de Santa Martha Acatitla y en Santiaguito, adem\u00e1s de ser llevada a las Islas Mar\u00edas.<\/p>\n\n\n\n<p class=\"wp-block-paragraph\">Brenda, Juan Hilda Gonz\u00e1lez Lomel\u00ed y Tony Castillo Cruz y un hermano, cayeron en manos de \u201clos investigadores\u201d. Hubo torturas, golpes y decidieron \u201cdar por cerrado el expediente\u201d. Brenda logr\u00f3 librar la c\u00e1rcel, gracias a la Comisi\u00f3n Nacional de Derechos Humanos. Me informan que los hermanos Castillo siguen presos y no dictan sentencia firme contra ellos.<\/p>\n\n\n\n<p class=\"wp-block-paragraph\">\u201cA\u00fan hay M\u00e1s\u201d, dir\u00eda Ra\u00fal Velasco, porque en la historia surgieron contradicciones e inclusive fue calificada de \u201cmontaje\u201d la presentaci\u00f3n de los presuntos culpables.<\/p>\n\n\n\n<p class=\"wp-block-paragraph\">En la investigaci\u00f3n y en los chismorreos de pasillo, se supo que el joven secuestrado y asesinado, seg\u00fan la denuncia formal, era hijo de Jos\u00e9 Enrique del Socorro Wallace D\u00edaz, aunque tambi\u00e9n se dijo que el doctor Carlos Le\u00f3n Miranda, primo de Isabel, era el padre de quien fue registrado con el nombre de <strong>Hugo<\/strong> <strong>Alberto Le\u00f3n Miranda<\/strong>.<\/p>\n\n\n\n<p class=\"wp-block-paragraph\">Si Ustedes, estimados lectores de este Diario Digital, est\u00e1n confundidos, pues su servidor tambi\u00e9n.&nbsp;<\/p>\n\n\n\n<p class=\"wp-block-paragraph\">Lo que es cierto es que, en 2012, Isabel fue candidata del PAN a jefa de Gobierno de la Ciudad de M\u00e9xico y\u2026 \u00a1perdi\u00f3!<\/p>\n\n\n\n<p class=\"wp-block-paragraph\">En 2010, el presidente Felipe Calder\u00f3n le entreg\u00f3 el Premio Nacional de los Derechos Humanos, por la labor realizada para buscar a los secuestrados. La ceremonia tuvo lugar en el Sal\u00f3n Adolfo L\u00f3pez Mateos, en Los Pinos.<\/p>\n\n\n\n<p class=\"wp-block-paragraph\"><strong>LADY GAGA EN LA CIUDAD DE M\u00c9XICO<\/strong><\/p>\n\n\n\n<p class=\"wp-block-paragraph\">Por segunda vez como solista y una primera dentro de un grupo, <strong>Lady Gaga<\/strong>, estar\u00e1 en tierras aztecas. Los miles de seguidores estar\u00e1n gritando en el antiguo Foro Sol, hoy Estadio GNP Seguros.&nbsp;<\/p>\n\n\n\n<p class=\"wp-block-paragraph\"><strong>Mother Monster <\/strong>se presentar\u00e1 el mi\u00e9rcoles 26 de abril con un repertorio preparado para el espect\u00e1culo que presenciar\u00e1n miles de fan\u00e1ticos de la mujer que ha vendido 150 millones de discos y tiene 50 millones de admiradores en los continentes.<\/p>\n\n\n\n<p class=\"wp-block-paragraph\">La primera vez que lleg\u00f3 a M\u00e9xico, era integrante del grupo Monster Ball Tour y fue en 2011. Un a\u00f1o despu\u00e9s ya con su grupo The Born This Way Ball se present\u00f3 en el entonces Foro Sol, enloqueciendo a su p\u00fablico juvenil y a la gente madura.<\/p>\n\n\n\n<p class=\"wp-block-paragraph\">Comento algo de la historia de la neoyorquina de 39 a\u00f1os y que oficialmente se llama <strong>Stefani Jeanne Angelina Germanotta<\/strong>, que a los 4 a\u00f1os de edad empez\u00f3 a tocar el piano; a los 13 compuso su primera balada y meses despu\u00e9s se present\u00f3 en un programa denominado \u201cMicr\u00f3fonos Abiertos\u201d.<\/p>\n\n\n\n<p class=\"wp-block-paragraph\">En sus clases de piano compuso su primera canci\u00f3n, Thunder Road. Su pap\u00e1 Joseph Anthony Garmannota luego de escucharla, le dijo que si sab\u00eda interpretar la canci\u00f3n \u201cpido un pr\u00e9stamo y compro un piano de cola\u201d. Qued\u00f3 cumplido el ofrecimiento.<\/p>\n\n\n\n<p class=\"wp-block-paragraph\">Nacida el 28 de marzo de 1986, en Lenox Hill, Manhattan, actu\u00f3 en una serie de televisi\u00f3n. Ya ten\u00eda experiencia por sus actuaciones en musicales escolares. Fue alumna de la Universidad de Nueva York, pero abandon\u00f3 las aulas porque sufr\u00eda (?) anorexia y bulimia.<\/p>\n\n\n\n<p class=\"wp-block-paragraph\">En su corta edad, hab\u00eda ya una larga historia. Alguna vez dijo que a los 19 a\u00f1os la violaron, sin dar detalles. Su vida profesional se activ\u00f3. Particip\u00f3 en el espect\u00e1culo del medio tiempo en el Super Bowl 50 en Santa Clara, California; intervino en la entrega de los Premios Oscar 2016.&nbsp;<\/p>\n\n\n\n<p class=\"wp-block-paragraph\"><strong>SHAKIRA DAR\u00c1 D\u00cdEZ CONCIERTOS<\/strong><\/p>\n\n\n\n<p class=\"wp-block-paragraph\">Estaba por cumplir 20 a\u00f1os de edad cuando lleg\u00f3 al Auditorio del Parque Fundidora, en la industrial capital de Monterrey. La joven colombiana se ech\u00f3 al coraz\u00f3n a miles de espectadores que la escucharon. Era noviembre de 1996.<\/p>\n\n\n\n<p class=\"wp-block-paragraph\">Veintiocho a\u00f1os despu\u00e9s, Shakira retorna a nuestro Pa\u00eds, convertida en mam\u00e1 de Milan y Sasha, de 12 y 10 a\u00f1os, radicados en Miami. Son hijos de ella y del futbolista Gerard Piqu\u00e9. Los ni\u00f1os nacieron en Barcelona. La pareja mantuvo 12 a\u00f1os de vida marital.<\/p>\n\n\n\n<p class=\"wp-block-paragraph\">La biograf\u00eda de esta originaria de Barranquilla, Colombia, es muy amplia y coronada con \u00e9xitos. Shakira tiene su propio avi\u00f3n para viajar; le cost\u00f3 26 millones de d\u00f3lares. Sus padres son el estadounidense William Mebarak y Nidia del Carmen Ripoll Torrado, descendiente de catalanes.<\/p>\n\n\n\n<p class=\"wp-block-paragraph\">El nombre de la actriz, empresaria y multinstrumentista es <strong>Shakira Isabel Mebarak Ripoll <\/strong>y es conocida como \u201cLa Reina del Pop Latino\u201d. En dos giras art\u00edsticas, gan\u00f3 168 millones d\u00f3lares. Tuvo problemas fiscales en Espa\u00f1a, la iban a meter a prisi\u00f3n, pero cumpli\u00f3 con los pagos que le reclamaban y qued\u00f3 liberada.<\/p>\n\n\n\n<p class=\"wp-block-paragraph\">Tras de recorrer Europa, Asia, Estados Unidos de Am\u00e9rica y Latinoam\u00e9rica, lleg\u00f3 a M\u00e9xico con su espect\u00e1culo \u201c<strong>Las Mujeres No <\/strong>Lloran\u201d. Se presentar\u00e1 16 y 17 de abril en el Estadio Akron, en Guadalajara, Jalisco. Un d\u00eda antes estar\u00e1 en Monterrey.<\/p>\n\n\n\n<p class=\"wp-block-paragraph\">En el Estadio GNP Seguros de M\u00e9xico, la aplaudir\u00e1n los d\u00edas 19, 21, 23, 25, 27, 28 y 30 de abril. El espect\u00e1culo es de dos horas y Shakira har\u00e1 trece cambios de vestuario. Sus publicistas nos dicen que ha vendido 500 millones de discos y contabilizados 62 millones de oyentes, mensualmente.<\/p>\n\n\n\n<p class=\"wp-block-paragraph\">Dato curioso: Shakira es nombre de origen \u00e1rabe y significa, <strong>agradecida<\/strong>. Naci\u00f3 el 2 de febrero de 1977.&nbsp;<\/p>\n\n\n\n<p class=\"wp-block-paragraph\"><strong>jherrerav@live.com.mx<\/strong><\/p>\n","protected":false},"excerpt":{"rendered":"<p>Historias Interesantes de Cuatro Mujeres La Poblana Yola Ram\u00edrez, Gloria Ten\u00edstica Nadie Supo, Nadie Sabr\u00e1, La Verdad del Caso Wallace Estar\u00e1 En M\u00e9xico la Multifac\u00e9tica Lady Gaga Siete Shows Consecutivos de Shakira, en La Ciudad Jorge Herrera Valenlzuela &nbsp; SemM\u00e9xico, Cd. de M\u00e9xico, 17 de marzo, 2025.- El jueves pasado se cumplieron 700 a\u00f1os del [&hellip;]<\/p>\n","protected":false},"author":3,"featured_media":70219,"comment_status":"open","ping_status":"open","sticky":false,"template":"","format":"standard","meta":{"_monsterinsights_skip_tracking":false,"footnotes":""},"categories":[94,35],"tags":[],"class_list":["post-93832","post","type-post","status-publish","format-standard","has-post-thumbnail","category-jorge-herrera-valenzuela","category-opinion"],"_links":{"self":[{"href":"https:\/\/redsemlac.com\/semmexico\/wp-json\/wp\/v2\/posts\/93832","targetHints":{"allow":["GET"]}}],"collection":[{"href":"https:\/\/redsemlac.com\/semmexico\/wp-json\/wp\/v2\/posts"}],"about":[{"href":"https:\/\/redsemlac.com\/semmexico\/wp-json\/wp\/v2\/types\/post"}],"author":[{"embeddable":true,"href":"https:\/\/redsemlac.com\/semmexico\/wp-json\/wp\/v2\/users\/3"}],"replies":[{"embeddable":true,"href":"https:\/\/redsemlac.com\/semmexico\/wp-json\/wp\/v2\/comments?post=93832"}],"version-history":[{"count":0,"href":"https:\/\/redsemlac.com\/semmexico\/wp-json\/wp\/v2\/posts\/93832\/revisions"}],"wp:featuredmedia":[{"embeddable":true,"href":"https:\/\/redsemlac.com\/semmexico\/wp-json\/wp\/v2\/media\/70219"}],"wp:attachment":[{"href":"https:\/\/redsemlac.com\/semmexico\/wp-json\/wp\/v2\/media?parent=93832"}],"wp:term":[{"taxonomy":"category","embeddable":true,"href":"https:\/\/redsemlac.com\/semmexico\/wp-json\/wp\/v2\/categories?post=93832"},{"taxonomy":"post_tag","embeddable":true,"href":"https:\/\/redsemlac.com\/semmexico\/wp-json\/wp\/v2\/tags?post=93832"}],"curies":[{"name":"wp","href":"https:\/\/api.w.org\/{rel}","templated":true}]}}