{"id":93821,"date":"2025-03-17T14:56:18","date_gmt":"2025-03-17T20:56:18","guid":{"rendered":"https:\/\/redsemlac.com\/semmexico\/?p=93821"},"modified":"2025-03-17T14:56:40","modified_gmt":"2025-03-17T20:56:40","slug":"cuba-yadira-rachel-vargas-la-libertad-empieza-en-las-infancias","status":"publish","type":"post","link":"https:\/\/redsemlac.com\/semmexico\/cuba-yadira-rachel-vargas-la-libertad-empieza-en-las-infancias\/","title":{"rendered":"Cuba: Yadira Rachel Vargas: la libertad empieza en las infancias"},"content":{"rendered":"\n<ul class=\"wp-block-list\">\n<li>Se requiere crear un futuro diferente, dice la fundadora de Rizo Libre<\/li>\n\n\n\n<li>Al escuchar la historia de las mujeres, me di cuenta de que ten\u00eda que ir m\u00e1s all\u00e1 de la est\u00e9tica<br><br><\/li>\n<\/ul>\n\n\n\n<p class=\"wp-block-paragraph\">Lisandra Fari\u00f1as<br>SemM\u00e9xico\/SEMlac, La Habana, Cuba, 17 de marzo, 2025.- \u00abSoy una cubana extremadamente perseverante, resiliente, muy creativa; una madre y una profesional feliz y que apuesta todos los d\u00edas por esa felicidad\u00bb.<\/p>\n\n\n\n<p class=\"wp-block-paragraph\"><br>As\u00ed se define&nbsp;<a href=\"https:\/\/directoriogenero.redsemlac-cuba.net\/yadira-rachel-vargas-horta\/\" target=\"_blank\" rel=\"noreferrer noopener\">Yadira Rachel Vargas Horta<\/a>, una joven que a sus 33 a\u00f1os habla con convicci\u00f3n de lo que le apasiona y se siente satisfecha de los caminos que ha elegido: una trayectoria que la ha llevado al trabajo con las infancias y a la promoci\u00f3n de la educaci\u00f3n antirracista desde edades tempranas.<\/p>\n\n\n\n<p class=\"wp-block-paragraph\"><br>Para ella es esencial trabajar con este grupo, si se quiere crear un futuro diferente. Por eso, al fundar Rizo Libre, un proyecto de acci\u00f3n cultural y educativa enfocado en la afroest\u00e9tica, sinti\u00f3 la necesidad de llegar a la ni\u00f1ez para cambiar formas de pensar y derrumbar estereotipos.<\/p>\n\n\n\n<p class=\"wp-block-paragraph\"><br>\u00abCuando yo empec\u00e9 a escuchar las historias de vida de cada una de las mujeres &#8211;porque eran menos los hombres que acud\u00edan a arreglarse el pelo&#8211;, de las madres que tra\u00edan a las ni\u00f1as, me di cuenta de que ten\u00eda que ir m\u00e1s all\u00e1 de la est\u00e9tica\u00bb, dice a SEMlac.<\/p>\n\n\n\n<p class=\"wp-block-paragraph\"><br>Vargas Horta entendi\u00f3 que era necesaria una revoluci\u00f3n interior en cada una de estas personas,&nbsp;<a href=\"https:\/\/www.redsemlac-cuba.net\/redsemlac\/sociedad-y-cultura\/la-nota-cabello-afro-historias-de-resistencia-podcast\/\" target=\"_blank\" rel=\"noreferrer noopener\">porque llevar la \u00faltima t\u00e9cnica o producto no resuelve las opresiones mentales en las que est\u00e1n inmersas. \u00abSolo con peinarse no se van a liberar\u00bb<\/a>, sostiene.<\/p>\n\n\n\n<p class=\"wp-block-paragraph\"><br>La joven, natural de Nueva Paz, en la actual provincia de Mayabeque, a 89 kil\u00f3metros de La Habana, asegura que tanto la maternidad, como el trabajo con las infancias, le han ense\u00f1ado la gran responsabilidad de los adultos ante las nuevas generaciones.<\/p>\n\n\n\n<p class=\"wp-block-paragraph\"><br>\u00abNi\u00f1as y ni\u00f1os son un reflejo de lo que nosotros les estamos mostrando. Me han ense\u00f1ado a analizarme a diario: lo que hablo, c\u00f3mo pienso, porque cada pensamiento se convertir\u00e1 en un reflejo en mi conducta y eso es lo que van a ver y a imitar\u00bb, apunta.<\/p>\n\n\n\n<p class=\"wp-block-paragraph\"><br>Graduada de Historia en la Universidad de La Habana y m\u00e1ster en Conservaci\u00f3n del Patrimonio, es esa preocupaci\u00f3n la que ha volcado en Rizo Libre.<\/p>\n\n\n\n<p class=\"wp-block-paragraph\"><br>\u00abPas\u00e9 unos cursos de capacitaci\u00f3n, una incubadora y aceleradora para mujeres empresarias del Caribe que me ayud\u00f3 much\u00edsimo, del programa Transcultura de la Unesco. Esa fue mi primera gran oportunidad de capacitaci\u00f3n como emprendedora y durante un ejercicio en que ten\u00edamos que definir cu\u00e1l ser\u00eda nuestro producto m\u00ednimo viable, yo dije: &#8216;har\u00e9 un taller para ni\u00f1os'\u00bb, comenta.<\/p>\n\n\n\n<p class=\"wp-block-paragraph\"><br>No fue un camino sencillo, pues al desarrollar su propuesta se percat\u00f3 de que necesitaba llevar la informaci\u00f3n al lenguaje de las infancias y, para ello, ten\u00eda que crear sus propias herramientas educativas.<\/p>\n\n\n\n<p class=\"wp-block-paragraph\"><br>As\u00ed comenz\u00f3 una ruta que la llev\u00f3 a convertirse en la creadora del&nbsp;<a href=\"https:\/\/www.redsemlac-cuba.net\/redsemlac\/sociedad-y-cultura\/juegos-de-libertad-una-iniciativa-para-infancias-libres-de-racismo\/\" target=\"_blank\" rel=\"noreferrer noopener\">primer kit de afrodid\u00e1ctica cubana \u00abColecci\u00f3n Cuba: Juegos de libertad\u00bb<\/a>&nbsp;y autora del libro infantil&nbsp;<em>Historias de afroestima. Mi cabello rizado<\/em>, experiencias que trabajan la educaci\u00f3n antirracista de un modo novedoso.<\/p>\n\n\n\n<p class=\"wp-block-paragraph\"><br>\u00abNo se les puede hablar a los ni\u00f1os desde el dolor, porque lo que est\u00e1s transmitiendo es m\u00e1s dolor, incluso a quienes antes no lo hab\u00edan percibido como tal\u00bb, insiste Vargas Horta, quien considera que para fijar y multiplicar el conocimiento, hay que trasmitirlo de una manera positiva.<\/p>\n\n\n\n<p class=\"wp-block-paragraph\"><br>\u00abSi se comunica la educaci\u00f3n antirracista desde la tristeza, desde una resistencia que suena siempre a algo que desgarra\u201d, entonces ah\u00ed me daba cuenta de que iba a fallar\u00bb, subraya.<br><br><strong>M\u00e1s all\u00e1 del cabello<\/strong><\/p>\n\n\n\n<p class=\"wp-block-paragraph\"><br>La emprendedora opt\u00f3 por defender la afroestima, un t\u00e9rmino que no es de su autor\u00eda, pero s\u00ed le ha dado un significado especial al trascender el gusto por el cabello afro y adentrarse en la aceptaci\u00f3n y el orgullo de la herencia cultural africana, de la cual cada individuo se apropia y la transforma al hacerla suya.<\/p>\n\n\n\n<p class=\"wp-block-paragraph\"><br>Ella estima que desde la afroest\u00e9tica muchas veces se maneja un discurso que todav\u00eda se queda en la superficie. \u00abNo es el rizo por el rizo, el afro por el afro. Es un cabello al que le pusieron&nbsp;<a href=\"https:\/\/www.redsemlac-cuba.net\/redsemlac\/sociedad-y-cultura\/predominan-estereotipos-en-representacion-social-de-personas-afrodescendientes\/\" target=\"_blank\" rel=\"noreferrer noopener\">una informaci\u00f3n detr\u00e1s de suciedad, de fealdad, de atraso; y todo ello es una mentira que debe ser derrumbada\u00bb<\/a>, remarca.<\/p>\n\n\n\n<p class=\"wp-block-paragraph\"><br>Sin embargo, la mentira lleva m\u00e1s de 500 a\u00f1os repiti\u00e9ndose y hay personas que la asumen como verdad. De ah\u00ed que, en sus proyectos, Vargas Horta haga tanto \u00e9nfasis, desde el activismo, desde la afroest\u00e9tica, \u00aben que cada cual se asuma tal y como es, con su naturaleza perfecta y \u00fanica\u00bb, dice.<\/p>\n\n\n\n<p class=\"wp-block-paragraph\"><br>Es dif\u00edcil, apunta, y pone como ejemplo que en Cuba no hay una industria de cosm\u00e9tica para el cabello afro rizado. \u00abHay una soluci\u00f3n desde los emprendimientos de la cosm\u00e9tica artesanal, que est\u00e1 supliendo parte de esa necesidad, pero no es completa\u00bb, precisa.<\/p>\n\n\n\n<p class=\"wp-block-paragraph\"><br>En su opini\u00f3n, la cosm\u00e9tica natural no es suficiente: hay que tener una industria de cosm\u00e9tica para la mujer negra y mestiza, con tantos productos como para otros tipos de cabellos. \u00abAdem\u00e1s, debe ser asequible, porque si tener el cabello afro es m\u00e1s costoso que llevarlo lacio, qu\u00e9 mensaje estamos trasmitiendo\u00bb, cuestiona.<br><br><strong>Feminismo y activismo, siempre de la mano<\/strong><\/p>\n\n\n\n<p class=\"wp-block-paragraph\"><br>Para Vargas Horta, el feminismo fue la puerta de entrada a muchos de los aprendizajes que ha tenido en su viaje, porque en primer lugar le permiti\u00f3 mirarse de una manera diferente.<\/p>\n\n\n\n<p class=\"wp-block-paragraph\"><br>\u00abMe ha hecho entender las m\u00faltiples opresiones por las que yo estaba atravesada y me ha hecho despertar a esos espacios donde se siguen reproduciendo estas relaciones de dominaci\u00f3n, donde la mujer siempre tiene un trato diferente\u00bb, explica.<\/p>\n\n\n\n<p class=\"wp-block-paragraph\"><br>\u00abEl feminismo debe tener un color\u00bb, agreg\u00f3, porque las situaciones por las que puede atravesar una mujer rural, negra, madre de cuatro hijos, soltera, que quiere emprender, no van a ser las mismas de una mujer que vive en la capital o que tiene otras determinantes en su vida, apunta.<\/p>\n\n\n\n<p class=\"wp-block-paragraph\"><br>En su caso, refiere que ser feminista la ayud\u00f3 tambi\u00e9n a mantenerse alerta, no solo para identificar la discriminaci\u00f3n, sino para tratar de cambiar aquellas realidades que no quiere para sus hijas.<\/p>\n\n\n\n<p class=\"wp-block-paragraph\"><br>Al mismo tiempo, su trabajo la llev\u00f3 a conectarse con todo un movimiento de activismo contra el racismo, la discriminaci\u00f3n y por la valoraci\u00f3n de la afrodescendencia que desconoc\u00eda, y se dio cuenta de que hab\u00eda un grupo inmenso de personas que estaba haciendo un trabajo maravilloso.<\/p>\n\n\n\n<p class=\"wp-block-paragraph\"><br>\u00abHay much\u00edsima sabidur\u00eda en cada una de las mujeres que conforman la articulaci\u00f3n (afrofeminista), que es esa familia en la que entro. Hay much\u00edsima sabidur\u00eda, experiencia y eso es una fortaleza enorme\u00bb, considera.<\/p>\n\n\n\n<p class=\"wp-block-paragraph\"><br>Agradece el hecho de que su juventud no se convirtiera en un obst\u00e1culo para que sus propuestas fueran escuchadas y apoyadas, adem\u00e1s del acompa\u00f1amiento que ha encontrado. No obstante, considera que una de las grandes debilidades del activismo hoy es que solo se ve como trabajo comunitario vocacional.<\/p>\n\n\n\n<p class=\"wp-block-paragraph\"><br>\u00abPara hacer trabajo comunitario hay que dedicar una serie de recursos, hay que dedicar tiempo y eso necesita un acompa\u00f1amiento econ\u00f3mico que no siempre puede salir de los propios bolsillos de las activistas\u00bb, detalla.<\/p>\n\n\n\n<p class=\"wp-block-paragraph\"><br>A\u00f1adi\u00f3 que, a veces, no se le da la visibilidad necesaria al activismo, que tiene un impacto grande en las comunidades, en tanto llega justo donde est\u00e1 el problema y lo transforma a todos los niveles, porque por lo general busca el empoderamiento y la capacitaci\u00f3n desde la educaci\u00f3n.<\/p>\n\n\n\n<p class=\"wp-block-paragraph\"><br>El hecho de que existan pol\u00edticas p\u00fablicas que vayan contra la discriminaci\u00f3n racial y el racismo est\u00e1 muy bien como pol\u00edtica de Estado, pero el activismo, los activistas llevan much\u00edsimos a\u00f1os trabajando, destaca.<\/p>\n\n\n\n<p class=\"wp-block-paragraph\"><br>\u00abHay toda una historia de ese movimiento antirracista que debe ser puesta en su lugar, con su justo valor, con aquellas personas que no se deben olvidar y que casi siempre pasan al anonimato\u00bb, reflexion\u00f3.<\/p>\n\n\n\n<p class=\"wp-block-paragraph\"><br>Vargas Horta afirma que hoy no se entiende el emprendimiento sin colaboraci\u00f3n, sin el enriquecimiento de una propuesta educativa, y considera que entre las mujeres est\u00e1 sucediendo algo hermoso.<\/p>\n\n\n\n<p class=\"wp-block-paragraph\"><br>Por ejemplo, la&nbsp;<a href=\"https:\/\/www.redsemlac-cuba.net\/redsemlac\/economia\/red-de-emprendedoras-impulsa-empoderamiento-femenino\/\" target=\"_blank\" rel=\"noreferrer noopener\">Red cubana de mujeres emprendedoras<\/a>&nbsp;procura una articulaci\u00f3n para compartir fortalezas, comenta.<\/p>\n\n\n\n<p class=\"wp-block-paragraph\"><br>Es quiz\u00e1 una muestra del pa\u00eds al que aspira, donde se sienta \u00abel poder de la transformaci\u00f3n\u00bb material y emocional.<\/p>\n\n\n\n<p class=\"wp-block-paragraph\"><br>\u00abQuiero una Cuba que no tenga que esperar y poner la salvaci\u00f3n en el futuro, que no tenga que despedir a su juventud\u00bb, confiesa.<\/p>\n\n\n\n<p class=\"wp-block-paragraph\"><br>\u00abUna Cuba que, en el presente, pueda solventar todas sus necesidades materiales y a la vez duplicar los afectos; una Cuba donde haya una revoluci\u00f3n en la crianza, una revoluci\u00f3n de los afectos, donde todo no se ponga lejos ni que dependa de otra cosa, sino que donde estemos, como estemos, podamos florecer con alegr\u00eda\u00bb, afirma.<\/p>\n\n\n\n<p class=\"wp-block-paragraph\"><br>(La entrevista completa est\u00e1 disponible en nuestro canal de&nbsp;<a href=\"https:\/\/youtube.com\/playlist?list=PLjxQEDpyGYmfhdDo9if8GlLhev9Ineo9B&amp;si=UC5ay8Cm0ttoip9k\" target=\"_blank\" rel=\"noreferrer noopener\">YouTube<\/a>)<\/p>\n\n\n\n<p class=\"wp-block-paragraph\"><\/p>\n","protected":false},"excerpt":{"rendered":"<p>Lisandra Fari\u00f1asSemM\u00e9xico\/SEMlac, La Habana, Cuba, 17 de marzo, 2025.- \u00abSoy una cubana extremadamente perseverante, resiliente, muy creativa; una madre y una profesional feliz y que apuesta todos los d\u00edas por esa felicidad\u00bb. As\u00ed se define&nbsp;Yadira Rachel Vargas Horta, una joven que a sus 33 a\u00f1os habla con convicci\u00f3n de lo que le apasiona y se [&hellip;]<\/p>\n","protected":false},"author":3,"featured_media":93824,"comment_status":"open","ping_status":"open","sticky":false,"template":"","format":"standard","meta":{"_monsterinsights_skip_tracking":false,"footnotes":""},"categories":[703,53],"tags":[],"class_list":["post-93821","post","type-post","status-publish","format-standard","has-post-thumbnail","category-infancia","category-internacional"],"_links":{"self":[{"href":"https:\/\/redsemlac.com\/semmexico\/wp-json\/wp\/v2\/posts\/93821","targetHints":{"allow":["GET"]}}],"collection":[{"href":"https:\/\/redsemlac.com\/semmexico\/wp-json\/wp\/v2\/posts"}],"about":[{"href":"https:\/\/redsemlac.com\/semmexico\/wp-json\/wp\/v2\/types\/post"}],"author":[{"embeddable":true,"href":"https:\/\/redsemlac.com\/semmexico\/wp-json\/wp\/v2\/users\/3"}],"replies":[{"embeddable":true,"href":"https:\/\/redsemlac.com\/semmexico\/wp-json\/wp\/v2\/comments?post=93821"}],"version-history":[{"count":0,"href":"https:\/\/redsemlac.com\/semmexico\/wp-json\/wp\/v2\/posts\/93821\/revisions"}],"wp:featuredmedia":[{"embeddable":true,"href":"https:\/\/redsemlac.com\/semmexico\/wp-json\/wp\/v2\/media\/93824"}],"wp:attachment":[{"href":"https:\/\/redsemlac.com\/semmexico\/wp-json\/wp\/v2\/media?parent=93821"}],"wp:term":[{"taxonomy":"category","embeddable":true,"href":"https:\/\/redsemlac.com\/semmexico\/wp-json\/wp\/v2\/categories?post=93821"},{"taxonomy":"post_tag","embeddable":true,"href":"https:\/\/redsemlac.com\/semmexico\/wp-json\/wp\/v2\/tags?post=93821"}],"curies":[{"name":"wp","href":"https:\/\/api.w.org\/{rel}","templated":true}]}}