{"id":9375,"date":"2019-07-01T20:19:02","date_gmt":"2019-07-01T20:19:02","guid":{"rendered":"https:\/\/redsemlac.com\/semmexico\/?p=9375"},"modified":"2023-07-21T14:50:14","modified_gmt":"2023-07-21T19:50:14","slug":"alfa-omega-13","status":"publish","type":"post","link":"https:\/\/redsemlac.com\/semmexico\/alfa-omega-13\/","title":{"rendered":"Alfa Omega"},"content":{"rendered":"\n<h2 class=\"wp-block-heading\"><strong>A un A\u00f1o del Triunfo y a siete meses de la Cuarta Campa\u00f1a<\/strong><\/h2>\n\n\n\n<p class=\"wp-block-paragraph\"><strong>Jorge Herrera Valenzuela<\/strong><\/p>\n\n\n\n<p class=\"wp-block-paragraph\" style=\"text-align:right\"><em>Un abrazo solidario a mi amigo Rafael Cardona Sandoval<\/em><\/p>\n\n\n\n<p class=\"wp-block-paragraph\">SemM\u00e9xico.\n01 de julio 2019.-Todo est\u00e1 debidamente calculado, el programa comenzar\u00e1 desde\nlas primeras horas de la ma\u00f1ana. El m\u00e1s espectacular acto populista tendr\u00e1\nlugar este lunes 1 de julio. El escenario, &nbsp;no podr\u00eda ser otro, la Plaza de la\nConstituci\u00f3n. S\u00ed, nuestro tres veces hache <strong>Z\u00f3calo<\/strong>,<strong> hist\u00f3rico, hermoso y hospitalario<\/strong>.\nDesde 1824 cuando <strong>Guadalupe Victoria<\/strong>\nfue electo primer Presidente de M\u00e9xico hasta la fecha, ser\u00e1 el primer evento de\ntal naturaleza. <\/p>\n\n\n\n<p class=\"wp-block-paragraph\">Cierto es\nque <strong>la tercera fue la vencida<\/strong> y as\u00ed\ncomenz\u00f3, ahora desde Palacio Nacional, no el gobierno sexenal sino la <strong>Cuarta Campa\u00f1a<\/strong> del tabasque\u00f1o que ha\nimpuesto su palabra sobre la misma Constituci\u00f3n Pol\u00edtica, sin o\u00edr sugerencias,\nconsejos o cr\u00edticas. Ha dividido a los mexicanos, en su ya no impactantes\n\u201cma\u00f1aneras\u201d, rechaza todo tipo de cr\u00edtica o comentario desfavorable para \u00e9l,\ndescalificando a las personas f\u00edsicas y a las morales. No acepta que el INEGI o\nel IMSS revelen informaci\u00f3n debidamente comprobada sobre el empleo y el\ndesempleo en el pa\u00eds, inmediatamente \u201clos corrige\u201d al afirmar \u201c<strong>yo tengo otros datos<\/strong>\u201d. <\/p>\n\n\n\n<p class=\"wp-block-paragraph\">Ya no hay\nmexicanos de primera y de segunda, ahora son \u201c<strong>fif\u00eds<\/strong>, <strong>conservadores o corruptos<\/strong>\u201d.\nEl incremento de la violencia y de la inseguridad obedece, seg\u00fan el licenciado <strong>don Andr\u00e9s Manuel L\u00f3pez Obrador<\/strong>, a que\nlas administraciones anteriores no hicieron nada; el neoliberalismo provoc\u00f3 la\nquiebra de la econom\u00eda y la no producci\u00f3n agroalimentaria. En el campo\neducativo se borr\u00f3 la reforma constitucional que no conven\u00eda a los dirigentes\nde la Coordinadora Nacional de Trabajadores de la Educaci\u00f3n, <strong>CNTE<\/strong>.<\/p>\n\n\n\n<p class=\"wp-block-paragraph\">En tan solo\nsiete meses con la aplicaci\u00f3n de la \u201c<strong>austeridad\nrepublicana<\/strong>\u201d, se multiplicaron los recortes presupuestales, a diestra y\nsiniestra, centralizando todo el mando administrativo y determinando que\nsolamente la Oficial\u00eda Mayor de la Secretar\u00eda de Hacienda puede hacer todas las\ncompras, para el gobierno federal, as\u00ed tambi\u00e9n cortando de tajo, sin\nexplicaci\u00f3n alguna, los apoyos a investigadores, a cient\u00edficos, a artistas, a\nni\u00f1os y j\u00f3venes estudiantes participantes en eventos internacionales , al igual\nque a los deportistas amateurs, estudiantiles y ol\u00edmpicos.<\/p>\n\n\n\n<p class=\"wp-block-paragraph\"><strong>L\u00f3pez Obrador<\/strong> en siete meses de gobierno, \u00a1no ha\ngobernado! Empez\u00f3 desapareciendo el Estado Mayor Presidencial, porque en sus\ndoce a\u00f1os de campa\u00f1a, jam\u00e1s pudo acercarse a la residencia presidencial de Los\nPinos y desde\u00f1\u00f3 vivir en ella, tal vez quiso emular al general <strong>L\u00e1zaro C\u00e1rdenas del R\u00edo<\/strong>, quien fund\u00f3\nesa casa para el Presidente de M\u00e9xico y el Castillo de Chapultepec fue\nconvertido en museo. Nada m\u00e1s que las circunstancias y los tiempos eran\ndiferentes. Desde su tercera campa\u00f1a, 2017\/2018, la emprendi\u00f3 contra las obras\ndel Nuevo Aeropuerto de M\u00e9xico y prometi\u00f3 cancelarlo por actos de corrupci\u00f3n,\nhasta este junio de 2019 no ha dado los nombres de los corruptos.<\/p>\n\n\n\n<p class=\"wp-block-paragraph\">Comenz\u00f3 su\nmandato con una tarea en que hasta los millones de mexicanos que no votaron por\n\u00e9l, estuvieron de acuerdo: <strong>combatir la\ncorrupci\u00f3n y la impunidad<\/strong>. Inici\u00f3 una guerra contra el robo de combustibles\ny se realiz\u00f3 no un programa de gobierno sino una campa\u00f1a temporalera \u201ccontra\nlos huachicoleros\u201d. No pas\u00f3 a mayores y el hurto de gasolina y di\u00e9sel sigue,\nclaro, me dir\u00e1n, que ya es en menor escala. El tabasque\u00f1o declar\u00f3 terminada la\nguerra de su gobierno contra los narcotraficantes, quienes contin\u00faan operando,\nsobre todo en el narcomenudeo.<\/p>\n\n\n\n<p class=\"wp-block-paragraph\">Recordemos\nque en materia jur\u00eddica, <strong>L\u00f3pez Obrador<\/strong>\nes el primer Presidente de M\u00e9xico que viola la Constituci\u00f3n Pol\u00edtica y aduce\nque \u201c<strong>la justicia est\u00e1 sobre la ley<\/strong>\u201d.\nCon una <strong>consulta a mano alzada <\/strong>dio\npor terminada la obra de comunicaci\u00f3n terrestre entre municipios de Durango y de\nCoahuila, borrando en 31 segundos <strong>la\nlibertad y la soberan\u00eda <\/strong>de dos entidades federativas. Rompi\u00f3 con el\nprotocolo diplom\u00e1tico al enviar el borrador \u2013as\u00ed lo calific\u00f3 el propio AMLO- de\nuna carta al Rey de Espa\u00f1a, saltando a las respectivas embajadas y a la misma\nSecretar\u00eda de Relaciones Exteriores, cuyo titular est\u00e1 ejecutando funciones que\nle corresponden a la Secretar\u00eda de Gobernaci\u00f3n.<\/p>\n\n\n\n<p class=\"wp-block-paragraph\">Los\nproblemas en estos siete meses lopezobradoristas, son muchos y se acumulan. Muy\ngrave el desbasto de medicamentos, mobiliario y equipo m\u00e9dico en los hospitales\np\u00fablicos; la batalla en la frontera Sur para restringir el paso de inmigrantes\nhacia Estados Unidos, se agrava con la atenci\u00f3n (alimentaci\u00f3n y asistencia\nm\u00e9dica principalmente) que debe darse a los cientos de centroamericanos\nacampados en Tijuana y en Ciudad Ju\u00e1rez. El Caso PEMEX, la empresa petrolera\ncon la deuda de m\u00e1s de 106 mil millones de d\u00f3lares, es otro fuerte dolor de\ncabeza. <\/p>\n\n\n\n<p class=\"wp-block-paragraph\">Todo un\npanorama complejo y pol\u00e9mico son los proyectos cumbres de la <strong>Cuarta Transformaci\u00f3n<\/strong>, en esta Cuarta\nCampa\u00f1a, porque el tabasque\u00f1o no acepta ninguna opini\u00f3n respecto a la\nconstrucci\u00f3n de la refiner\u00eda Dos Bocas, a la creaci\u00f3n de un nuevo aeropuerto\ncomercial en la Base A\u00e9rea Militar de Santa Luc\u00eda y poner en circulaci\u00f3n el\ntur\u00edstico Tren Maya. Terminaremos el presente a\u00f1o y tal vez ninguna haya\narrancado, cubriendo todos los requisitos reglamentarios. <\/p>\n\n\n\n<p class=\"wp-block-paragraph\"><strong>PREGUNTA PARA MEDITAR:<\/strong><\/p>\n\n\n\n<p class=\"wp-block-paragraph\">\u00bfEste a\u00f1o\noiremos dos informes presidenciales, pues se anuncia que ma\u00f1ana, como parte de\nlos festejos, el Presidente de M\u00e9xico informar\u00e1 de lo que ha hecho?<\/p>\n\n\n\n<p class=\"wp-block-paragraph\"><strong>EL EXPRESIDENTE M\u00c1S LONGEVO<\/strong><\/p>\n\n\n\n<p class=\"wp-block-paragraph\">Doy\ncontestaci\u00f3n a la pregunta de un joven universitario. El expresidente m\u00e1s\nlongevo de M\u00e9xico, lo es el abogado <strong>Luis\nEcheverr\u00eda \u00c1lvarez<\/strong>. En la actualidad tiene 97 y medio a\u00f1os de edad y dej\u00f3\nel Poder Ejecutivo hace 43 a\u00f1os, solo lo rebasa en \u00e9ste \u00faltimo dato el\ntamaulipeco <strong>Emilio C\u00e1ndido Portes Gil<\/strong>\nque vivi\u00f3 48, de sus 88 a\u00f1os, como expresidente. El licenciado <strong>Pedro Lascur\u00e1in Paredes<\/strong> que en febrero\nde 1913 estuvo solo 45 minutos como Presidente de M\u00e9xico, muri\u00f3 a los 94 a\u00f1os,\nen 1952. <\/p>\n\n\n\n<p class=\"wp-block-paragraph\"><strong>AGUACATES Y CHILACAYOTES<\/strong><\/p>\n\n\n\n<p class=\"wp-block-paragraph\">Las amas de\ncasa ya no se sorprenden de los precios de los productos agropecuarios, de las\nfrutas y de las verduras. Sin embargo, en los \u00faltimos d\u00edas se alarmaron porque\nen tianguis, en mercados sobre ruedas, en tiendas de autoservicio y en las\nmismas Centrales de Abasto, el kilo de aguacate est\u00e1 a \u00a1Cien Pesos! y el de\nchilacayotes chicos a \u00a1120 pesos! Seg\u00fan las autoridades de la Secretar\u00eda de\nAgricultura esos precios \u201cestratosf\u00e9ricos\u201d se deben a la baja en la producci\u00f3n\ny a la demanda extranjera en el caso del aguacate. Los comerciantes dicen que\nlas siembras han disminuido porque los delincuentes organizados exigen una\ncuota en efectivo. Los consumidores de la Ciudad de M\u00e9xico, de Quer\u00e9taro y del\nEstado de M\u00e9xico, son los m\u00e1s afectados.<\/p>\n\n\n\n<p class=\"wp-block-paragraph\"><strong>\u00bfEL \u00c1RBOL DE LA NOCHE TRISTE?<\/strong><\/p>\n\n\n\n<p class=\"wp-block-paragraph\">Era un\ndeleite o\u00edr a mi profesor <strong>Manuel Flores\nSantos<\/strong>, en tercer a\u00f1o de primaria, cuando nos hablaba de la derrota de los\nespa\u00f1oles y el triunfo de los guerreros azteca. Nos cont\u00f3 como los espa\u00f1oles y\nsus aliados ind\u00edgenas estaban cercados, atrincherados, en el Palacio de <strong>Axay\u00e1catl <\/strong>y carec\u00edan de alimentos,\ndespu\u00e9s de una batalla que duraba una semana. <strong>Hern\u00e1n Cort\u00e9s <\/strong>plane\u00f3 fugarse con su gente y emprendi\u00f3, a&nbsp; la medianoche del 30 de junio; al salir rumbo\na Tlacopan (hoy Calzada de Tacuba), el ruido que hac\u00edan los caballos provoc\u00f3\nque una anciana los descubriera y alertara a los guerreros aztecas. Pronto se\ndesat\u00f3 la guerra, los aztecas desde sus lanchas atacaban, con lanzas y flechas,\na los espa\u00f1oles que cruzaban por los puentes de Tenochtitl\u00e1n. La victoria\nazteca fue en la madrugada del 1 de julio y qued\u00f3 como constancia un gigantesco\n\u00e1rbol que fue conocido como \u201c<strong>El \u00c1rbol de\nla Noche Triste<\/strong>\u201d, donde, cuentan, lloraron su derrota <strong>Cort\u00e9s, Pedro de Alvarado y Juan Vel\u00e1zquez de Le\u00f3n.<\/strong> El suceso\ntambi\u00e9n est\u00e1 registrado como <strong>La Noche de\nla Victoria<\/strong>.&nbsp; <\/p>\n\n\n\n<p class=\"wp-block-paragraph\"><strong>P.D. <\/strong>El pasado viernes en el Auditorio <strong>Octavio Paz<\/strong>, del Senado de la\nRep\u00fablica, se rindi\u00f3 un sentido y merecido homenaje p\u00f3stumo a mi compa\u00f1ero de\naventuras radiof\u00f3nicas, <strong>Adri\u00e1n Ojeda\nRom\u00e1n<\/strong>, incansable reportero, locutor y gran amigo\u2026Un abrazo para mi\nfraternal colega <strong>Armando Rojas Ar\u00e9valo <\/strong>por\nel fallecimiento de su paisano y amigo, el ganadero chiapaneco <strong>Juan Esteban Guti\u00e9rrez<\/strong>, cari\u00f1osamente\nllamado \u201cEl Tigre\u201d\u2026.Felicitaci\u00f3n al guanajuatense <strong>Luis Antonio Mu\u00f1oz Mosqueda<\/strong>, recientemente elegido presidente del\nForo Nacional Permanente de Legisladores, en el que est\u00e1n <strong>Augusto G\u00f3mez Villanueva, Joaqu\u00edn \u00c1lvarez Ordo\u00f1ez, Julio Camelo\nMart\u00ednez y Hugo Castro Aranda<\/strong>, entre otros\u2026.Al cierre de esta columna nos\nlleg\u00f3 la noticia del fallecimiento del fot\u00f3grafo de prensa, hoy reportero\ngr\u00e1fico, <strong>Pablo Del Castillo<\/strong>, conocido\ncomo <strong>Pablo Mayo, <\/strong>del legendario\ngrupo de los <strong>Hermanos Mayo<\/strong>, de quien\ncomentar\u00e9 la pr\u00f3xima semana,<strong> Primero\nDios.<\/strong><\/p>\n\n\n\n<p class=\"wp-block-paragraph\"><strong>jherrerav@live.com.mx<\/strong>&nbsp;\n<\/p>\n","protected":false},"excerpt":{"rendered":"<p>A un A\u00f1o del Triunfo y a siete meses de la Cuarta Campa\u00f1a\ufeff<\/p>\n","protected":false},"author":3,"featured_media":9377,"comment_status":"open","ping_status":"open","sticky":false,"template":"","format":"standard","meta":{"_monsterinsights_skip_tracking":false,"footnotes":""},"categories":[690,94,107],"tags":[],"class_list":["post-9375","post","type-post","status-publish","format-standard","has-post-thumbnail","category-690","category-jorge-herrera-valenzuela","category-rafaga"],"_links":{"self":[{"href":"https:\/\/redsemlac.com\/semmexico\/wp-json\/wp\/v2\/posts\/9375","targetHints":{"allow":["GET"]}}],"collection":[{"href":"https:\/\/redsemlac.com\/semmexico\/wp-json\/wp\/v2\/posts"}],"about":[{"href":"https:\/\/redsemlac.com\/semmexico\/wp-json\/wp\/v2\/types\/post"}],"author":[{"embeddable":true,"href":"https:\/\/redsemlac.com\/semmexico\/wp-json\/wp\/v2\/users\/3"}],"replies":[{"embeddable":true,"href":"https:\/\/redsemlac.com\/semmexico\/wp-json\/wp\/v2\/comments?post=9375"}],"version-history":[{"count":0,"href":"https:\/\/redsemlac.com\/semmexico\/wp-json\/wp\/v2\/posts\/9375\/revisions"}],"wp:featuredmedia":[{"embeddable":true,"href":"https:\/\/redsemlac.com\/semmexico\/wp-json\/wp\/v2\/media\/9377"}],"wp:attachment":[{"href":"https:\/\/redsemlac.com\/semmexico\/wp-json\/wp\/v2\/media?parent=9375"}],"wp:term":[{"taxonomy":"category","embeddable":true,"href":"https:\/\/redsemlac.com\/semmexico\/wp-json\/wp\/v2\/categories?post=9375"},{"taxonomy":"post_tag","embeddable":true,"href":"https:\/\/redsemlac.com\/semmexico\/wp-json\/wp\/v2\/tags?post=9375"}],"curies":[{"name":"wp","href":"https:\/\/api.w.org\/{rel}","templated":true}]}}