{"id":93635,"date":"2025-03-12T15:14:56","date_gmt":"2025-03-12T21:14:56","guid":{"rendered":"https:\/\/redsemlac.com\/semmexico\/?p=93635"},"modified":"2025-03-12T15:16:35","modified_gmt":"2025-03-12T21:16:35","slug":"mirada-violeta-30-anos-de-la-cuarta-conferencia-mundial-sobre-la-mujer-conferencia-de-beijing","status":"publish","type":"post","link":"https:\/\/redsemlac.com\/semmexico\/mirada-violeta-30-anos-de-la-cuarta-conferencia-mundial-sobre-la-mujer-conferencia-de-beijing\/","title":{"rendered":"Mirada Violeta | 30 a\u00f1os de la Cuarta Conferencia Mundial Sobre la Mujer, Conferencia de Beijing"},"content":{"rendered":"\n<ul class=\"wp-block-list\">\n<li><\/li>\n<\/ul>\n\n\n\n<p class=\"wp-block-paragraph\">Guadalupe Ramos Ponce<\/p>\n\n\n\n<p class=\"wp-block-paragraph\">SemM\u00e9xico, Guadalajara, Jalisco, 12 de marzo, 2025.-Este 2025 se cumplen 30 a\u00f1os de la realizaci\u00f3n en 1995 de la Cuarta Conferencia Mundial sobre la Mujer, en donde representantes de los gobiernos de 189 Estados y cerca de 30 mil activistas de organizaciones de la sociedad civil y feministas, se reunieron durante dos semanas para acordar compromisos de alcance mundial que quedaron plasmados en la Declaraci\u00f3n y Plataforma de Acci\u00f3n de Beijing.<\/p>\n\n\n\n<p class=\"wp-block-paragraph\">La Plataforma de Acci\u00f3n propuso en doce esferas de especial preocupaci\u00f3n: La mujer y el medio ambiente; La mujer en el ejercicio del poder y la adopci\u00f3n de decisiones; La ni\u00f1a; La mujer y la econom\u00eda; La mujer y la pobreza; La violencia contra la mujer; Los derechos humanos de la mujer; Educaci\u00f3n y capacitaci\u00f3n de la mujer; Mecanismos institucionales para el adelanto de la mujer; La mujer y la salud; La mujer y los medios de difusi\u00f3n; La mujer y los conflictos armados.<\/p>\n\n\n\n<p class=\"wp-block-paragraph\">Esta Plataforma se constituy\u00f3 en un plan de avanzada con directrices claras para que los Estados Parte y las organizaciones feministas y de la sociedad civil empezaran a poner en el centro de las agendas nacionales los derechos de las mujeres en diversas \u00e1reas tem\u00e1ticas integrando las tendencias y acuerdos alcanzados a nivel mundial en materia de derechos humanos (Conferencia de las Naciones Unidas sobre el Medio Ambiente y el Desarrollo, R\u00edo de Janeiro, 1992; Conferencia Mundial sobre Derechos Humanos, Viena, 1993; Conferencia Internacional sobre la Poblaci\u00f3n y el Desarrollo, El Cairo, 1994; entre otras).<\/p>\n\n\n\n<p class=\"wp-block-paragraph\">La Plataforma de Acci\u00f3n de la IV Conferencia se presentaba como un gran desaf\u00edo para los pa\u00edses de Am\u00e9rica Latina y El Caribe, considerando que gran parte de los pa\u00edses del sur hab\u00edan recuperado recientemente la democracia luego de d\u00e9cadas de procesos autoritarios y\/o dictatoriales, y contaban a\u00fan con institucionalidades democr\u00e1ticas no tan robustas o inestables frente a las crisis pol\u00edticas, econ\u00f3micas y sociales propias de aquel contexto regional. Por otro lado, los pa\u00edses de Centroam\u00e9rica y Colombia afrontan procesos de negociaci\u00f3n de paz luego de a\u00f1os de escalada de conflictos armados. Asimismo, una gran parte de los pa\u00edses de la regi\u00f3n se encontraban transitando procesos de refundaci\u00f3n nacionales y adoptaron nuevas constituciones: Colombia (1991), Paraguay (1992), Per\u00fa (1993), Venezuela (1999), Brasil (1988), o procesos de reforma constitucional significativos, tales como: Guatemala (1993), Argentina (1994), Panam\u00e1 (1994), Nicaragua (1995).&nbsp;&nbsp;<\/p>\n\n\n\n<p class=\"wp-block-paragraph\">Aun as\u00ed, durante la d\u00e9cada de los \u201990 se dieron importantes avances en el reconocimiento de los derechos humanos en general, y de las mujeres en particular, tanto a nivel regional -en el marco de la Organizaci\u00f3n de Estados Americano (OEA) con la entrada en vigor con la firma de la Convenci\u00f3n Bel\u00e9m Do Par\u00e1 (1995)-, como la incorporaci\u00f3n en los marcos normativos nacionales de los diferentes tratados.<\/p>\n\n\n\n<p class=\"wp-block-paragraph\">Estas reflexiones son parte de lo que el Comit\u00e9 de Am\u00e9rica Latina y el Caribe para la Defensa de los Derechos de las Mujeres, (CLADEM), estar\u00e1 dialogando con todas las compa\u00f1eras de la regi\u00f3n y en los foros internacionales como el que se desarrollar\u00e1 en agosto en la ciudad de M\u00e9xico para conmemorar los 30 a\u00f1os de la Declaraci\u00f3n y Plataforma de Acci\u00f3n de Beijing y de la cuarta Conferencia Mundial sobre las Mujeres. Ahora toca hacer balance de lo que los Estados siguen adeudando a las mujeres.&nbsp;<\/p>\n\n\n\n<p class=\"wp-block-paragraph\">*Coordinadora de CLADEM en M\u00e9xico; Profesora Investigadora de la UdeG. @dralupitaramosp ,<a href=\"mailto:lupitaramosponce@gmail.com\">lupitaramosponce@gmail.com<\/a>; Canal de Youtoube Dra. Lupita Ramos. <a href=\"https:\/\/www.youtube.com\/channel\/UCQ_bKrt9f4rkb7VST7-sYrg\">https:\/\/www.youtube.com\/channel\/UCQ_bKrt9f4rkb7VST7-sYrg<\/a><\/p>\n","protected":false},"excerpt":{"rendered":"<p>Guadalupe Ramos Ponce SemM\u00e9xico, Guadalajara, Jalisco, 12 de marzo, 2025.-Este 2025 se cumplen 30 a\u00f1os de la realizaci\u00f3n en 1995 de la Cuarta Conferencia Mundial sobre la Mujer, en donde representantes de los gobiernos de 189 Estados y cerca de 30 mil activistas de organizaciones de la sociedad civil y feministas, se reunieron durante dos [&hellip;]<\/p>\n","protected":false},"author":3,"featured_media":22937,"comment_status":"open","ping_status":"open","sticky":false,"template":"","format":"standard","meta":{"_monsterinsights_skip_tracking":false,"footnotes":""},"categories":[91,35],"tags":[],"class_list":["post-93635","post","type-post","status-publish","format-standard","has-post-thumbnail","category-lupita-ramos-ponce","category-opinion"],"_links":{"self":[{"href":"https:\/\/redsemlac.com\/semmexico\/wp-json\/wp\/v2\/posts\/93635","targetHints":{"allow":["GET"]}}],"collection":[{"href":"https:\/\/redsemlac.com\/semmexico\/wp-json\/wp\/v2\/posts"}],"about":[{"href":"https:\/\/redsemlac.com\/semmexico\/wp-json\/wp\/v2\/types\/post"}],"author":[{"embeddable":true,"href":"https:\/\/redsemlac.com\/semmexico\/wp-json\/wp\/v2\/users\/3"}],"replies":[{"embeddable":true,"href":"https:\/\/redsemlac.com\/semmexico\/wp-json\/wp\/v2\/comments?post=93635"}],"version-history":[{"count":0,"href":"https:\/\/redsemlac.com\/semmexico\/wp-json\/wp\/v2\/posts\/93635\/revisions"}],"wp:featuredmedia":[{"embeddable":true,"href":"https:\/\/redsemlac.com\/semmexico\/wp-json\/wp\/v2\/media\/22937"}],"wp:attachment":[{"href":"https:\/\/redsemlac.com\/semmexico\/wp-json\/wp\/v2\/media?parent=93635"}],"wp:term":[{"taxonomy":"category","embeddable":true,"href":"https:\/\/redsemlac.com\/semmexico\/wp-json\/wp\/v2\/categories?post=93635"},{"taxonomy":"post_tag","embeddable":true,"href":"https:\/\/redsemlac.com\/semmexico\/wp-json\/wp\/v2\/tags?post=93635"}],"curies":[{"name":"wp","href":"https:\/\/api.w.org\/{rel}","templated":true}]}}