{"id":9361,"date":"2019-07-01T18:14:54","date_gmt":"2019-07-01T18:14:54","guid":{"rendered":"https:\/\/redsemlac.com\/semmexico\/?p=9361"},"modified":"2023-07-21T14:50:14","modified_gmt":"2023-07-21T19:50:14","slug":"miradas-de-reportero-25","status":"publish","type":"post","link":"https:\/\/redsemlac.com\/semmexico\/miradas-de-reportero-25\/","title":{"rendered":"Miradas de reportero"},"content":{"rendered":"\n<h2 class=\"wp-block-heading\"><strong>Ya son demasiados periodistas exiliados de su vida<\/strong><\/h2>\n\n\n\n<p class=\"wp-block-paragraph\"><strong>Rogelio Hern\u00e1ndez L\u00f3pez<\/strong><\/p>\n\n\n\n<p class=\"wp-block-paragraph\">SemM\u00e9xico. Ciudad de M\u00e9xico. 01 de julio 2019.- Fueron cinco horas en las que un centenar de personas se azoraron, maldijeron, muchas no pudieron contener los sollozos al saber de Luis, Ver\u00f3nica, Julio Omar, Badillo y Ana Katiria a quienes han querido asesinar por ser periodistas y les quitaron mucho o todo del control de sus vidas.<\/p>\n\n\n\n<p class=\"wp-block-paragraph\">All\u00ed\nen el Museo de la Memoria y Tolerancia qued\u00f3 claro que ellos y otros muchos no\nsolo exigen justicia, quieren apoyo para disminuir da\u00f1os y encontrar condiciones\npara reinsertarse, pero confirmaron que para ellas y ellos tampoco existen\npol\u00edticas p\u00fablicas efectivas, porque interesan a muy pocos, incluso a sus\ncolegas editores de noticias.<\/p>\n\n\n\n<p class=\"wp-block-paragraph\">&nbsp;\u201c\u00bfForo Periodismo y Retos 27 de junio?\u201d se le pregunta\na Google al d\u00eda siguiente y arroja 6,180,000 resultados, pero ninguna noticia directa\nde lo que all\u00ed ocurri\u00f3, ni en impresos, ni de radio ni en los cientos de\nportales informativos. Silencio.<\/p>\n\n\n\n<p class=\"wp-block-paragraph\">El\ntema de periodistas afectados por su trabajo tiende a volverse parte del\npaisaje social. Se han vuelto estad\u00edsticas que solo se repiten cuando hay otro\nasesinado. Se sabe menos de los desplazados por alto riesgo. A fines de 2018 eran\n72 registrados oficialmente y su n\u00famero crece r\u00e1pidamente. En 2010 eran la\nmitad o menos. Muchos otros ni se acercan al mecanismo de protecci\u00f3n federal por\ndesconfianza. Ya son demasiados.<\/p>\n\n\n\n<figure class=\"wp-block-image\"><img decoding=\"async\" src=\"https:\/\/redsemlac.com\/semmexico\/wp-content\/uploads\/2019\/07\/Periodistas-desplazados-1024x650.jpg\" alt=\"\" class=\"wp-image-9362\"\/><\/figure>\n\n\n\n<p class=\"wp-block-paragraph\"><strong>Los refugios revictimizan: Luis<\/strong><\/p>\n\n\n\n<p class=\"wp-block-paragraph\">Luis\nCardona, reportero de pol\u00edtica y justicia fue secuestrado en 2013 por hombres\ndisfrazados de militares en Ciudad Ju\u00e1rez, lo soltaron despu\u00e9s de torturas y\namenazas. Se exili\u00f3. Regres\u00f3 porque quiere seguir siendo periodista; nuevas amenazas\nde alto riesgo. Desplazado otra vez. Recibi\u00f3 ayudas de colegas, de algunas\norganizaciones de acompa\u00f1amiento, del mecanismo federal. No ha podido regresar,\nperdi\u00f3 20 kilos, as\u00ed como el control de su ecuanimidad y de su futuro.<\/p>\n\n\n\n<p class=\"wp-block-paragraph\">Dice:\n&#8211;Algunos desplazados tenemos el proyecto de hacer una red que acompa\u00f1e a otros\ncon este problema\u2026 no queremos estar en los refugios del mecanismo porque es como\nestar en la c\u00e1rcel, quiz\u00e1 vigilados por terceros. Eso nos revictimiza. Tampoco\nqueremos confrontarnos con el gobierno federal, pero all\u00ed no saben que hacer\nfrente a esto y hacen muy poco\u2014.<\/p>\n\n\n\n<p class=\"wp-block-paragraph\"><strong>Auxilio sicol\u00f3gico une pedazos; Ver\u00f3nica<\/strong><\/p>\n\n\n\n<p class=\"wp-block-paragraph\">&#8211;Desde\n2013 no duermo bien\u2014se sincera la reportera Ver\u00f3nica Basurto. Ella visit\u00f3\ncuatro a\u00f1os a la francesa apresada en M\u00e9xico Florance Cassez, investig\u00f3. Luego\nel caso de Hugo Alberto Wallace. Tiene indicios que ambos casos ser\u00edan conexos\npor los autores de los secuestros. Desde el 25 de enero de 2013 amenazas,\nintervenciones telef\u00f3nicas, seguimientos, la fiscal\u00eda especial no aclar\u00f3 nada. \u2013Viv\u00ed\nen siete casas de colegas\u2026 me exili\u00e9 en Francia y en Espa\u00f1a con algunas ayudas\nde organizaciones. Miedo, vagancia mental, insomnio. Autoexilio de mi vida. Estoy\nahora en el mecanismo. El apoyo sicol\u00f3gico ayuda a no sentirme culpable de ser\nperiodista\u2026 al Estado le hace falta legislaci\u00f3n y pol\u00edticas para esto&#8211;. <\/p>\n\n\n\n<p class=\"wp-block-paragraph\"><strong>El Mecanismo en entiende lo humano: Julio Omar<\/strong><\/p>\n\n\n\n<p class=\"wp-block-paragraph\">\u00c9l\nse apellida G\u00f3mez era reportero de movimientos sociales y otros temas en Baja\nCalifornia Sur.<\/p>\n\n\n\n<p class=\"wp-block-paragraph\">&#8211;Incomod\u00e9\na muchos funcionarios y pol\u00edticos\u2026 Recib\u00ed recados de aquietarme\u2026 En diciembre\nde 2016 incendiaron mi carro y tambi\u00e9n mi casa, no acept\u00e9 protecci\u00f3n oficial\npor desconfianza. Me vigilaban. En febrero me queman otro auto ahora s\u00ed recib\u00ed\nprotecci\u00f3n: chaleco antibalas, bot\u00f3n de p\u00e1nico, escoltas, GPS en el auto, pero\nsiguieron los halcones. Luego en otro intento de quema de carro, los escoltas\nrepelen y uno es asesinado\u2026 Exilio. Mi padre me apoy\u00f3 todo el tiempo, ven\u00eda\nmucho a verme\u2026 Ahora estoy sin casa, se fue mi esposa, sin capital, sin padre.\nMe siento vigilado. Soy norte\u00f1o, no quer\u00eda apoyo sicol\u00f3gico y el doctor me dijo\nque tengo tres trastornos y el peor es limite de personalidad. Estoy en cero.\nMe quiero ir de M\u00e9xico para siempre\u2026&#8211;<\/p>\n\n\n\n<p class=\"wp-block-paragraph\"><strong>De este gobierno no veo acci\u00f3n a favor nuestro:\nBadillo <\/strong><\/p>\n\n\n\n<p class=\"wp-block-paragraph\">Miguel,\nel reportero director de Contral\u00ednea trae un altero de papeles para mostrar lo\nque llama compendio de agresiones a su integridad y al personal del medio:<\/p>\n\n\n\n<p class=\"wp-block-paragraph\">Persecuci\u00f3n\nviolenta contra su esposa, 14 demandas por da\u00f1o moral, 5 irrupciones y robos a\ninstalaciones, intentos de sofocamiento econ\u00f3mico, atentados, dos reporteros\nbalaceados, una de sus colegas asesinada. &#8211;La Fiscal\u00eda aclara nada &#8211;acusa&#8211;. El\nmecanismo puso c\u00e1maras, botones de p\u00e1nico y nos acaban de cambiar chalecos\nantibalas que era para calibre 22 ahora para balas de cuerno de chivo\u2026 Somos solo\nun caso. Todos sabemos de los desaparecidos, de los asesinados, de las\nagresiones, de los desplazados, del momento complicad\u00edsimo que viven los medios\ny los periodistas en este gobierno. De \u00e9l no se ha visto una sola acci\u00f3n a\nfavor del periodismo en esta crisis&#8211;.<\/p>\n\n\n\n<p class=\"wp-block-paragraph\"><strong>Los periodistas nos salvaron: Ana<\/strong><\/p>\n\n\n\n<p class=\"wp-block-paragraph\">Ana\nKatiria Su\u00e1rez es abogada. Joven. Tiene un despacho donde atiende a gente con\npocos recursos en m\u00e1s de la mitad de sus casos. Es beneficiaria del mecanismo\nporque la amenazaron, hostigaron y acosaron agentes, ministerios p\u00fablicos, un\nsubprocurador (Edmundo Garrido) y hasta el presidente del Tribunal de Justicia\nde la Ciudad de M\u00e9xico que le tiro un anzuelo sexual &#8212;Te gustar\u00eda saber c\u00f3mo\nser la novia del magistrado&#8211; y al rechazo le sugiri\u00f3 \u201cno te metas\u201d. Todo est\u00e1\nen el libro testimonial que \u00e9l mismo magistrado quiso impedir que presentara en\nel Claustro de Sor Juana. Todo porque ella contradijo a un MP y a un juez que condenaron\na prisi\u00f3n a una joven que, de por defenderse de secuestro, tortura y violaci\u00f3n\nde dos agentes, hiri\u00f3 mortalmente en el cuello a uno. &nbsp;\u2013Ellos y la prensa amarillista dijeron <em>Condenan\na prostituta que mat\u00f3 a su amante<\/em> y yo les demostr\u00e9 con evidencias y m\u00e1s de\n50 entrevistas de prensa, con periodistas serios, de la injusticia contra esa\njoven, lesbiana. Ya est\u00e1 libre. Aunque soy beneficiaria del Mecanismo de\nprotecci\u00f3n, sigo litigando y seguir\u00e9 buscando justicia con ayuda de los buenos\nperiodistas&#8211;.<\/p>\n\n\n\n<p class=\"wp-block-paragraph\">Cinco\nvidas alteradas por su profesi\u00f3n. En el foro los acompa\u00f1aron el monero Rap\u00e9,\nMar\u00eda Teresa Ju\u00e1rez del organismo <em>Periodistas de a pie<\/em> quien trat\u00f3 de\nexplicar que tambi\u00e9n significan violencia los refugios para periodistas, los\nsalarios, la precariedad de los empleos y hasta el descr\u00e9dito social; tambi\u00e9n estuvo\nel periodista abogado V\u00edctor Ruiz Arrazola quien insisti\u00f3 en que ya se\nrequieren pol\u00edticas p\u00fablicas de prevenci\u00f3n de agravios y cr\u00edmenes contra\nperiodistas.<\/p>\n\n\n\n<p class=\"wp-block-paragraph\">El\ncolof\u00f3n del abogado y subdirector de Art\u00edculo 19, Leopoldo Maldonado, sintetiz\u00f3\nel reclamo ya generalizado en ese y otros foros para el actual gobierno federal.\nYa es tiempo de una pol\u00edtica p\u00fablica integral en favor de la libertad de expresi\u00f3n\nentre la violencia general, contra la violencia econ\u00f3mica. Pero lo que se ve es\nque les falta voluntad pol\u00edtica y capacidad para entender los asuntos\nestructurales y de fondo. \u00bfHasta cu\u00e1ndo?<\/p>\n","protected":false},"excerpt":{"rendered":"<p>Ya son demasiados periodistas exiliados de su vida\ufeff.<\/p>\n","protected":false},"author":3,"featured_media":8473,"comment_status":"open","ping_status":"open","sticky":false,"template":"","format":"standard","meta":{"_monsterinsights_skip_tracking":false,"footnotes":""},"categories":[690,106,85],"tags":[],"class_list":["post-9361","post","type-post","status-publish","format-standard","has-post-thumbnail","category-690","category-mirada-de-reportero","category-rogelio-hernandez-lopez"],"_links":{"self":[{"href":"https:\/\/redsemlac.com\/semmexico\/wp-json\/wp\/v2\/posts\/9361","targetHints":{"allow":["GET"]}}],"collection":[{"href":"https:\/\/redsemlac.com\/semmexico\/wp-json\/wp\/v2\/posts"}],"about":[{"href":"https:\/\/redsemlac.com\/semmexico\/wp-json\/wp\/v2\/types\/post"}],"author":[{"embeddable":true,"href":"https:\/\/redsemlac.com\/semmexico\/wp-json\/wp\/v2\/users\/3"}],"replies":[{"embeddable":true,"href":"https:\/\/redsemlac.com\/semmexico\/wp-json\/wp\/v2\/comments?post=9361"}],"version-history":[{"count":0,"href":"https:\/\/redsemlac.com\/semmexico\/wp-json\/wp\/v2\/posts\/9361\/revisions"}],"wp:featuredmedia":[{"embeddable":true,"href":"https:\/\/redsemlac.com\/semmexico\/wp-json\/wp\/v2\/media\/8473"}],"wp:attachment":[{"href":"https:\/\/redsemlac.com\/semmexico\/wp-json\/wp\/v2\/media?parent=9361"}],"wp:term":[{"taxonomy":"category","embeddable":true,"href":"https:\/\/redsemlac.com\/semmexico\/wp-json\/wp\/v2\/categories?post=9361"},{"taxonomy":"post_tag","embeddable":true,"href":"https:\/\/redsemlac.com\/semmexico\/wp-json\/wp\/v2\/tags?post=9361"}],"curies":[{"name":"wp","href":"https:\/\/api.w.org\/{rel}","templated":true}]}}