{"id":93609,"date":"2025-03-12T14:52:52","date_gmt":"2025-03-12T20:52:52","guid":{"rendered":"https:\/\/redsemlac.com\/semmexico\/?p=93609"},"modified":"2025-03-12T14:52:53","modified_gmt":"2025-03-12T20:52:53","slug":"tras-la-puerta-del-poder-desconton-trumpiano-desde-la-onu","status":"publish","type":"post","link":"https:\/\/redsemlac.com\/semmexico\/tras-la-puerta-del-poder-desconton-trumpiano-desde-la-onu\/","title":{"rendered":"Tras la puerta del poder | \u00bfDescont\u00f3n\u00a0trumpiano\u00a0desde la ONU?"},"content":{"rendered":"\n<ul class=\"wp-block-list\">\n<li><\/li>\n<\/ul>\n\n\n\n<p class=\"wp-block-paragraph\">Roberto Vizca\u00edno<\/p>\n\n\n\n<p class=\"wp-block-paragraph\">SemM\u00e9xico, Ciudad de M\u00e9xico, 12 de marzo, 2025.- Luego del acto multitudinario del domingo todo iba bien para la presidenta&nbsp;<strong>Claudia Sheinbaum<\/strong>.<\/p>\n\n\n\n<p class=\"wp-block-paragraph\">Los medios todos, y la oposici\u00f3n, ya no hablaron ni del tremendo acarreo ni del moche junto con la torta y el chesco. Eso ya es \u201cnormal\u201d.<\/p>\n\n\n\n<p class=\"wp-block-paragraph\">La atenci\u00f3n se centr\u00f3 en si los l\u00edderes parlamentarios y de la c\u00fapula partidaria del oficialismo hab\u00edan dado la espalda a la presidenta&nbsp;<strong>Claudia Sheinbaum<\/strong>&nbsp;en el mism\u00edsimo Z\u00f3calo, coraz\u00f3n de la Patria.<\/p>\n\n\n\n<p class=\"wp-block-paragraph\">Todo qued\u00f3 en una disculpa en redes sociales y en un comentario sin mayores consecuencias en su ma\u00f1anera.<\/p>\n\n\n\n<p class=\"wp-block-paragraph\">Con su desaire presidencial el senador&nbsp;<strong>Ad\u00e1n Augusto L\u00f3pez<\/strong>, coordinador de la mayor\u00eda senatorial de Morena; el zacatecano&nbsp;<strong>Ricardo Monreal<\/strong>, l\u00edder de la bancada mayoritaria morenista en San L\u00e1zaro; el senador&nbsp;<strong>Manuel Velasco<\/strong>&nbsp;uno de los dirigentes mayores del Verde; el senador&nbsp;<strong>Alejandro Esquer<\/strong>, exsecretario particular de&nbsp;<strong>AMLO<\/strong>&nbsp;y de los pocos con acceso directo al exmandatario:&nbsp;<strong>Luisa Mar\u00eda Alcalde<\/strong>, dirigente nacional de Morena y&nbsp;<strong>Andr\u00e9s \u2018<\/strong><strong><em>Andy<\/em><\/strong><strong>\u2019 L\u00f3pez Beltr\u00e1n<\/strong>,&nbsp;el pr\u00edncipe que lidera la lista del oficialismo para la presidencial del 2030, le robaron a la mandataria la atenci\u00f3n en la narrativa del evento del domingo.<\/p>\n\n\n\n<p class=\"wp-block-paragraph\">Ninguno de ellos se dio cuenta que&nbsp;<strong>Sheinbaum<\/strong>&nbsp;pasaba detr\u00e1s del grupo porque todos estaban m\u00e1s atentos a la foto con el principal prospecto a suceder dentro de 5 a\u00f1os a la mandataria, el mism\u00edsimo hijo de&nbsp;<strong>L\u00f3pez Obrador<\/strong>.<\/p>\n\n\n\n<p class=\"wp-block-paragraph\"><strong>Un \u201c<\/strong><strong><em>mensaje<\/em><\/strong><strong>\u201d inesperado<\/strong><\/p>\n\n\n\n<p class=\"wp-block-paragraph\">As\u00ed iban las cosas hasta que&nbsp;<strong>Cart Weiland<\/strong>, oficial mayor en materia de Defensa en la representaci\u00f3n de EU en la ONU, en una conferencia de prensa, dijo:<\/p>\n\n\n\n<p class=\"wp-block-paragraph\">\u201cEl d\u00eda de ayer -domingo- hubo una gran fiesta en el Z\u00f3calo, de M\u00e9xico\u2026 mucha m\u00fasica, un gran bar.<\/p>\n\n\n\n<p class=\"wp-block-paragraph\">\u201cTal vez todos aplaud\u00edan el final de los \u2018<strong><em>abrazos no balazos<\/em><\/strong>\u2019, pero parece demasiado pronto para celebrar porque hay muchas mujeres y ni\u00f1os asesinados a balazos en lugares como Guanajuato.<\/p>\n\n\n\n<p class=\"wp-block-paragraph\">\u201cEstados Unidos aprecia el enfoque de la se\u00f1ora (<strong>Claudia<\/strong>)&nbsp;<strong>Sheinbaum<\/strong>&nbsp;que plantea al problema\u2026 esperamos que act\u00fae pronto contra los traficantes de drogas, porque el fentanilo est\u00e1 haciendo estragos en la sociedad estadounidense.<\/p>\n\n\n\n<p class=\"wp-block-paragraph\">\u201cEsperamos que ella pueda terminar la instalaci\u00f3n de un equipo de inspecci\u00f3n en la Frontera en Matamoros, y que ella pueda ampliar el sistema&nbsp;<strong><em>E-Trace<\/em><\/strong>&nbsp;-un sistema avanzado de internet de rastreo y an\u00e1lisis de armas de fuego- en todos los estados mexicanos\u2026<\/p>\n\n\n\n<p class=\"wp-block-paragraph\">\u201cA cambio Estadios Unidos har\u00e1 su propio esfuerzo m\u00e1s r\u00e1pido en la administraci\u00f3n de&nbsp;<strong>Donald Trump<\/strong>\u2026 cuando hay problemas debemos ser muy eficientes\u201d, concluy\u00f3.<\/p>\n\n\n\n<p class=\"wp-block-paragraph\">El mensaje incluy\u00f3 la queja de que s\u00f3lo el a\u00f1o pasado en EU murieron por sobredosis 86 mil adictos al fentanilo.<\/p>\n\n\n\n<p class=\"wp-block-paragraph\"><strong>Cart Weiland es parte del Departamento de Estado, que comanda Marco Rubio.<\/strong><\/p>\n\n\n\n<p class=\"wp-block-paragraph\"><strong>\u00bfFue este una advertencia de que no todo est\u00e1 bien con la administraci\u00f3n de Trump? \u00bfQu\u00e9 la presidenta Sheinbaum no debe andar celebrando antes de tiempo?<\/strong><\/p>\n\n\n\n<p class=\"wp-block-paragraph\"><strong><em>Alito<\/em><\/strong><strong>&nbsp;le cobra factura a MC<\/strong><\/p>\n\n\n\n<p class=\"wp-block-paragraph\"><strong>El senador Alejandro \u2018<\/strong><strong><em>Alito<\/em><\/strong><strong>\u2019 Moreno<\/strong>, dirigente nacional del PRI, pregunt\u00f3:<\/p>\n\n\n\n<p class=\"wp-block-paragraph\">\u00bfUn crematorio clandestino en Jalisco? \u00bfUn campo de exterminio operando en las narices del gobierno de Movimiento Ciudadano? \u00bfY EnriqueAlfaroR? \u00bfY DanteDelgado? \u00bfY Alvarez Maynez? \u00a1Silencio absoluto! \u00bfEn serio no sab\u00edan? \u00bf\u2026 o prefirieron voltear a otro lado?<\/p>\n\n\n\n<p class=\"wp-block-paragraph\">Mientras el crimen organizado manda, ellos siguen vendiendo su cuento de la \u201c<em>nueva pol\u00edtica<\/em>\u201d. Puro&nbsp;<em>show<\/em>, pura pose, pura simulaci\u00f3n. \u00a1Den la cara y asuman su responsabilidad! Jalisco se les desmorona y su silencio los hace c\u00f3mplices.<\/p>\n\n\n\n<p class=\"wp-block-paragraph\">Y los de siempre, los que salen a dar discursos, callan y protegen al crimen organizado, indic\u00f3.<\/p>\n\n\n\n<p class=\"wp-block-paragraph\"><strong>Y de paso se lanz\u00f3 contra E-pig-menio<\/strong><\/p>\n\n\n\n<p class=\"wp-block-paragraph\">Ya que andaba con la espada desenvainada, el campechano le recet\u00f3 el siguiente mensaje al camar\u00f3grafo e ide\u00f3logo de la 4T&nbsp;<strong>Epigmenio Ibarra<\/strong>:<\/p>\n\n\n\n<p class=\"wp-block-paragraph\">\u201cEres el vocero m\u00e1s arrastrado de este r\u00e9gimen corrupto,&nbsp;<strong><em>@epigmenioibarra<\/em><\/strong>. Hablas de democracia cuando fuiste c\u00f3mplice del fraude m\u00e1s c\u00ednico de la historia. Se\u00f1alas a la oposici\u00f3n, pero guardas silencio ante la narcopol\u00edtica, la militarizaci\u00f3n y el saqueo descarado del pa\u00eds. Vendes el discurso de la transformaci\u00f3n mientras te enriqueces con el dinero del pueblo.<\/p>\n\n\n\n<p class=\"wp-block-paragraph\">\u201cLa verdadera desesperaci\u00f3n es la de ustedes, que saben que el enga\u00f1o se les cae a pedazos. Les aterra perder el poder porque saben que cuando llegue la justicia, no habr\u00e1 perd\u00f3n ni olvido, pero para ustedes. \u00a1Paga lo que debes, vividor!\u201d<\/p>\n\n\n\n<p class=\"wp-block-paragraph\"><strong>Monreal arremete contra opositores<\/strong><\/p>\n\n\n\n<p class=\"wp-block-paragraph\">Rodeado de un gran n\u00famero de su bancada, el zacatecano Ricardo Monreal subi\u00f3 a tribuna para defender la iniciativa sobre soberan\u00eda.<\/p>\n\n\n\n<p class=\"wp-block-paragraph\">\u201cLo que ahora estamos discutiendo y que aprob\u00f3 ayer la Comisi\u00f3n de Puntos Constitucionales y Seguridad P\u00fablica no tiene precedente en la historia del constitucionalismo mexicano. Y lamentablemente los diputados (de la oposici\u00f3n), sin estudiar, se dedican a descalificar sin argumentos y sin elementos que pudieran elevar el nivel del debate.<\/p>\n\n\n\n<p class=\"wp-block-paragraph\">\u201c\u00bfQu\u00e9 es lo que estamos pretendiendo hacer la mayor\u00eda calificada de este pleno? Modificar dos art\u00edculos de la Constituci\u00f3n. El art\u00edculo 40, que agrega dos p\u00e1rrafos, y el art\u00edculo 19 de la Carta Magna. El art\u00edculo 40 est\u00e1 plasmado en la Constituci\u00f3n desde 1824.<\/p>\n\n\n\n<p class=\"wp-block-paragraph\">\u201cEs voluntad del pueblo mexicano constituirse en una rep\u00fablica representativa, democr\u00e1tica, laica y federal, compuesta por estados libres y soberanos en todo lo concerniente a su r\u00e9gimen interno, y por la Ciudad de M\u00e9xico, unidos en una federaci\u00f3n, establecida seg\u00fan los principios de esta ley fundamental. Y esta disposici\u00f3n, legisladores, tiene 200 a\u00f1os plasmada en la Constituci\u00f3n. S\u00f3lo en 2 ocasiones se ha modificado. Una para incorporar el car\u00e1cter laico de nuestra rep\u00fablica y la otra para incorporar a la Ciudad de M\u00e9xico, atendiendo a su r\u00e9gimen interno.<\/p>\n\n\n\n<p class=\"wp-block-paragraph\">\u201cPor eso es muy importante el debate ideol\u00f3gico, pol\u00edtico e intelectual que debemos imprimirle a esta disposici\u00f3n. No es cualquier cosa ni es una norma jur\u00eddica m\u00e1s que estamos modificando. Vean ustedes el tama\u00f1o de la reforma que nos plantea la presidenta&nbsp;<strong>Claudia Sheinbaum<\/strong>. Ning\u00fan otro presidente se atrevi\u00f3 a plantear una reforma de tal magnitud\u201d, resumi\u00f3<\/p>\n\n\n\n<p class=\"wp-block-paragraph\">\u2026 \/ Twitter: @_Vizcaino \/ Facebook<\/p>\n\n\n\n<p class=\"wp-block-paragraph\">\/&nbsp;<a href=\"https:\/\/www.facebook.com\/rvizcainoa\">https:\/\/www.facebook.com\/rvizcainoa<\/a><\/p>\n","protected":false},"excerpt":{"rendered":"<p>Roberto Vizca\u00edno SemM\u00e9xico, Ciudad de M\u00e9xico, 12 de marzo, 2025.- Luego del acto multitudinario del domingo todo iba bien para la presidenta&nbsp;Claudia Sheinbaum. Los medios todos, y la oposici\u00f3n, ya no hablaron ni del tremendo acarreo ni del moche junto con la torta y el chesco. Eso ya es \u201cnormal\u201d. La atenci\u00f3n se centr\u00f3 en [&hellip;]<\/p>\n","protected":false},"author":3,"featured_media":39589,"comment_status":"open","ping_status":"open","sticky":false,"template":"","format":"standard","meta":{"_monsterinsights_skip_tracking":false,"footnotes":""},"categories":[35,623],"tags":[],"class_list":["post-93609","post","type-post","status-publish","format-standard","has-post-thumbnail","category-opinion","category-roberto-vizcaino"],"_links":{"self":[{"href":"https:\/\/redsemlac.com\/semmexico\/wp-json\/wp\/v2\/posts\/93609","targetHints":{"allow":["GET"]}}],"collection":[{"href":"https:\/\/redsemlac.com\/semmexico\/wp-json\/wp\/v2\/posts"}],"about":[{"href":"https:\/\/redsemlac.com\/semmexico\/wp-json\/wp\/v2\/types\/post"}],"author":[{"embeddable":true,"href":"https:\/\/redsemlac.com\/semmexico\/wp-json\/wp\/v2\/users\/3"}],"replies":[{"embeddable":true,"href":"https:\/\/redsemlac.com\/semmexico\/wp-json\/wp\/v2\/comments?post=93609"}],"version-history":[{"count":0,"href":"https:\/\/redsemlac.com\/semmexico\/wp-json\/wp\/v2\/posts\/93609\/revisions"}],"wp:featuredmedia":[{"embeddable":true,"href":"https:\/\/redsemlac.com\/semmexico\/wp-json\/wp\/v2\/media\/39589"}],"wp:attachment":[{"href":"https:\/\/redsemlac.com\/semmexico\/wp-json\/wp\/v2\/media?parent=93609"}],"wp:term":[{"taxonomy":"category","embeddable":true,"href":"https:\/\/redsemlac.com\/semmexico\/wp-json\/wp\/v2\/categories?post=93609"},{"taxonomy":"post_tag","embeddable":true,"href":"https:\/\/redsemlac.com\/semmexico\/wp-json\/wp\/v2\/tags?post=93609"}],"curies":[{"name":"wp","href":"https:\/\/api.w.org\/{rel}","templated":true}]}}