{"id":93587,"date":"2025-03-11T14:29:21","date_gmt":"2025-03-11T20:29:21","guid":{"rendered":"https:\/\/redsemlac.com\/semmexico\/?p=93587"},"modified":"2025-03-11T14:39:50","modified_gmt":"2025-03-11T20:39:50","slug":"cumbre-de-lideres-mexicanas-en-accion-esta-en-nueva-york-hacer-visibles-avances-y-desafios-de-las-mexicanas-a-30-anos-de-beijing","status":"publish","type":"post","link":"https:\/\/redsemlac.com\/semmexico\/cumbre-de-lideres-mexicanas-en-accion-esta-en-nueva-york-hacer-visibles-avances-y-desafios-de-las-mexicanas-a-30-anos-de-beijing\/","title":{"rendered":"Cumbre de L\u00edderes Mexicanas en Acci\u00f3n est\u00e1 en Nueva York: hacer visibles avances y desaf\u00edos de las mexicanas a 30 a\u00f1os de Beijing"},"content":{"rendered":"\n<p class=\"wp-block-paragraph\">Se posicionar\u00e1 el liderazgo de las mexicanas en la agenda internacional<\/p>\n\n\n\n<p class=\"wp-block-paragraph\">84&nbsp; mujeres de todos los sectores constituyen L\u00edderes Mexicanas en Acci\u00f3n<\/p>\n\n\n\n<p class=\"wp-block-paragraph\">Redacci\u00f3n<\/p>\n\n\n\n<p class=\"wp-block-paragraph\">SemM\u00e9xico, 11 de marzo de 2025.- Como parte de las actividades del 69 periodo de sesiones de la Comisi\u00f3n de la Condici\u00f3n Jur\u00eddica y Social de la Mujer de Naciones Unidas (CSW69), en Nueva York, comenz\u00f3 este lunes la Cumbre de L\u00edderes Mexicanas en Acci\u00f3n.&nbsp;<\/p>\n\n\n\n<p class=\"wp-block-paragraph\">Hasta el pr\u00f3ximo 14 de marzo habr\u00e1 diversas sesiones de trabajo con temas como: la participaci\u00f3n pol\u00edtica y econ\u00f3mica de las mujeres; el acceso a la educaci\u00f3n y la tecnolog\u00eda; la prevenci\u00f3n de la violencia de g\u00e9nero; la equidad en el \u00e1mbito laboral, y el fortalecimiento de redes de colaboraci\u00f3n.<\/p>\n\n\n\n<p class=\"wp-block-paragraph\">La Cumbre de L\u00edderes Mexicanas, que re\u00fane a 84 destacadas mujeres de los sectores gubernamental, empresarial, acad\u00e9mico, social y de la sociedad civil, se realiza para visibilizar los avances y desaf\u00edos en materia de igualdad de g\u00e9nero en M\u00e9xico, as\u00ed como para posicionar el liderazgo de las mexicanas en la agenda internacional.<\/p>\n\n\n\n<p class=\"wp-block-paragraph\">Asimismo, la Cumbre busca generar estrategias y compromisos concretos que favorezcan el avance de los derechos de las mujeres y ni\u00f1as en nuestro pa\u00eds y a nivel global. En la ONU colaborar\u00e1n para desarrollar pol\u00edticas p\u00fablicas en esta hora de las mujeres.<\/p>\n\n\n\n<p class=\"wp-block-paragraph\">Entre las asistentes a esta Cumbre y a la reuni\u00f3n internacional est\u00e1 Olimpia Coral, impulsora de la \u201cLey Olimpia\u201d -que estipula como delito la violencia digital contra las mujeres-, y reconocida por la revista Time como una de las 100 personas m\u00e1s influyentes del mundo.<\/p>\n\n\n\n<p class=\"wp-block-paragraph\">Asimismo, participar\u00e1n Marcelina Bautista, activista por los derechos laborales de las trabajadoras del hogar; la secretaria de las Mujeres del gobierno de M\u00e9xico, Citlalli Hern\u00e1ndez; Mara Lezama, gobernadora de Quintana Roo; y Marina Carrillo D\u00edaz, activista y defensora de la lengua y cultura huichol, adem\u00e1s de invitadas e invitados especiales.<\/p>\n\n\n\n<p class=\"wp-block-paragraph\">El equipo organizador de L\u00edderes Mexicanas en Acci\u00f3n est\u00e1 encabezado por Mari Rouss Villegas, presidenta de la Fundaci\u00f3n MGAS, A. C. y directora de RP y DEI en Hogan Lovells M\u00e9xico; Norma Contreras, activista y defensora de derechos humanos; Alexia Cortez, abogada y fundadora del colectivo Mujeres que Mueven al Mundo; Andrea Le\u00f3n Garc\u00eda, creadora de <em>The Red Flamingo<\/em>, y Gabriela de la Torre Mercado, fundadora de M\u00e9xico Sonr\u00ede y creadora del Trenzat\u00f3n.&nbsp;<\/p>\n\n\n\n<p class=\"wp-block-paragraph\">La CSW se celebra cada a\u00f1o y es la mayor reuni\u00f3n mundial de representantes de la sociedad civil, el empresariado, funcionarias y funcionarios responsables de pol\u00edticas p\u00fablicas y especialistas en materia de igualdad de g\u00e9nero, a fin de acordar medidas para transformar la vida de las mujeres y las ni\u00f1as en el mundo.<\/p>\n\n\n\n<p class=\"wp-block-paragraph\">Es de destacar adem\u00e1s que este a\u00f1o, en la sede de Naciones Unidas, se hace un balance a 30 a\u00f1os de la IV Conferencia Mundial de la Mujer que se realiz\u00f3 en Beijing&nbsp; en 1995.<\/p>\n\n\n\n<p class=\"wp-block-paragraph\">\ud83d\udc46\ud83c\udffb<\/p>\n","protected":false},"excerpt":{"rendered":"<p>Se posicionar\u00e1 el liderazgo de las mexicanas en la agenda internacional 84&nbsp; mujeres de todos los sectores constituyen L\u00edderes Mexicanas en Acci\u00f3n Redacci\u00f3n SemM\u00e9xico, 11 de marzo de 2025.- Como parte de las actividades del 69 periodo de sesiones de la Comisi\u00f3n de la Condici\u00f3n Jur\u00eddica y Social de la Mujer de Naciones Unidas (CSW69), [&hellip;]<\/p>\n","protected":false},"author":3,"featured_media":93588,"comment_status":"open","ping_status":"open","sticky":false,"template":"","format":"standard","meta":{"_monsterinsights_skip_tracking":false,"footnotes":""},"categories":[897],"tags":[],"class_list":["post-93587","post","type-post","status-publish","format-standard","has-post-thumbnail","category-especial"],"_links":{"self":[{"href":"https:\/\/redsemlac.com\/semmexico\/wp-json\/wp\/v2\/posts\/93587","targetHints":{"allow":["GET"]}}],"collection":[{"href":"https:\/\/redsemlac.com\/semmexico\/wp-json\/wp\/v2\/posts"}],"about":[{"href":"https:\/\/redsemlac.com\/semmexico\/wp-json\/wp\/v2\/types\/post"}],"author":[{"embeddable":true,"href":"https:\/\/redsemlac.com\/semmexico\/wp-json\/wp\/v2\/users\/3"}],"replies":[{"embeddable":true,"href":"https:\/\/redsemlac.com\/semmexico\/wp-json\/wp\/v2\/comments?post=93587"}],"version-history":[{"count":0,"href":"https:\/\/redsemlac.com\/semmexico\/wp-json\/wp\/v2\/posts\/93587\/revisions"}],"wp:featuredmedia":[{"embeddable":true,"href":"https:\/\/redsemlac.com\/semmexico\/wp-json\/wp\/v2\/media\/93588"}],"wp:attachment":[{"href":"https:\/\/redsemlac.com\/semmexico\/wp-json\/wp\/v2\/media?parent=93587"}],"wp:term":[{"taxonomy":"category","embeddable":true,"href":"https:\/\/redsemlac.com\/semmexico\/wp-json\/wp\/v2\/categories?post=93587"},{"taxonomy":"post_tag","embeddable":true,"href":"https:\/\/redsemlac.com\/semmexico\/wp-json\/wp\/v2\/tags?post=93587"}],"curies":[{"name":"wp","href":"https:\/\/api.w.org\/{rel}","templated":true}]}}