{"id":93525,"date":"2025-03-10T15:48:05","date_gmt":"2025-03-10T21:48:05","guid":{"rendered":"https:\/\/redsemlac.com\/semmexico\/?p=93525"},"modified":"2025-03-10T15:51:20","modified_gmt":"2025-03-10T21:51:20","slug":"ine-preserva-la-memoria-historica-de-la-participacion-politica-de-las-mujeres","status":"publish","type":"post","link":"https:\/\/redsemlac.com\/semmexico\/ine-preserva-la-memoria-historica-de-la-participacion-politica-de-las-mujeres\/","title":{"rendered":"INE preserva la memoria hist\u00f3rica de la participaci\u00f3n pol\u00edtica de las mujeres"},"content":{"rendered":"\n<ul class=\"wp-block-list\">\n<li>Suman documentos a la urna conmemorativa que realizan junto con el Archivo General de la Naci\u00f3n<\/li>\n\n\n\n<li>Significa dejar huella, sembrar esperanza en las futuras generaciones: Humphrey<\/li>\n<\/ul>\n\n\n\n<p class=\"wp-block-paragraph\">Redacci\u00f3n<\/p>\n\n\n\n<p class=\"wp-block-paragraph\">SemM\u00e9xico, Ciudad de M\u00e9xico, 10 de marzo, 2025.- El Instituto Nacional Electoral, INE, sum\u00f3 a la \u201cUrna Conmemorativa\u201d&nbsp;<em>Memoria de la Participaci\u00f3n Pol\u00edtica de las Mujeres en M\u00e9xico<\/em> la documentaci\u00f3n de los acontecimientos que han marcado un avance en los derechos pol\u00edtico-electorales y as\u00ed consolidar el compromiso de preservar la memoria hist\u00f3rica de esta participaci\u00f3n, como parte de la conmemoraci\u00f3n del D\u00eda Internacional de la Mujer.<\/p>\n\n\n\n<p class=\"wp-block-paragraph\">En septiembre de 2014, el INE, junto con el Archivo General de la Naci\u00f3n conformaron la \u201cUrna Conmemorativa\u201d, como s\u00edmbolo de una c\u00e1psula del tiempo de g\u00e9nero, para examinar en un futuro los progresos realizados para conseguir la igualdad entre hombres y mujeres.<\/p>\n\n\n\n<p class=\"wp-block-paragraph\">En octubre de 2025 se encapsular\u00e1n los documentos que depositaron hoy diversas instituciones en el INE y se sumar\u00e1n a los 88 existentes que enlazan los a\u00f1os 1953 a la actualidad y se abrir\u00e1 en el a\u00f1o 2053, en el marco del centenario de la promulgaci\u00f3n del voto de la mujer.<\/p>\n\n\n\n<p class=\"wp-block-paragraph\">Este evento \u201ctiene el prop\u00f3sito de dar continuidad al compromiso de documentar y dejar testimonio del recorrido que hemos tenido en torno a los derechos pol\u00edticos y electorales de las mujeres en nuestro pa\u00eds\u201d, sostuvo la consejera presidenta, Guadalupe Taddei Zavala.<\/p>\n\n\n\n<p class=\"wp-block-paragraph\">Los derechos pol\u00edticos y electorales de las mujeres son una causa que hermana no s\u00f3lo al interior del pa\u00eds, sino a nivel internacional, a\u00f1adi\u00f3, \u201cporque los derechos de las mujeres son derechos humanos y cualquier vulneraci\u00f3n a los mismos, es una vulneraci\u00f3n a la dignidad humana\u201d.<\/p>\n\n\n\n<p class=\"wp-block-paragraph\">Como herederas de esta lucha, dijo, \u201ctenemos el deber de conservar la memoria hist\u00f3rica y documentar el recorrido que hemos hecho para que, a partir de ello, las generaciones futuras puedan seguir caminando en la construcci\u00f3n de una democracia paritaria e inclusiva, porque la nuestra es una carrera de relevos generacionales\u201d, agreg\u00f3.<\/p>\n\n\n\n<p class=\"wp-block-paragraph\"><\/p>\n\n\n\n<p class=\"wp-block-paragraph\"><strong><em>Actualizaci\u00f3n de la Urna Conmemorativa<\/em><\/strong><\/p>\n\n\n\n<p class=\"wp-block-paragraph\">En seguida, se realiz\u00f3 el Acto Protocolario del inicio de dep\u00f3sito de los documentos para la actualizaci\u00f3n de la Urna Conmemorativa 2025.<\/p>\n\n\n\n<p class=\"wp-block-paragraph\">Fue la consejera Carla Humphrey Jordan, la que se encarg\u00f3 de la remembranza sobre la participaci\u00f3n pol\u00edtica de las mujeres. La urna, apunt\u00f3, significa dejar huella, sembrar esperanza en las futuras generaciones que continuar\u00e1n ejerciendo el voto y sus derechos pol\u00edticos y electorales, pero sobre todo hizo votos poque contin\u00faen la defensa de la progresividad de estos derechos.<\/p>\n\n\n\n<p class=\"wp-block-paragraph\">La consejera Norma De la Cruz detall\u00f3 que la urna como acervo hist\u00f3rico, incluir\u00e1 las reformas constitucionales de paridad y en materia de violencia pol\u00edtica contra las mujeres, as\u00ed como los acuerdos del INE que garantizan la aplicaci\u00f3n de estos derechos y que han colocado a M\u00e9xico como pionero.<\/p>\n\n\n\n<p class=\"wp-block-paragraph\">En la urna se depositaron la publicaci\u00f3n en el Diario Oficial de la Federaci\u00f3n de la Reforma Constitucional en materia de igualdad sustantiva; la fotograf\u00eda de la toma de protesta de la Presidenta Claudia Sheinbaum Pardo; el cuadernillo \u201cAvances Legislativos para el reconocimientos de los derechos humanos de las mujeres 2018-20252\u201d, del Senado de la Rep\u00fablica; el bando solemne de la C\u00e1mara de Diputados para dar a conocer en toda la Rep\u00fablica la declaraci\u00f3n de Presidenta Electa de Claudia Sheinbaum, entre otros.<\/p>\n\n\n\n<p class=\"wp-block-paragraph\">Al evento tambi\u00e9n asistieron la consejera Dania Ravel y los consejeros Arturo Castillo y Jorge Monta\u00f1o, as\u00ed como las y los integrantes de la Junta General Ejecutiva.<\/p>\n\n\n\n<p class=\"wp-block-paragraph\">En el Auditorio del INE, acompa\u00f1ada de la Secretaria de Gobernaci\u00f3n, Rosa Icela Rodr\u00edguez Vel\u00e1zquez; de los presidentes de las Mesas Directivas de las C\u00e1maras de Senadores y Diputados, Jos\u00e9 Gerardo Rodolfo Fern\u00e1ndez Noro\u00f1a y Sergio Carlos Guti\u00e9rrez Luna, respectivamente; del titular de la Fiscal\u00eda Especializada en Materia de Delitos Electorales, Facundo Santill\u00e1n Juli\u00e1n, as\u00ed como de las Consejeras Carla Humphrey, Claudia Zavala, Norma De la Cruz y Rita Bell L\u00f3pez, Taddei Zavala subray\u00f3 los avances de diversos movimientos que han luchado por el reconocimiento y ejercicio pleno de los derechos pol\u00edticos y electorales de las mujeres, los retos y temas pendientes.<\/p>\n","protected":false},"excerpt":{"rendered":"<p>Redacci\u00f3n SemM\u00e9xico, Ciudad de M\u00e9xico, 10 de marzo, 2025.- El Instituto Nacional Electoral, INE, sum\u00f3 a la \u201cUrna Conmemorativa\u201d&nbsp;Memoria de la Participaci\u00f3n Pol\u00edtica de las Mujeres en M\u00e9xico la documentaci\u00f3n de los acontecimientos que han marcado un avance en los derechos pol\u00edtico-electorales y as\u00ed consolidar el compromiso de preservar la memoria hist\u00f3rica de esta participaci\u00f3n, [&hellip;]<\/p>\n","protected":false},"author":3,"featured_media":93526,"comment_status":"open","ping_status":"open","sticky":false,"template":"","format":"standard","meta":{"_monsterinsights_skip_tracking":false,"footnotes":""},"categories":[205],"tags":[],"class_list":["post-93525","post","type-post","status-publish","format-standard","has-post-thumbnail","category-8-de-marzo"],"_links":{"self":[{"href":"https:\/\/redsemlac.com\/semmexico\/wp-json\/wp\/v2\/posts\/93525","targetHints":{"allow":["GET"]}}],"collection":[{"href":"https:\/\/redsemlac.com\/semmexico\/wp-json\/wp\/v2\/posts"}],"about":[{"href":"https:\/\/redsemlac.com\/semmexico\/wp-json\/wp\/v2\/types\/post"}],"author":[{"embeddable":true,"href":"https:\/\/redsemlac.com\/semmexico\/wp-json\/wp\/v2\/users\/3"}],"replies":[{"embeddable":true,"href":"https:\/\/redsemlac.com\/semmexico\/wp-json\/wp\/v2\/comments?post=93525"}],"version-history":[{"count":0,"href":"https:\/\/redsemlac.com\/semmexico\/wp-json\/wp\/v2\/posts\/93525\/revisions"}],"wp:featuredmedia":[{"embeddable":true,"href":"https:\/\/redsemlac.com\/semmexico\/wp-json\/wp\/v2\/media\/93526"}],"wp:attachment":[{"href":"https:\/\/redsemlac.com\/semmexico\/wp-json\/wp\/v2\/media?parent=93525"}],"wp:term":[{"taxonomy":"category","embeddable":true,"href":"https:\/\/redsemlac.com\/semmexico\/wp-json\/wp\/v2\/categories?post=93525"},{"taxonomy":"post_tag","embeddable":true,"href":"https:\/\/redsemlac.com\/semmexico\/wp-json\/wp\/v2\/tags?post=93525"}],"curies":[{"name":"wp","href":"https:\/\/api.w.org\/{rel}","templated":true}]}}