{"id":93522,"date":"2025-03-10T15:40:41","date_gmt":"2025-03-10T21:40:41","guid":{"rendered":"https:\/\/redsemlac.com\/semmexico\/?p=93522"},"modified":"2025-03-10T15:40:42","modified_gmt":"2025-03-10T21:40:42","slug":"hasta-hoy-ningun-pais-ha-logrado-la-igualdad-de-genero-onu","status":"publish","type":"post","link":"https:\/\/redsemlac.com\/semmexico\/hasta-hoy-ningun-pais-ha-logrado-la-igualdad-de-genero-onu\/","title":{"rendered":"Hasta hoy ning\u00fan pa\u00eds ha logrado la igualdad de g\u00e9nero: ONU"},"content":{"rendered":"\n<ul class=\"wp-block-list\">\n<li>El organismo internacional llama a las naciones parte a la acci\u00f3n y plantea algunos requisitos<\/li>\n\n\n\n<li>La sobrecarga del trabajo de cuidados en las mujeres, uno de los principales obst\u00e1culos para avanzar<\/li>\n<\/ul>\n\n\n\n<p class=\"wp-block-paragraph\">SemM\u00e9xico, Ciudad de M\u00e9xico, 10 de marzo, 2025<em>.-&nbsp;<\/em><strong>Hasta ahora, ning\u00fan pa\u00eds ha logrado la igualdad de g\u00e9nero. Si no actuamos ya, tardaremos 300 a\u00f1os para lograr la igualdad y 137 a\u00f1os en erradicar la pobreza extrema de las mujeres a nivel global.<\/strong><\/p>\n\n\n\n<p class=\"wp-block-paragraph\">As\u00ed lo se\u00f1al\u00f3 la ONU, en el marco del D\u00eda Internacional de la Mujer y a 30 a\u00f1os de la&nbsp;<strong>Declaraci\u00f3n y Plataforma de Acci\u00f3n de Beijing<\/strong>, al hacer un llamado a las naciones a hacer eco del compromiso de los pa\u00edses para hacer realidad los derechos, la igualdad de g\u00e9nero y el empoderamiento de todas las mujeres y ni\u00f1as.&nbsp;<\/p>\n\n\n\n<p class=\"wp-block-paragraph\">La ONU propone una serie de acciones para alcanzar la igualdad y plantea exigencias a las naciones parte, as\u00ed como un llamado a la acci\u00f3n,<\/p>\n\n\n\n<p class=\"wp-block-paragraph\"><br>En el mundo,&nbsp;<strong>la sobrecarga del trabajo de cuidados en las mujeres es uno de los principales obst\u00e1culos para avanzar en la igualdad de g\u00e9nero<\/strong>; las mujeres dedican el triple de tiempo que los hombres a estas actividades.<\/p>\n\n\n\n<p class=\"wp-block-paragraph\">En M\u00e9xico, existen 23.8 millones de mujeres de 15 a\u00f1os y m\u00e1s que brindan cuidados en el hogar y en otros hogares, comparado con 7.9 millones de hombres en esta labor. &nbsp;Esto impacta en la participaci\u00f3n de las mujeres en el mercado laboral, que se reduce del 56.6 por ciento al 50.3 por ciento cuando tienen que cuidar a infancias o a personas con discapacidad.<br><br>Si queremos alcanzar la igualdad sustantiva, necesitamos:<\/p>\n\n\n\n<p class=\"wp-block-paragraph\"><strong>Redistribuir las responsabilidades de los cuidados<\/strong>&nbsp;para reducir la sobrecarga en las mujeres e incrementar el bienestar de todas las personas.&nbsp;<strong>Invertir en espacios y servicios de cuidados inclusivos, seguros y accesibles, <\/strong>incluyendo una vivienda adecuada, para todas las mujeres y sin discriminaci\u00f3n, como una inversi\u00f3n redituable para transformar las econom\u00edas de los pa\u00edses.<br>&nbsp;<\/p>\n\n\n\n<p class=\"wp-block-paragraph\"><strong>Eliminar toda violencia contra mujeres y ni\u00f1as:<\/strong>&nbsp;que la pol\u00edtica de \u201cviolencia cero\u201d contra las mujeres y las ni\u00f1as reciba el financiamiento e impulso que asegure su implementaci\u00f3n efectiva, incluyendo el acceso a servicios fundamentales de respuesta a la violencia sin discriminaci\u00f3n ni obst\u00e1culos, y con el fin \u00faltimo de garantizar su derecho a vivir una vida libre de violencias.&nbsp;<strong>En M\u00e9xico, 7 de cada 10 mujeres han experimentado violencia al menos una vez en su vida<\/strong>.<br>&nbsp;<\/p>\n\n\n\n<p class=\"wp-block-paragraph\"><strong>Garantizar paridad en espacios para la toma de decisiones:<\/strong>&nbsp;la participaci\u00f3n de las mujeres en la pol\u00edtica es esencial para lograr mejores resultados; llevar la voz y las soluciones creativas de todas las personas es el punto de inicio para lograr los mejores resultados.<br>&nbsp;<\/p>\n\n\n\n<p class=\"wp-block-paragraph\"><strong>Poner a mujeres y ni\u00f1as al centro de las soluciones clim\u00e1ticas<\/strong>: garantizar su acceso a la propiedad, a trabajos verdes y a oportunidades de liderazgo hacia un futuro sostenible, as\u00ed como dise\u00f1ar pol\u00edticas p\u00fablicas de adaptaci\u00f3n al cambio clim\u00e1tico con enfoque de g\u00e9nero.&nbsp; S\u00f3lo 55 pa\u00edses integran medidas con perspectiva de g\u00e9nero y s\u00f3lo 23 las reconocen como agentes de cambio.<br>&nbsp;<\/p>\n\n\n\n<p class=\"wp-block-paragraph\"><strong>Generar empleos formales y de calidad para las mujeres:<\/strong>&nbsp;la igualdad de g\u00e9nero y el empoderamiento econ\u00f3mico de las mujeres son cruciales para el desarrollo sostenible de los pa\u00edses. Cerrar las brechas salariales y eliminar la doble o triple jornada que afecta a las mujeres es fundamental para alcanzar la igualdad.<br>&nbsp;<\/p>\n\n\n\n<p class=\"wp-block-paragraph\"><strong>Cerrar la brecha digital:&nbsp;<\/strong>que la tecnolog\u00eda deje de ser un medio de exclusi\u00f3n y sea una fuerza para alcanzar la igualdad.<\/p>\n\n\n\n<p class=\"wp-block-paragraph\">&nbsp;<br>Las mujeres y las ni\u00f1as constituyen la mitad de la poblaci\u00f3n mundial y, por lo mismo, la mitad de su potencial. Adem\u00e1s, est\u00e1 demostrado que el empoderamiento de las mujeres estimula la productividad y el crecimiento econ\u00f3mico.<br>&nbsp;<br><strong>Avances por la igualdad de g\u00e9nero en M\u00e9xico<\/strong><br>&nbsp;<br>En 2024, M\u00e9xico eligi\u00f3 a Claudia Sheinbaum como la primera presidenta de la Rep\u00fablica en su historia. Adem\u00e1s, el pa\u00eds ha alcanzado la paridad pol\u00edtica en los poderes legislativos federal y locales, donde las mujeres ocupan el 50% o m\u00e1s de los puestos de representaci\u00f3n. El n\u00famero de estados gobernados por mujeres increment\u00f3 de 9 a 13, lo cual es significativo, considerando que, antes de 2018, M\u00e9xico s\u00f3lo contaba con 7 mujeres gobernadoras.<br>&nbsp;<br>Por su parte, el paquete de reformas en igualdad sustantiva promovido por la Presidenta&nbsp;<strong>marca un antes y un despu\u00e9s en la defensa y garant\u00eda de los derechos humanos de las mujeres en M\u00e9xico.<\/strong><br>&nbsp;<br><strong>Llamado a la acci\u00f3n<\/strong><br>&nbsp;<br>Este 8 de marzo, el lema&nbsp;<strong>\u201cPara todas las mujeres y ni\u00f1as: derechos, igualdad y empoderamiento<\/strong>\u201d, convoca a todos los sectores y personas a tomar acciones decisivas para impulsar la igualdad de g\u00e9nero a favor del desarrollo sostenible para todas las personas.<br>&nbsp;<br>Desde Naciones Unidas, hacemos un llamado a los gobiernos, a las organizaciones de empleadores y de personas trabajadoras, al sector privado, a los organismos internacionales y de cooperaci\u00f3n, a los medios de comunicaci\u00f3n y a la sociedad, a:&nbsp;<\/p>\n\n\n\n<p class=\"wp-block-paragraph\"><strong>Exigir y apoyar pol\u00edticas p\u00fablicas que promuevan la igualdad de g\u00e9nero<\/strong>, participando en iniciativas que impulsen el acceso de las mujeres, en toda su diversidad y sin discriminaci\u00f3n, a educaci\u00f3n, empleo, liderazgo y a vidas libres de violencia.<br>&nbsp;<\/p>\n\n\n\n<p class=\"wp-block-paragraph\"><strong>Promover la participaci\u00f3n de mujeres en todos los sectores<\/strong>, desde la pol\u00edtica hasta la ciencia y la econom\u00eda, apoyando su presencia en espacios de liderazgo y toma de decisiones.<br>&nbsp;<\/p>\n\n\n\n<p class=\"wp-block-paragraph\"><strong>Impulsar la reorganizaci\u00f3n de los cuidados<\/strong>, implementando estrategias y acciones que fomenten la corresponsabilidad en los cuidados entre mujeres y hombres y dentro de las familias, los centros de conocimiento, los centros de trabajo, las comunidades y las instituciones del Estado.<br>&nbsp;<\/p>\n\n\n\n<p class=\"wp-block-paragraph\"><strong>Visibilizar y amplificar las voces de los movimientos de mujeres y activistas<\/strong>&nbsp;que trabajan por la igualdad de g\u00e9nero, el empoderamiento de las mujeres, la prevenci\u00f3n y la eliminaci\u00f3n de todas las formas de violencia contra las mujeres y las ni\u00f1as.<\/p>\n\n\n\n<p class=\"wp-block-paragraph\">Mensaje del secretario general de la ONU: https:\/\/www.youtube.com\/watch?v=Q9iDu7rr-TU<\/p>\n","protected":false},"excerpt":{"rendered":"<p>SemM\u00e9xico, Ciudad de M\u00e9xico, 10 de marzo, 2025.-&nbsp;Hasta ahora, ning\u00fan pa\u00eds ha logrado la igualdad de g\u00e9nero. Si no actuamos ya, tardaremos 300 a\u00f1os para lograr la igualdad y 137 a\u00f1os en erradicar la pobreza extrema de las mujeres a nivel global. As\u00ed lo se\u00f1al\u00f3 la ONU, en el marco del D\u00eda Internacional de la [&hellip;]<\/p>\n","protected":false},"author":3,"featured_media":93523,"comment_status":"open","ping_status":"open","sticky":false,"template":"","format":"standard","meta":{"_monsterinsights_skip_tracking":false,"footnotes":""},"categories":[205],"tags":[],"class_list":["post-93522","post","type-post","status-publish","format-standard","has-post-thumbnail","category-8-de-marzo"],"_links":{"self":[{"href":"https:\/\/redsemlac.com\/semmexico\/wp-json\/wp\/v2\/posts\/93522","targetHints":{"allow":["GET"]}}],"collection":[{"href":"https:\/\/redsemlac.com\/semmexico\/wp-json\/wp\/v2\/posts"}],"about":[{"href":"https:\/\/redsemlac.com\/semmexico\/wp-json\/wp\/v2\/types\/post"}],"author":[{"embeddable":true,"href":"https:\/\/redsemlac.com\/semmexico\/wp-json\/wp\/v2\/users\/3"}],"replies":[{"embeddable":true,"href":"https:\/\/redsemlac.com\/semmexico\/wp-json\/wp\/v2\/comments?post=93522"}],"version-history":[{"count":0,"href":"https:\/\/redsemlac.com\/semmexico\/wp-json\/wp\/v2\/posts\/93522\/revisions"}],"wp:featuredmedia":[{"embeddable":true,"href":"https:\/\/redsemlac.com\/semmexico\/wp-json\/wp\/v2\/media\/93523"}],"wp:attachment":[{"href":"https:\/\/redsemlac.com\/semmexico\/wp-json\/wp\/v2\/media?parent=93522"}],"wp:term":[{"taxonomy":"category","embeddable":true,"href":"https:\/\/redsemlac.com\/semmexico\/wp-json\/wp\/v2\/categories?post=93522"},{"taxonomy":"post_tag","embeddable":true,"href":"https:\/\/redsemlac.com\/semmexico\/wp-json\/wp\/v2\/tags?post=93522"}],"curies":[{"name":"wp","href":"https:\/\/api.w.org\/{rel}","templated":true}]}}