{"id":93519,"date":"2025-03-10T15:34:38","date_gmt":"2025-03-10T21:34:38","guid":{"rendered":"https:\/\/redsemlac.com\/semmexico\/?p=93519"},"modified":"2025-03-10T15:34:39","modified_gmt":"2025-03-10T21:34:39","slug":"obtienen-su-libertad-condicionada-mujeres-recluidas-en-el-cefereso-16","status":"publish","type":"post","link":"https:\/\/redsemlac.com\/semmexico\/obtienen-su-libertad-condicionada-mujeres-recluidas-en-el-cefereso-16\/","title":{"rendered":"Obtienen su libertad condicionada mujeres, recluidas en el Cefereso 16"},"content":{"rendered":"\n<ul class=\"wp-block-list\">\n<li>La asociaci\u00f3n civil Justicia y Dignidad con Libertad pag\u00f3 la reparaci\u00f3n del da\u00f1o<\/li>\n\n\n\n<li>Intervinieron en el proceso la Secretar\u00eda de las Mujeres y de Seguridad y Protecci\u00f3n Ciudadana<\/li>\n<\/ul>\n\n\n\n<p class=\"wp-block-paragraph\">Redacci\u00f3n<\/p>\n\n\n\n<p class=\"wp-block-paragraph\">SemM\u00e9xico, Ciudad de M\u00e9xico, 10 de marzo, 2025.- Cinco mujeres privadas de la libertad en el Centro Federal de Reinserci\u00f3n Social (CEFERESO) No. 16 CPS, ubicado en Morelos, obtuvieran su libertad condicionada, mediante un programa de colaboraci\u00f3n institucional que busca beneficiar a mujeres en reclusi\u00f3n en condiciones de vulnerabilidad y que no cuentan con una defensa adecuada.<\/p>\n\n\n\n<p class=\"wp-block-paragraph\">As\u00ed se inform\u00f3 en un comunicado de prensa en el que se se\u00f1ala que en este proceso participaron la Secretar\u00eda de Seguridad y Protecci\u00f3n Ciudadana (SSPC), a trav\u00e9s del \u00d3rgano Administrativo Desconcentrado Prevenci\u00f3n y Reinserci\u00f3n Social (PRS), la Secretar\u00eda de las Mujeres y la fundaci\u00f3n Justicia y Dignidad con Libertad A.C.<\/p>\n\n\n\n<p class=\"wp-block-paragraph\">El pasado viernes se realizaron&nbsp; las audiencias de Rebeca \u201cN\u201d, Daniela \u201cN\u201d, Mar\u00eda Berenice \u201cN\u201d, Luz Adriana \u201cN\u201d y Zuremi \u201cN\u201d, ante un juez de ejecuci\u00f3n Penal Federal del Estado de Morelos, donde obtuvieron su libertad condicionada, derivado de una firma de colaboraci\u00f3n entre las autoridades y la fundaci\u00f3n Justicia y Dignidad con Libertad A.C.<\/p>\n\n\n\n<p class=\"wp-block-paragraph\">La asociaci\u00f3n civil cubri\u00f3 el pago de multas por reparaci\u00f3n de da\u00f1os, de un total de 40 mil 833 pesos, lo que les imped\u00eda obtener su libertad despu\u00e9s de cumplir con el tiempo de reclusi\u00f3n por delitos de bajo impacto.<\/p>\n\n\n\n<p class=\"wp-block-paragraph\">Las personas beneficiarias fueron seleccionadas al estar en situaci\u00f3n de vulnerabilidad por falta de recursos econ\u00f3micos y no contar con una defensa adecuada, adem\u00e1s de tener buena conducta en reclusi\u00f3n, haber recibido apoyo psicol\u00f3gico y participar en actividades culturales, deportivas y educativas que permiten su reinserci\u00f3n en la sociedad. &nbsp;<\/p>\n\n\n\n<p class=\"wp-block-paragraph\">Las cinco mujeres que obtuvieron su libertad agradecieron las atenciones y apoyo de las autoridades y tuvieron una emotiva despedida al salir del centro epenitenciario, donde personal de la Secretar\u00eda de las Mujeres les brind\u00f3 asesor\u00eda sobre los programas de apoyo del gobierno hacia las mujeres, con el fin de garantizar su adecuada reinserci\u00f3n.<\/p>\n\n\n\n<p class=\"wp-block-paragraph\">La fundaci\u00f3n Justicia y Dignidad con Libertad A.C. tiene por objetivo ayudar a las personas privadas de su libertad con escasos recursos econ\u00f3micos, a quienes brinda apoyo jur\u00eddico gratuito, as\u00ed como acompa\u00f1amiento. Adem\u00e1s, ofrecer\u00e1 oportunidades de empleo a las personas que fueron beneficiadas. Es por ello que, en colaboraci\u00f3n con las autoridades penitenciarias, busca dar continuidad a este proyecto para ayudar a que m\u00e1s mujeres transformen sus vidas al obtener su libertad.<\/p>\n\n\n\n<p class=\"wp-block-paragraph\">SEM\/sj<\/p>\n","protected":false},"excerpt":{"rendered":"<p>Redacci\u00f3n SemM\u00e9xico, Ciudad de M\u00e9xico, 10 de marzo, 2025.- Cinco mujeres privadas de la libertad en el Centro Federal de Reinserci\u00f3n Social (CEFERESO) No. 16 CPS, ubicado en Morelos, obtuvieran su libertad condicionada, mediante un programa de colaboraci\u00f3n institucional que busca beneficiar a mujeres en reclusi\u00f3n en condiciones de vulnerabilidad y que no cuentan con [&hellip;]<\/p>\n","protected":false},"author":3,"featured_media":93520,"comment_status":"open","ping_status":"open","sticky":false,"template":"","format":"standard","meta":{"_monsterinsights_skip_tracking":false,"footnotes":""},"categories":[48],"tags":[],"class_list":["post-93519","post","type-post","status-publish","format-standard","has-post-thumbnail","category-no-mas-impunidad-no-mas-impunidad"],"_links":{"self":[{"href":"https:\/\/redsemlac.com\/semmexico\/wp-json\/wp\/v2\/posts\/93519","targetHints":{"allow":["GET"]}}],"collection":[{"href":"https:\/\/redsemlac.com\/semmexico\/wp-json\/wp\/v2\/posts"}],"about":[{"href":"https:\/\/redsemlac.com\/semmexico\/wp-json\/wp\/v2\/types\/post"}],"author":[{"embeddable":true,"href":"https:\/\/redsemlac.com\/semmexico\/wp-json\/wp\/v2\/users\/3"}],"replies":[{"embeddable":true,"href":"https:\/\/redsemlac.com\/semmexico\/wp-json\/wp\/v2\/comments?post=93519"}],"version-history":[{"count":0,"href":"https:\/\/redsemlac.com\/semmexico\/wp-json\/wp\/v2\/posts\/93519\/revisions"}],"wp:featuredmedia":[{"embeddable":true,"href":"https:\/\/redsemlac.com\/semmexico\/wp-json\/wp\/v2\/media\/93520"}],"wp:attachment":[{"href":"https:\/\/redsemlac.com\/semmexico\/wp-json\/wp\/v2\/media?parent=93519"}],"wp:term":[{"taxonomy":"category","embeddable":true,"href":"https:\/\/redsemlac.com\/semmexico\/wp-json\/wp\/v2\/categories?post=93519"},{"taxonomy":"post_tag","embeddable":true,"href":"https:\/\/redsemlac.com\/semmexico\/wp-json\/wp\/v2\/tags?post=93519"}],"curies":[{"name":"wp","href":"https:\/\/api.w.org\/{rel}","templated":true}]}}