{"id":93514,"date":"2025-03-10T15:30:20","date_gmt":"2025-03-10T21:30:20","guid":{"rendered":"https:\/\/redsemlac.com\/semmexico\/?p=93514"},"modified":"2025-03-10T15:30:21","modified_gmt":"2025-03-10T21:30:21","slug":"mexico-comprometido-con-la-justicia-social-con-perspectiva-de-genero-gobierno","status":"publish","type":"post","link":"https:\/\/redsemlac.com\/semmexico\/mexico-comprometido-con-la-justicia-social-con-perspectiva-de-genero-gobierno\/","title":{"rendered":"M\u00e9xico comprometido con la justicia social con perspectiva de g\u00e9nero: Gobierno"},"content":{"rendered":"\n<ul class=\"wp-block-list\">\n<li>Por cada plaza abierta para un hombre se ofrecer\u00e1n dos para mujeres: SRE<\/li>\n\n\n\n<li>Recomendaci\u00f3n General 39 de la CEDAW insta a garantizar derechos individuales y colectivos de las mujeres y ni\u00f1as ind\u00edgenas<\/li>\n<\/ul>\n\n\n\n<p class=\"wp-block-paragraph\">Redacci\u00f3n<\/p>\n\n\n\n<p class=\"wp-block-paragraph\">SemM\u00e9xico, Ciudad de M\u00e9xico, 10 de marzo, 2025.- El compromiso de M\u00e9xico con la justicia social con perspectiva de g\u00e9nero, fue planteado durante un acto en el que instancias del gobierno federal destacaron el papel fundamental de las mujeres ind\u00edgenas y afromexicanas en la construcci\u00f3n de una sociedad m\u00e1s equitativa.<\/p>\n\n\n\n<p class=\"wp-block-paragraph\">Las y los funcionarios hicieron dieron a conocer sus propuestas de trabajo e inversiones y se\u00f1alaron que el actual contexto de transformaci\u00f3n nacional, la igualdad sustantiva, la inclusi\u00f3n y la diversidad forman parte del n\u00facleo de las pol\u00edticas p\u00fablicas y de la proyecci\u00f3n internacional de M\u00e9xico, como lo refleja el Plan Nacional de Desarrollo.<\/p>\n\n\n\n<figure class=\"wp-block-image size-large\"><a href=\"https:\/\/redsemlac.com\/semmexico\/wp-content\/uploads\/2025\/03\/Comunicado-Conjunto_8M-Ftoto-6.jpeg\"><img loading=\"lazy\" decoding=\"async\" width=\"1024\" height=\"682\" src=\"https:\/\/redsemlac.com\/semmexico\/wp-content\/uploads\/2025\/03\/Comunicado-Conjunto_8M-Ftoto-6-1024x682.jpeg\" alt=\"\" class=\"wp-image-93516\" srcset=\"https:\/\/redsemlac.com\/semmexico\/wp-content\/uploads\/2025\/03\/Comunicado-Conjunto_8M-Ftoto-6-1024x682.jpeg 1024w, https:\/\/redsemlac.com\/semmexico\/wp-content\/uploads\/2025\/03\/Comunicado-Conjunto_8M-Ftoto-6-300x200.jpeg 300w, https:\/\/redsemlac.com\/semmexico\/wp-content\/uploads\/2025\/03\/Comunicado-Conjunto_8M-Ftoto-6-768x512.jpeg 768w, https:\/\/redsemlac.com\/semmexico\/wp-content\/uploads\/2025\/03\/Comunicado-Conjunto_8M-Ftoto-6-1536x1024.jpeg 1536w, https:\/\/redsemlac.com\/semmexico\/wp-content\/uploads\/2025\/03\/Comunicado-Conjunto_8M-Ftoto-6-150x100.jpeg 150w, https:\/\/redsemlac.com\/semmexico\/wp-content\/uploads\/2025\/03\/Comunicado-Conjunto_8M-Ftoto-6-696x464.jpeg 696w, https:\/\/redsemlac.com\/semmexico\/wp-content\/uploads\/2025\/03\/Comunicado-Conjunto_8M-Ftoto-6-1068x712.jpeg 1068w, https:\/\/redsemlac.com\/semmexico\/wp-content\/uploads\/2025\/03\/Comunicado-Conjunto_8M-Ftoto-6.jpeg 1598w\" sizes=\"auto, (max-width: 1024px) 100vw, 1024px\" \/><\/a><\/figure>\n\n\n\n<p class=\"wp-block-paragraph\">En el acto de conmemoraci\u00f3n del D\u00eda Internacional de las Mujeres y en el A\u00f1o de la Mujer Ind\u00edgena, con el evento Caminos para la Igualdad: Mujeres y ni\u00f1as ind\u00edgenas en el marco de la Recomendaci\u00f3n General 39 de la CEDAW, el canciller Juan Ram\u00f3n de la Fuente destac\u00f3 que la reuni\u00f3n representa un momento hist\u00f3rico no s\u00f3lo por el seguimiento de una de las recomendaciones m\u00e1s significativas de la CEDAW, sino por la relevancia de que las mujeres ind\u00edgenas lleguen ahora formalmente a la Secretar\u00eda de Relaciones Exteriores.<\/p>\n\n\n\n<p class=\"wp-block-paragraph\">El canciller de la Fuente se comprometi\u00f3 a impulsar la inclusi\u00f3n de las voces, propuestas y perspectivas de las mujeres ind\u00edgenas en las misiones diplom\u00e1ticas y consulares del pa\u00eds.<\/p>\n\n\n\n<p class=\"wp-block-paragraph\">Destac\u00f3 el liderazgo de la presidenta Claudia Sheinbaum, quien ha sido una firme impulsora de los derechos de las mujeres. Reconoci\u00f3 que, bajo su liderazgo, M\u00e9xico ha avanzado significativamente en materia de igualdad de g\u00e9nero y tiene un amplio liderazgo a nivel internacional.<\/p>\n\n\n\n<p class=\"wp-block-paragraph\">Anunci\u00f3 la publicaci\u00f3n de la convocatoria para el examen de ingreso a la rama diplom\u00e1tica y consular del Servicio Exterior Mexicano, que por primera vez incluye una acci\u00f3n afirmativa; ya que por cada plaza abierta para un hombre se ofrecer\u00e1n dos para mujeres, un paso decisivo hacia la equidad en la diplomacia.<\/p>\n\n\n\n<p class=\"wp-block-paragraph\">La titular de la Secretar\u00eda de las Mujeres, Citlalli Hern\u00e1ndez Mora explic\u00f3 que desde el Gobierno de M\u00e9xico se est\u00e1 insistiendo en nombrar el 8M como D\u00eda Internacional de las Mujeres, para reconocer la diversidad de formas en las que habitamos, vivimos y entendemos el mundo las mujeres. La secretaria Hern\u00e1ndez se\u00f1alo que \u201cno hay un solo tipo de expresi\u00f3n de mujer. Hay mujeres ind\u00edgenas, afromexicanas, migrantes, mujeres de la diversidad sexual, mujeres del campo, de la ciudad, mujeres con discapacidad\u201d.<\/p>\n\n\n\n<p class=\"wp-block-paragraph\">Sobre la Cartilla de los Derechos de las Mujeres, Citlalli Hern\u00e1ndez se\u00f1al\u00f3 que la presentaci\u00f3n en la Ma\u00f1anera del Pueblo representa el inicio de una constante promoci\u00f3n de los derechos de las mujeres, con el objetivo de alcanzar la igualdad sustantiva entre hombres y mujeres.<\/p>\n\n\n\n<p class=\"wp-block-paragraph\">Claudia Olivia Morales, presidenta del CONAPRED, quien encabez\u00f3 el acto, reconoci\u00f3 que las mujeres, y en particular las mujeres ind\u00edgenas, han desempe\u00f1ado desde hace siglos la gran tarea de sostener el desarrollo de la vida en todas sus formas.<\/p>\n\n\n<div class=\"wp-block-image\">\n<figure class=\"aligncenter size-large is-resized\"><a href=\"https:\/\/redsemlac.com\/semmexico\/wp-content\/uploads\/2025\/03\/Comunicado-Conjunto_8M-Ftoto-8.jpeg\"><img loading=\"lazy\" decoding=\"async\" width=\"682\" height=\"1024\" src=\"https:\/\/redsemlac.com\/semmexico\/wp-content\/uploads\/2025\/03\/Comunicado-Conjunto_8M-Ftoto-8-682x1024.jpeg\" alt=\"\" class=\"wp-image-93515\" style=\"width:382px;height:auto\" srcset=\"https:\/\/redsemlac.com\/semmexico\/wp-content\/uploads\/2025\/03\/Comunicado-Conjunto_8M-Ftoto-8-682x1024.jpeg 682w, https:\/\/redsemlac.com\/semmexico\/wp-content\/uploads\/2025\/03\/Comunicado-Conjunto_8M-Ftoto-8-200x300.jpeg 200w, https:\/\/redsemlac.com\/semmexico\/wp-content\/uploads\/2025\/03\/Comunicado-Conjunto_8M-Ftoto-8-768x1153.jpeg 768w, https:\/\/redsemlac.com\/semmexico\/wp-content\/uploads\/2025\/03\/Comunicado-Conjunto_8M-Ftoto-8-1023x1536.jpeg 1023w, https:\/\/redsemlac.com\/semmexico\/wp-content\/uploads\/2025\/03\/Comunicado-Conjunto_8M-Ftoto-8-150x225.jpeg 150w, https:\/\/redsemlac.com\/semmexico\/wp-content\/uploads\/2025\/03\/Comunicado-Conjunto_8M-Ftoto-8-300x450.jpeg 300w, https:\/\/redsemlac.com\/semmexico\/wp-content\/uploads\/2025\/03\/Comunicado-Conjunto_8M-Ftoto-8-696x1045.jpeg 696w, https:\/\/redsemlac.com\/semmexico\/wp-content\/uploads\/2025\/03\/Comunicado-Conjunto_8M-Ftoto-8.jpeg 1066w\" sizes=\"auto, (max-width: 682px) 100vw, 682px\" \/><\/a><\/figure>\n<\/div>\n\n\n<p class=\"wp-block-paragraph\">La titular del CONAPRED destac\u00f3 que es necesario atender las problem\u00e1ticas a las que se enfrentan las mujeres y las ni\u00f1as Ind\u00edgenas desde la consideraci\u00f3n de su diversidad,<\/p>\n\n\n\n<p class=\"wp-block-paragraph\">En un mensaje, el titular del INPI, Adelfo Regino, inform\u00f3 que a trav\u00e9s del Programa para el Bienestar Integral de los Pueblos Ind\u00edgenas se han apoyado siete mil 754 proyectos que han beneficiado a 162 mil, 745 mujeres ind\u00edgenas y afromexicanas, adem\u00e1s de las 35 Casas de la Mujer Ind\u00edgena y Afromexicana que se encuentran funcionando a lo largo y ancho del pa\u00eds.<\/p>\n\n\n\n<p class=\"wp-block-paragraph\">Adem\u00e1s, inform\u00f3 sobre las acciones y programas sociales con los que el INPI apoya a las mujeres ind\u00edgenas y Afromexicanas, mencion\u00f3 los trabajos para conformar la propuesta de Ley General de Derechos de los Pueblos Ind\u00edgenas y Afromexicanos, que contempla en un apartado la protecci\u00f3n de los Derechos de las Mujeres Ind\u00edgenas y Afromexicanas.<\/p>\n\n\n\n<p class=\"wp-block-paragraph\">SEM\/sj<\/p>\n","protected":false},"excerpt":{"rendered":"<p>Redacci\u00f3n SemM\u00e9xico, Ciudad de M\u00e9xico, 10 de marzo, 2025.- El compromiso de M\u00e9xico con la justicia social con perspectiva de g\u00e9nero, fue planteado durante un acto en el que instancias del gobierno federal destacaron el papel fundamental de las mujeres ind\u00edgenas y afromexicanas en la construcci\u00f3n de una sociedad m\u00e1s equitativa. Las y los funcionarios [&hellip;]<\/p>\n","protected":false},"author":3,"featured_media":93517,"comment_status":"open","ping_status":"open","sticky":false,"template":"","format":"standard","meta":{"_monsterinsights_skip_tracking":false,"footnotes":""},"categories":[50],"tags":[],"class_list":["post-93514","post","type-post","status-publish","format-standard","has-post-thumbnail","category-congreso"],"_links":{"self":[{"href":"https:\/\/redsemlac.com\/semmexico\/wp-json\/wp\/v2\/posts\/93514","targetHints":{"allow":["GET"]}}],"collection":[{"href":"https:\/\/redsemlac.com\/semmexico\/wp-json\/wp\/v2\/posts"}],"about":[{"href":"https:\/\/redsemlac.com\/semmexico\/wp-json\/wp\/v2\/types\/post"}],"author":[{"embeddable":true,"href":"https:\/\/redsemlac.com\/semmexico\/wp-json\/wp\/v2\/users\/3"}],"replies":[{"embeddable":true,"href":"https:\/\/redsemlac.com\/semmexico\/wp-json\/wp\/v2\/comments?post=93514"}],"version-history":[{"count":0,"href":"https:\/\/redsemlac.com\/semmexico\/wp-json\/wp\/v2\/posts\/93514\/revisions"}],"wp:featuredmedia":[{"embeddable":true,"href":"https:\/\/redsemlac.com\/semmexico\/wp-json\/wp\/v2\/media\/93517"}],"wp:attachment":[{"href":"https:\/\/redsemlac.com\/semmexico\/wp-json\/wp\/v2\/media?parent=93514"}],"wp:term":[{"taxonomy":"category","embeddable":true,"href":"https:\/\/redsemlac.com\/semmexico\/wp-json\/wp\/v2\/categories?post=93514"},{"taxonomy":"post_tag","embeddable":true,"href":"https:\/\/redsemlac.com\/semmexico\/wp-json\/wp\/v2\/tags?post=93514"}],"curies":[{"name":"wp","href":"https:\/\/api.w.org\/{rel}","templated":true}]}}