{"id":93510,"date":"2025-03-10T15:24:31","date_gmt":"2025-03-10T21:24:31","guid":{"rendered":"https:\/\/redsemlac.com\/semmexico\/?p=93510"},"modified":"2025-03-10T15:27:22","modified_gmt":"2025-03-10T21:27:22","slug":"advierten-especialistas-alto-consumo-energetico-por-uso-de-inteligencia-artificial","status":"publish","type":"post","link":"https:\/\/redsemlac.com\/semmexico\/advierten-especialistas-alto-consumo-energetico-por-uso-de-inteligencia-artificial\/","title":{"rendered":"Advierten especialistas alto consumo energ\u00e9tico por uso de inteligencia artificial"},"content":{"rendered":"\n<ul class=\"wp-block-list\">\n<li>Araxia\u00a0Urrutia Odabachian, Carlos Hern\u00e1ndez Castellanos y\u00a0Carlos Coello Coello analizaron algunas de las ventajas y desventajas de esta tecnolog\u00eda<\/li>\n<\/ul>\n\n\n\n<ul class=\"wp-block-list\">\n<li>Participan durante la conferencia los \u201cMotores de b\u00fasqueda con inteligencia artificial\u201d, en la cual tambi\u00e9n se cont\u00f3 con\u00a0Jaime Urrutia Fucugauchi<\/li>\n<\/ul>\n\n\n\n<p class=\"wp-block-paragraph\">Redacci\u00f3n<\/p>\n\n\n\n<p class=\"wp-block-paragraph\">SemM\u00e9xico, Ciudad de M\u00e9xico, 10 de marzo, 2025.- La inteligencia artificial (AI) requiere de regulaci\u00f3n gubernamental, porque \u201cas\u00ed como es un esc\u00e1ndalo el impacto de una refresquera en cuanto al recurso h\u00eddrico, es un hecho el consumo de energ\u00eda de los servidores de c\u00f3mputo dedicados a maximizar algoritmos para capturar nuestra atenci\u00f3n, es decir, volvernos adictivos para que compremos cosas que no necesitamos y gastar todav\u00eda m\u00e1s energ\u00e9ticos en producirlos y distribuirlos\u201d.<\/p>\n\n\n\n<p class=\"wp-block-paragraph\">Por ello, la&nbsp;investigadora del Instituto de Ecolog\u00eda de la UNAM, Araxia Urrutia&nbsp;Odabachian, sugiri\u00f3&nbsp;evitar abrir&nbsp;ChatGPT o cualquier otra herramienta de inteligencia artificial (IA) para preguntar algo que viene en una p\u00e1gina de Wikipedia, pedirle que nos resuelva un problema aritm\u00e9tico f\u00e1cil o saber qu\u00e9 veh\u00edculos no circulan hoy.<\/p>\n\n\n\n<p class=\"wp-block-paragraph\">\u201cEs necesario tener cierta conciencia para no utilizar ese sistema como un sustituto de b\u00fasquedas en Google y quiz\u00e1 desactivar en nuestro buscador el resumen que ahora nos genera con esa tecnolog\u00eda\u201d, a\u00f1adi\u00f3 ante el presidente de Fundaci\u00f3n UNAM, Dionisio Meade; y del&nbsp;consejero de este organismo e investigador em\u00e9rito de la Universidad Nacional,&nbsp;Jaime Urrutia Fucugauchi.<\/p>\n\n\n\n<p class=\"wp-block-paragraph\">Al participar en el ciclo de charlas&nbsp;Jueves de Ciencia. Nuestra nueva realidad. Documentales y Di\u00e1logo con acad\u00e9micos, organizada por Fundaci\u00f3n UNAM y transmitido por TVUNAM, indic\u00f3:<\/p>\n\n\n\n<p class=\"wp-block-paragraph\">A decir de Dionisio Meade \u201cel futuro ya nos alcanz\u00f3 y nos rebasa a algunos de nosotros\u201d. Ni siquiera a nuestros hijos, sino a nuestros nietos es a quienes debemos pedirles que nos actualicen con respecto al uso y el adecuado aprovechamiento de algunas de estas innovaciones tecnol\u00f3gicas que nos desaf\u00edan a darles mejor utilizaci\u00f3n\u201d.<\/p>\n\n\n\n<p class=\"wp-block-paragraph\">El hecho duro es que ah\u00ed est\u00e1 la IA, el reto es no tenerle miedo y sacarle el mejor provecho. Contribuyamos con nuestras reflexiones, aportaciones y sugerencias con relaci\u00f3n a c\u00f3mo debe regularse, qu\u00e9 debemos hacer, qu\u00e9 l\u00edmites tenemos que darle para su mejor explotaci\u00f3n. Son numerosos los logros alrededor de este t\u00f3pico.<\/p>\n\n\n\n<p class=\"wp-block-paragraph\">Jaime Urrutia&nbsp;se\u00f1al\u00f3 que uno de los elementos que muestran la gran capacidad y el r\u00e1pido desarrollo de esta tecnolog\u00eda son los algoritmos, los programas de b\u00fasqueda en la red, cuya capacidad tiene profunda implicaci\u00f3n para una gran cantidad de tareas, incluidas varias de las que apenas est\u00e1n en progreso. Ante ello es esencial que las generaciones actuales hagan uso consciente del impacto de estas plataformas.<\/p>\n\n\n\n<figure class=\"wp-block-image size-large\"><a href=\"https:\/\/redsemlac.com\/semmexico\/wp-content\/uploads\/2025\/03\/1552-1-scaled.jpg\"><img loading=\"lazy\" decoding=\"async\" width=\"1024\" height=\"576\" src=\"https:\/\/redsemlac.com\/semmexico\/wp-content\/uploads\/2025\/03\/1552-1-1024x576.jpg\" alt=\"\" class=\"wp-image-93511\" srcset=\"https:\/\/redsemlac.com\/semmexico\/wp-content\/uploads\/2025\/03\/1552-1-1024x576.jpg 1024w, https:\/\/redsemlac.com\/semmexico\/wp-content\/uploads\/2025\/03\/1552-1-300x169.jpg 300w, https:\/\/redsemlac.com\/semmexico\/wp-content\/uploads\/2025\/03\/1552-1-768x432.jpg 768w, https:\/\/redsemlac.com\/semmexico\/wp-content\/uploads\/2025\/03\/1552-1-1536x864.jpg 1536w, https:\/\/redsemlac.com\/semmexico\/wp-content\/uploads\/2025\/03\/1552-1-2048x1153.jpg 2048w, https:\/\/redsemlac.com\/semmexico\/wp-content\/uploads\/2025\/03\/1552-1-150x84.jpg 150w, https:\/\/redsemlac.com\/semmexico\/wp-content\/uploads\/2025\/03\/1552-1-696x392.jpg 696w, https:\/\/redsemlac.com\/semmexico\/wp-content\/uploads\/2025\/03\/1552-1-1068x601.jpg 1068w, https:\/\/redsemlac.com\/semmexico\/wp-content\/uploads\/2025\/03\/1552-1-1920x1081.jpg 1920w\" sizes=\"auto, (max-width: 1024px) 100vw, 1024px\" \/><\/a><\/figure>\n\n\n\n<p class=\"wp-block-paragraph\"><strong>Buscar alternativas<\/strong><\/p>\n\n\n\n<p class=\"wp-block-paragraph\">Como parte de la charla&nbsp;\u201cMotores de b\u00fasqueda con inteligencia artificial\u201d,&nbsp;Carlos Hern\u00e1ndez Castellanos, investigador del Instituto de Investigaciones en Matem\u00e1ticas Aplicadas y en Sistemas de la UNAM, record\u00f3 que incluso hubo noticias en las cuales algunas empresas planteaban aprovechar energ\u00eda nuclear y establecer su propia planta generadora. Ante ello se requiere hacer un empleo responsable y, quiz\u00e1, buscar opciones que sean m\u00e1s sustentables.<\/p>\n\n\n\n<p class=\"wp-block-paragraph\">Dijo que hoy, como en 1995 se\u00f1alara el divulgador cient\u00edfico estadounidense, Carl Sagan, \u201cestamos en una \u00e9poca en donde dependemos de ciencia y tecnolog\u00eda m\u00e1s que nunca\u201d.<\/p>\n\n\n\n<p class=\"wp-block-paragraph\">Plante\u00f3 entenderla; acerqu\u00e9monos a esta ciencia, participemos en su discusi\u00f3n porque de cierta forma nos corresponde a todas las personas, y tambi\u00e9n intervengamos en su regulaci\u00f3n y, como siempre, debemos hacerlo con una mente cr\u00edtica.<\/p>\n\n\n\n<p class=\"wp-block-paragraph\">A su vez, el investigador del Centro de Investigaci\u00f3n y de Estudios Avanzados del Instituto Polit\u00e9cnico Nacional, Carlos Coello Cello, resalt\u00f3 que ha habido&nbsp;abuso de las herramientas de IA y de ChatGPT, lo cual ser\u00eda nocivo en varios aspectos como el consumo de energ\u00eda, impacto ambiental y tambi\u00e9n en nosotros, as\u00ed que debemos limitar su empleo.<\/p>\n\n\n\n<p class=\"wp-block-paragraph\">Y puntualiz\u00f3: mientras que por el aspecto ecol\u00f3gico existen estudios que se\u00f1alan que una consulta promedio a ChatGPT de 20 a 50 preguntas consume el equivalente a 500 mililitros de agua, un estudio reciente de Microsoft indica que existe evidencia de que se han atrofiado algunas habilidades creativas de los j\u00f3venes por el abuso de estas innovaciones.<\/p>\n\n\n\n<p class=\"wp-block-paragraph\">SEM\/sj<\/p>\n\n\n\n<p class=\"wp-block-paragraph\"><\/p>\n","protected":false},"excerpt":{"rendered":"<p>Redacci\u00f3n SemM\u00e9xico, Ciudad de M\u00e9xico, 10 de marzo, 2025.- La inteligencia artificial (AI) requiere de regulaci\u00f3n gubernamental, porque \u201cas\u00ed como es un esc\u00e1ndalo el impacto de una refresquera en cuanto al recurso h\u00eddrico, es un hecho el consumo de energ\u00eda de los servidores de c\u00f3mputo dedicados a maximizar algoritmos para capturar nuestra atenci\u00f3n, es decir, [&hellip;]<\/p>\n","protected":false},"author":3,"featured_media":93512,"comment_status":"open","ping_status":"open","sticky":false,"template":"","format":"standard","meta":{"_monsterinsights_skip_tracking":false,"footnotes":""},"categories":[64],"tags":[],"class_list":["post-93510","post","type-post","status-publish","format-standard","has-post-thumbnail","category-para-saber"],"_links":{"self":[{"href":"https:\/\/redsemlac.com\/semmexico\/wp-json\/wp\/v2\/posts\/93510","targetHints":{"allow":["GET"]}}],"collection":[{"href":"https:\/\/redsemlac.com\/semmexico\/wp-json\/wp\/v2\/posts"}],"about":[{"href":"https:\/\/redsemlac.com\/semmexico\/wp-json\/wp\/v2\/types\/post"}],"author":[{"embeddable":true,"href":"https:\/\/redsemlac.com\/semmexico\/wp-json\/wp\/v2\/users\/3"}],"replies":[{"embeddable":true,"href":"https:\/\/redsemlac.com\/semmexico\/wp-json\/wp\/v2\/comments?post=93510"}],"version-history":[{"count":0,"href":"https:\/\/redsemlac.com\/semmexico\/wp-json\/wp\/v2\/posts\/93510\/revisions"}],"wp:featuredmedia":[{"embeddable":true,"href":"https:\/\/redsemlac.com\/semmexico\/wp-json\/wp\/v2\/media\/93512"}],"wp:attachment":[{"href":"https:\/\/redsemlac.com\/semmexico\/wp-json\/wp\/v2\/media?parent=93510"}],"wp:term":[{"taxonomy":"category","embeddable":true,"href":"https:\/\/redsemlac.com\/semmexico\/wp-json\/wp\/v2\/categories?post=93510"},{"taxonomy":"post_tag","embeddable":true,"href":"https:\/\/redsemlac.com\/semmexico\/wp-json\/wp\/v2\/tags?post=93510"}],"curies":[{"name":"wp","href":"https:\/\/api.w.org\/{rel}","templated":true}]}}