{"id":93508,"date":"2025-03-10T15:06:56","date_gmt":"2025-03-10T21:06:56","guid":{"rendered":"https:\/\/redsemlac.com\/semmexico\/?p=93508"},"modified":"2025-03-10T15:06:57","modified_gmt":"2025-03-10T21:06:57","slug":"violeta-del-anahuac-mirada-de-evelyn-en-8-de-marzo","status":"publish","type":"post","link":"https:\/\/redsemlac.com\/semmexico\/violeta-del-anahuac-mirada-de-evelyn-en-8-de-marzo\/","title":{"rendered":"Violeta del An\u00e1huac| Mirada de Evelyn en 8 de Marzo"},"content":{"rendered":"\n<p class=\"wp-block-paragraph\">Isabel Ortega Morales<\/p>\n\n\n\n<p class=\"wp-block-paragraph\">SemM\u00e9xico, Chilpancingo, Gro., 10 de marzo, 2025.- Mientras la titular de la SEMUJER, Violeta Pino, hablaba, la gobernadora de Guerrero, Evelyn Salgado Pineda, la miraba con asombro; cuando intervino el secretario de Seguridad y Protecci\u00f3n Ciudadana, Josu\u00e9 Barr\u00f3n, la mandataria observaba con atenci\u00f3n.<\/p>\n\n\n\n<p class=\"wp-block-paragraph\">En el momento de su intervenci\u00f3n, qued\u00f3 clara la interpretaci\u00f3n de las miradas de la gobernadora en el evento conmemorativo al D\u00eda Internacional de la Mujer, solo cit\u00f3 los datos del Secretariado de Seguridad, que los feminicidios ha bajado al lugar 23, violencia familiar lugar 24, lesiones al lugar 25 y es que, la secretaria de la Mujer habl\u00f3, s\u00ed, pero no dijo nada sustantivo quiz\u00e1\u2026 porque no ten\u00eda nada que decir, de ser as\u00ed, ah\u00ed lo hubiera dicho.<\/p>\n\n\n\n<p class=\"wp-block-paragraph\">Evelyn es la primera gobernadora de Guerrero, la historia sin duda alguna, la tiene ya en un lugar privilegiado y ser\u00e1 siempre un referente.<\/p>\n\n\n\n<p class=\"wp-block-paragraph\">Cursa la mandataria estatal su cuarto a\u00f1o de gobierno, no solo en cuanto a tiempo se nota el paso de su administraci\u00f3n, sino que hay una adelantada carrera en pos de su sucesi\u00f3n, donde su partido, MORENA, est\u00e1 mostrando la participaci\u00f3n de diversos actores pol\u00edticos, pero en distintos grupos, uno de ellos, el senador F\u00e9lix Salgado Macedonio.<\/p>\n\n\n\n<p class=\"wp-block-paragraph\">En el estado Evelyn Salgado ech\u00f3 a andar un proyecto llamado Tarjeta Violeta, que tiene la caracter\u00edstica de que contempla la atenci\u00f3n a mujeres en situaci\u00f3n de vulnerabilidad y as\u00ed lo defini\u00f3 para Suriana Radio y Ceprovysa.com Pablo Gordillo, secretario del Bienestar \u201cbusca atender su salud mental, ayudar en su situaci\u00f3n educativa y darles capacitaci\u00f3n para el trabajo\u201d. El programa pas\u00f3 de atender a 3 mil mujeres en el 2024 a 25 mil que se atender\u00e1n en este a\u00f1o, lo anunci\u00f3 la Gobernadora, eso habla de su \u00e9xito.<\/p>\n\n\n\n<p class=\"wp-block-paragraph\">Esta acci\u00f3n se suma a otras acciones Violeta como transporte violeta, protocolo violeta que ha dado resultados en la b\u00fasqueda de mujeres en situaci\u00f3n de desaparecidas.<\/p>\n\n\n\n<p class=\"wp-block-paragraph\">Y as\u00ed parece que el compromiso de Evelyn Salgado de construir para Guerrero un santuario para mujeres, as\u00ed como lo dio a conocer el Tlapa ante ONU e INMUJERES, avanza, pero no desde la perspectiva de un \u00e1rea creada para buscar la igualdad sustantiva e impulsar acciones que cambien la cultura patriarcal.<\/p>\n\n\n\n<p class=\"wp-block-paragraph\">En el contexto de la conmemoraci\u00f3n del D\u00eda Internacional de la Mujer, Evelyn Salgado firm\u00f3 una iniciativa de \u201cLey Camila\u201d, que busca endurecer las penas contra quienes cometen delitos sexuales y atenten contra la libertad y la vida de las y los menores, una iniciativa que busca honrar la memoria de Camila, la menor que sufri\u00f3 feminicidio en Taxco.<\/p>\n\n\n\n<p class=\"wp-block-paragraph\">Pero el a\u00f1o anterior el Centro de Justicia para las Mujeres daba a conocer que sus derechos hab\u00edan sido vulnerados con violencia econ\u00f3mica, una violencia que se extendi\u00f3 hasta las responsables de la atenci\u00f3n al programa de prevenci\u00f3n de matrimonios forzados, donde existe una falla econ\u00f3mica que resolvieron las propias responsables de los programas, pero una falla estructural que no ha logrado atender ni resolver la titular de la SEMUJER.<\/p>\n\n\n\n<p class=\"wp-block-paragraph\">Evelyn debe atender todo el estado y evidentemente coloca en espacios estrat\u00e9gicos a su equipo. Sin embargo, parece que desde la instancia que debiera ayudarle a trascender para hacer un gobierno con perspectiva de g\u00e9nero, humanista, sensible, no se est\u00e1 haciendo y son otras \u00e1reas las que est\u00e1n dando el car\u00e1cter de empoderar a las mujeres, a las otras, las que no est\u00e1n cerca del \u00e1nimo de la titular de la SEMUJER, para ser atendidas. Hay una falla que registrar\u00e1 el estado no a nombre de quien dirige esa instancia de mujeres, sino a quien gobierna. As\u00ed es la historia.<\/p>\n","protected":false},"excerpt":{"rendered":"<p>Isabel Ortega Morales SemM\u00e9xico, Chilpancingo, Gro., 10 de marzo, 2025.- Mientras la titular de la SEMUJER, Violeta Pino, hablaba, la gobernadora de Guerrero, Evelyn Salgado Pineda, la miraba con asombro; cuando intervino el secretario de Seguridad y Protecci\u00f3n Ciudadana, Josu\u00e9 Barr\u00f3n, la mandataria observaba con atenci\u00f3n. En el momento de su intervenci\u00f3n, qued\u00f3 clara la [&hellip;]<\/p>\n","protected":false},"author":3,"featured_media":38576,"comment_status":"open","ping_status":"open","sticky":false,"template":"","format":"standard","meta":{"_monsterinsights_skip_tracking":false,"footnotes":""},"categories":[198,35,197],"tags":[],"class_list":["post-93508","post","type-post","status-publish","format-standard","has-post-thumbnail","category-isabel-ortega-morales","category-opinion","category-violeta-del-anahuac"],"_links":{"self":[{"href":"https:\/\/redsemlac.com\/semmexico\/wp-json\/wp\/v2\/posts\/93508","targetHints":{"allow":["GET"]}}],"collection":[{"href":"https:\/\/redsemlac.com\/semmexico\/wp-json\/wp\/v2\/posts"}],"about":[{"href":"https:\/\/redsemlac.com\/semmexico\/wp-json\/wp\/v2\/types\/post"}],"author":[{"embeddable":true,"href":"https:\/\/redsemlac.com\/semmexico\/wp-json\/wp\/v2\/users\/3"}],"replies":[{"embeddable":true,"href":"https:\/\/redsemlac.com\/semmexico\/wp-json\/wp\/v2\/comments?post=93508"}],"version-history":[{"count":0,"href":"https:\/\/redsemlac.com\/semmexico\/wp-json\/wp\/v2\/posts\/93508\/revisions"}],"wp:featuredmedia":[{"embeddable":true,"href":"https:\/\/redsemlac.com\/semmexico\/wp-json\/wp\/v2\/media\/38576"}],"wp:attachment":[{"href":"https:\/\/redsemlac.com\/semmexico\/wp-json\/wp\/v2\/media?parent=93508"}],"wp:term":[{"taxonomy":"category","embeddable":true,"href":"https:\/\/redsemlac.com\/semmexico\/wp-json\/wp\/v2\/categories?post=93508"},{"taxonomy":"post_tag","embeddable":true,"href":"https:\/\/redsemlac.com\/semmexico\/wp-json\/wp\/v2\/tags?post=93508"}],"curies":[{"name":"wp","href":"https:\/\/api.w.org\/{rel}","templated":true}]}}