{"id":93503,"date":"2025-03-10T13:22:33","date_gmt":"2025-03-10T19:22:33","guid":{"rendered":"https:\/\/redsemlac.com\/semmexico\/?p=93503"},"modified":"2025-03-10T13:22:34","modified_gmt":"2025-03-10T19:22:34","slug":"tras-la-puerta-del-poder-la-presidenta-claudia-sheinbaum-fortalece-su-mandato","status":"publish","type":"post","link":"https:\/\/redsemlac.com\/semmexico\/tras-la-puerta-del-poder-la-presidenta-claudia-sheinbaum-fortalece-su-mandato\/","title":{"rendered":"Tras la puerta del poder| La presidenta Claudia Sheinbaum fortalece su mandato"},"content":{"rendered":"\n<p class=\"wp-block-paragraph\">Roberto Vizca\u00edno<\/p>\n\n\n\n<p class=\"wp-block-paragraph\">SemM\u00e9xico, Ciudad de M\u00e9xico, 10 de marzo, 2025.- Sin romper con su pasado, sin renegar de&nbsp;<strong>Andr\u00e9s Manuel L\u00f3pez Obrador<\/strong>&nbsp;a quien salud\u00f3 c\u00e1lidamente desde un Z\u00f3calo lleno que coreaba el cl\u00e1sico repetido de \u201c<strong><em>es un honor estar con Obrador<\/em><\/strong>\u201d, la presidenta&nbsp;<strong>Claudia Sheinbaum<\/strong>&nbsp;cumpli\u00f3 ayer todos sus objetivos.<\/p>\n\n\n\n<p class=\"wp-block-paragraph\">El primero y m\u00e1s importante: enviarle al menos dos mensajes al presidente Donald Trump: brindarle colaboraci\u00f3n en sus proyectos y exigencias arancelarias y dejarle en claro que el M\u00e9xico bajo su Gobierno, no busca perjudicar a EU con el fentanilo.<\/p>\n\n\n\n<p class=\"wp-block-paragraph\">\u201cHa prevalecido el di\u00e1logo. No somos m\u00e1s que Estados Unidos, pero tampoco menos\u201d, dijo.<\/p>\n\n\n\n<p class=\"wp-block-paragraph\">En lo dem\u00e1s todo fue redondo: una gran concentraci\u00f3n -con acarreo abierto desde los estados con gobiernos afines- cuyas im\u00e1genes retomadas en fotos y videos por todos los medios y plataformas posibles, le dejan la percepci\u00f3n de un apoyo masivo absoluto a su Gobierno.<\/p>\n\n\n\n<p class=\"wp-block-paragraph\">Un punto sobresaliente fue cuando reiter\u00f3 su compromiso con los mexicanos.<\/p>\n\n\n\n<p class=\"wp-block-paragraph\"><strong>Sheinbaum<\/strong>&nbsp;indic\u00f3 que nunca traicionar\u00e1 al Pueblo de M\u00e9xico y siempre pondr\u00e1 su coraz\u00f3n, mente, energ\u00eda y hasta la vida misma por el pa\u00eds.<\/p>\n\n\n\n<p class=\"wp-block-paragraph\">La concentraci\u00f3n fue enriquecida con la asistencia de toda la clase pol\u00edtica del oficialismo: gobernadores, senadores, diputados, alcaldes y hasta con la asistencia de 500 empresarios y sus dirigentes.<\/p>\n\n\n\n<p class=\"wp-block-paragraph\">Un apoyo popular que sin duda le mantendr\u00e1 encuestas elevadas durante el mes de plazo brindado por el presidente&nbsp;<strong>Donald Trump<\/strong>&nbsp;para aplicar aranceles generales.<\/p>\n\n\n\n<p class=\"wp-block-paragraph\">Manejo, pues, de&nbsp;<strong><em>narrativa y percepciones<\/em><\/strong>&nbsp;como en las mejores \u00e9pocas del PRI<\/p>\n\n\n\n<p class=\"wp-block-paragraph\"><strong>muestran unidad<\/strong><\/p>\n\n\n\n<p class=\"wp-block-paragraph\">El evento masivo sirvi\u00f3 adem\u00e1s para que los dirigentes de Morena y sus cuadros representativos dejaran atr\u00e1s sus diferencias y dieran un mensaje de unidad.<\/p>\n\n\n\n<p class=\"wp-block-paragraph\">Entre los m\u00e1s interesados estuvieron sin duda los coordinadores de las bancadas del oficialismo: el zacatecano<strong>&nbsp;Ricardo Monreal<\/strong>&nbsp;coordinador de los diputados federales de Morena apareci\u00f3 al lado del tabasque\u00f1o&nbsp;<strong>Ad\u00e1n Augusto L\u00f3pez, l\u00edder de los senadores de Morena y con ellos el chiapaneco<\/strong>&nbsp;y dirigente del Verde&nbsp;<strong>Manuel Velasco quienes estuvieron dentro del grupo en que apareci\u00f3 Andr\u00e9s L\u00f3pez Beltr\u00e1n,<\/strong>&nbsp;hijo del expresidente&nbsp;<strong>Andr\u00e9s Manuel L\u00f3pez Obrador<\/strong>&nbsp;y hoy secretario de Organizaci\u00f3n de Morena.<\/p>\n\n\n\n<p class=\"wp-block-paragraph\">Fue interesante el momento en que la presidenta Sheinbaum -al concluir su intervenci\u00f3n en ante la concentraci\u00f3n en el Z\u00f3calo, se dirigi\u00f3 a saludarlos a todos ellos.<\/p>\n\n\n\n<p class=\"wp-block-paragraph\"><strong>La inocultable realidad<\/strong><\/p>\n\n\n\n<p class=\"wp-block-paragraph\">Todo ser\u00eda el \u201c<em>para\u00edso<\/em>\u201d si no existiera la persistente realidad.<\/p>\n\n\n\n<p class=\"wp-block-paragraph\">El caso es que por mayos apoyos que expresen ante la mandataria los empresarios, ninguno de ellos suelta un quinto en inversiones por la inestabilidad que representan las \u00f3rdenes ejecutivas de&nbsp;<strong>Trump<\/strong>.<\/p>\n\n\n\n<p class=\"wp-block-paragraph\">Declaraciones period\u00edsticas de&nbsp;<strong>Francisco Cervantes<\/strong>, dirigente del Consejo Coordinador Empresarial, indican que el sector de inversiones e industria y empresa en M\u00e9xico se encuentra casi atorado. Nadie puede planear y mucho menos invertir ante las amenazas del presidente norteamericano.<\/p>\n\n\n\n<p class=\"wp-block-paragraph\">Las proyecciones del dirigente indican que esta incertidumbre ha generado un ator\u00f3n de unos 60 mil millones de d\u00f3lares en inversiones.<\/p>\n\n\n\n<p class=\"wp-block-paragraph\">Si bien, dice, el mes de pausa en los aranceles significa un alivio, las cifras oficiales reportan ya un desplome anual del 39 por ciento en nuevas inversiones extranjeras.<\/p>\n\n\n\n<p class=\"wp-block-paragraph\">Lo cierto es que todo en inversiones est\u00e1 paralizado. Y los amagos de&nbsp;<strong>Trump<\/strong>&nbsp;ya pasan costos a los exportadores, las multinacionales y las peque\u00f1as y medianas empresas localizadas en M\u00e9xico.<\/p>\n\n\n\n<p class=\"wp-block-paragraph\">Lo innegable, se\u00f1al\u00f3&nbsp;<strong>Cervantes<\/strong>, es que todas las inversiones en M\u00e9xico est\u00e1n inevitablemente ligadas al TMEC, y a las exportaciones mexicanas que en un 80% van a EU.<\/p>\n\n\n\n<p class=\"wp-block-paragraph\"><strong>Senado y diputados celebran aprobaci\u00f3n nacional<\/strong><\/p>\n\n\n\n<p class=\"wp-block-paragraph\">Con la aprobaci\u00f3n de la reforma de antinepotismo y antirreeleci\u00f3n en m\u00e1s de 20 congresos locales, el Senado y la C\u00e1mara de Diputados se preparan para que esta iniciativa de la presidenta Claudia Sheinbaum sea promulgada.<\/p>\n\n\n\n<p class=\"wp-block-paragraph\">&nbsp;El primero en reaccionar fue el zacatecano&nbsp;<strong>Ricardo Monreal<\/strong>, coordinador de los diputados federales de Morena y presidente de la Junta de Coordinaci\u00f3n Pol\u00edtica en San L\u00e1zaro.<\/p>\n\n\n\n<p class=\"wp-block-paragraph\">Con esta aprobaci\u00f3n nacional no s\u00f3lo entra ya en vigor una iniciativa profunda que definir\u00e1, dijo, el futuro de las candidaturas a cargos de representaci\u00f3n popular.<\/p>\n\n\n\n<p class=\"wp-block-paragraph\"><strong>El PAN contra la pared<\/strong><\/p>\n\n\n\n<p class=\"wp-block-paragraph\">En una sesi\u00f3n a puerta cerrara, la c\u00fapula de Acci\u00f3n Nacional encabezada por&nbsp;<strong>Jorge Romero<\/strong>&nbsp;avanz\u00f3 ayer hacia una nueva estrategia para recuperar presencia social.<\/p>\n\n\n\n<p class=\"wp-block-paragraph\">En este encuentro se debati\u00f3 fuertemente el diagn\u00f3stico elaborado recientemente en el que se indica que se requiere abrirle las puertas del partido a una afiliaci\u00f3n m\u00e1s representativa.<\/p>\n\n\n\n<p class=\"wp-block-paragraph\">\u2026 \/ Twitter: @_Vizcaino \/ Facebook<\/p>\n\n\n\n<p class=\"wp-block-paragraph\">\/&nbsp;<a href=\"https:\/\/www.facebook.com\/rvizcainoa\" target=\"_blank\" rel=\"noreferrer noopener\">https:\/\/www.facebook.com\/rvizcainoa<\/a><\/p>\n","protected":false},"excerpt":{"rendered":"<p>Roberto Vizca\u00edno SemM\u00e9xico, Ciudad de M\u00e9xico, 10 de marzo, 2025.- Sin romper con su pasado, sin renegar de&nbsp;Andr\u00e9s Manuel L\u00f3pez Obrador&nbsp;a quien salud\u00f3 c\u00e1lidamente desde un Z\u00f3calo lleno que coreaba el cl\u00e1sico repetido de \u201ces un honor estar con Obrador\u201d, la presidenta&nbsp;Claudia Sheinbaum&nbsp;cumpli\u00f3 ayer todos sus objetivos. El primero y m\u00e1s importante: enviarle al menos [&hellip;]<\/p>\n","protected":false},"author":3,"featured_media":39589,"comment_status":"open","ping_status":"open","sticky":false,"template":"","format":"standard","meta":{"_monsterinsights_skip_tracking":false,"footnotes":""},"categories":[35,623,622],"tags":[],"class_list":["post-93503","post","type-post","status-publish","format-standard","has-post-thumbnail","category-opinion","category-roberto-vizcaino","category-tras-la-puerta-del-poder"],"_links":{"self":[{"href":"https:\/\/redsemlac.com\/semmexico\/wp-json\/wp\/v2\/posts\/93503","targetHints":{"allow":["GET"]}}],"collection":[{"href":"https:\/\/redsemlac.com\/semmexico\/wp-json\/wp\/v2\/posts"}],"about":[{"href":"https:\/\/redsemlac.com\/semmexico\/wp-json\/wp\/v2\/types\/post"}],"author":[{"embeddable":true,"href":"https:\/\/redsemlac.com\/semmexico\/wp-json\/wp\/v2\/users\/3"}],"replies":[{"embeddable":true,"href":"https:\/\/redsemlac.com\/semmexico\/wp-json\/wp\/v2\/comments?post=93503"}],"version-history":[{"count":0,"href":"https:\/\/redsemlac.com\/semmexico\/wp-json\/wp\/v2\/posts\/93503\/revisions"}],"wp:featuredmedia":[{"embeddable":true,"href":"https:\/\/redsemlac.com\/semmexico\/wp-json\/wp\/v2\/media\/39589"}],"wp:attachment":[{"href":"https:\/\/redsemlac.com\/semmexico\/wp-json\/wp\/v2\/media?parent=93503"}],"wp:term":[{"taxonomy":"category","embeddable":true,"href":"https:\/\/redsemlac.com\/semmexico\/wp-json\/wp\/v2\/categories?post=93503"},{"taxonomy":"post_tag","embeddable":true,"href":"https:\/\/redsemlac.com\/semmexico\/wp-json\/wp\/v2\/tags?post=93503"}],"curies":[{"name":"wp","href":"https:\/\/api.w.org\/{rel}","templated":true}]}}