{"id":93485,"date":"2025-03-08T23:01:53","date_gmt":"2025-03-09T05:01:53","guid":{"rendered":"https:\/\/redsemlac.com\/semmexico\/?p=93485"},"modified":"2025-03-08T23:01:53","modified_gmt":"2025-03-09T05:01:53","slug":"marcha-8m-en-oaxaca-culmina-con-acto-de-represion","status":"publish","type":"post","link":"https:\/\/redsemlac.com\/semmexico\/marcha-8m-en-oaxaca-culmina-con-acto-de-represion\/","title":{"rendered":"Marcha 8M en Oaxaca culmina con acto de represi\u00f3n"},"content":{"rendered":"\n<p class=\"wp-block-paragraph\">\u00b7 Las vallas fueron derribadas por las manifestantes<\/p>\n\n\n\n<p class=\"wp-block-paragraph\">\u00b7 En otra marcha ni\u00f1as y j\u00f3venes, as\u00ed como madres del feminicidio denunciaron la falta de justicia<\/p>\n\n\n\n<p class=\"wp-block-paragraph\">Citlalli L\u00f3pez Vel\u00e1zquez. Fotos de L. Mej\u00eda.<\/p>\n\n\n\n<p class=\"wp-block-paragraph\">SemM\u00e9xico, Oaxaca, 8 de marzo, 2025.- La marcha del 8M en Oaxaca, que reuni\u00f3 a cientos de mujeres en exigencia de justicia y derechos, termin\u00f3 en represi\u00f3n. Al menos seis disparos de gas lacrim\u00f3geno fueron lanzados contra las manifestantes desde lo alto del Palacio de Gobierno y a un costado de la Catedral, por parte de elementos de seguridad p\u00fablica.<\/p>\n\n\n\n<p class=\"wp-block-paragraph\">Despu\u00e9s de la movilizaci\u00f3n, los contingentes permanecieron en la plancha del z\u00f3calo y la Alameda de Le\u00f3n. Un grupo se concentr\u00f3 frente a la Catedral y otro en Palacio de Gobierno, donde lograron derribar las cercas met\u00e1licas que resguardaban los inmuebles.<\/p>\n\n\n\n<p class=\"wp-block-paragraph\">Integrantes del bloque negro encendieron fogatas en las puertas de ambos edificios, mientras madres v\u00edctimas de violencia vicaria, madres aut\u00f3nomas, familiares de v\u00edctimas de feminicidio y mujeres con sus hijas e hijos exig\u00edan justicia en el lugar.<\/p>\n\n\n\n<p class=\"wp-block-paragraph\">Los primeros disparos de gas lacrim\u00f3geno se lanzaron desde Palacio de Gobierno, provocando confusi\u00f3n y dispersi\u00f3n entre las manifestantes. Luego, nuevos disparos fueron lanzados desde el hotel Marqu\u00e9s del Valle, lo que oblig\u00f3 a evacuar el z\u00f3calo y la Alameda, donde hab\u00eda mujeres con beb\u00e9s, ni\u00f1as, ni\u00f1os y adolescentes.<\/p>\n\n\n\n<p class=\"wp-block-paragraph\">Poco despu\u00e9s, elementos antimotines salieron de Palacio de Gobierno acompa\u00f1ados de bomberos, quienes sofocaron las fogatas. En tanto, el mando del operativo amenazaba con detener a las mujeres que a\u00fan permanec\u00edan en el lugar.<\/p>\n\n\n\n<p class=\"wp-block-paragraph\">Un grupo de manifestantes confront\u00f3 a los polic\u00edas, cuestionando su violencia contra la protesta mientras permanecen omisos ante las agresiones diarias contra las mujeres.<\/p>\n\n\n\n<p class=\"wp-block-paragraph\">Desde la Declaratoria de Alerta por Violencia de G\u00e9nero en Oaxaca, 719 ni\u00f1as y mujeres han sido v\u00edctimas de asesinatos violentos.<\/p>\n\n\n\n<p class=\"wp-block-paragraph\">Como parte del operativo de disuasi\u00f3n de la marcha, seis unidades de la polic\u00eda estatal patrullaron alrededor de la zona con sirena abierta y torreta encendida.<\/p>\n\n\n\n<p class=\"wp-block-paragraph\">Cabe destacar que desde una noche antes, mensajes circulados en WhatsApp emprendieron una campa\u00f1a de terror para infundir miedo a las manifestantes. De la misma manera, 24 horas antes de las protestas fue circulado un documento oficial en donde criminalizaba a dos de los contingentes que convocaron a marchar.<\/p>\n\n\n\n<p class=\"wp-block-paragraph\">El clima de terror y criminalizaci\u00f3n llev\u00f3 a que fuera suspendidas algunas actividades como La Campamenta cultural, por considerar que no hab\u00edan condiciones para su protesta.<\/p>\n\n\n\n<p class=\"wp-block-paragraph\">Por otra parte, desde el Pante\u00f3n General sali\u00f3 otra marcha, denominada separatista, que march\u00f3 en sentido contrario y lleg\u00f3 hasta El Llano, donde mujeres, madres de feminicidio y ni\u00f1as expresaron su inconformidad por la violencia que viven cada d\u00eda y la falta de acceso a la justicia.<\/p>\n\n\n\n<figure class=\"wp-block-gallery has-nested-images columns-default is-cropped wp-block-gallery-1 is-layout-flex wp-block-gallery-is-layout-flex\">\n<figure class=\"wp-block-image size-large\"><a href=\"https:\/\/redsemlac.com\/semmexico\/wp-content\/uploads\/2025\/03\/WhatsApp-Image-2025-03-08-at-9.41.59-PM-scaled.jpeg\"><img loading=\"lazy\" decoding=\"async\" width=\"1024\" height=\"578\" data-id=\"93486\" src=\"https:\/\/redsemlac.com\/semmexico\/wp-content\/uploads\/2025\/03\/WhatsApp-Image-2025-03-08-at-9.41.59-PM-1024x578.jpeg\" alt=\"\" class=\"wp-image-93486\" srcset=\"https:\/\/redsemlac.com\/semmexico\/wp-content\/uploads\/2025\/03\/WhatsApp-Image-2025-03-08-at-9.41.59-PM-1024x578.jpeg 1024w, https:\/\/redsemlac.com\/semmexico\/wp-content\/uploads\/2025\/03\/WhatsApp-Image-2025-03-08-at-9.41.59-PM-300x169.jpeg 300w, https:\/\/redsemlac.com\/semmexico\/wp-content\/uploads\/2025\/03\/WhatsApp-Image-2025-03-08-at-9.41.59-PM-768x433.jpeg 768w, https:\/\/redsemlac.com\/semmexico\/wp-content\/uploads\/2025\/03\/WhatsApp-Image-2025-03-08-at-9.41.59-PM-1536x866.jpeg 1536w, https:\/\/redsemlac.com\/semmexico\/wp-content\/uploads\/2025\/03\/WhatsApp-Image-2025-03-08-at-9.41.59-PM-2048x1155.jpeg 2048w, https:\/\/redsemlac.com\/semmexico\/wp-content\/uploads\/2025\/03\/WhatsApp-Image-2025-03-08-at-9.41.59-PM-150x85.jpeg 150w, https:\/\/redsemlac.com\/semmexico\/wp-content\/uploads\/2025\/03\/WhatsApp-Image-2025-03-08-at-9.41.59-PM-696x393.jpeg 696w, https:\/\/redsemlac.com\/semmexico\/wp-content\/uploads\/2025\/03\/WhatsApp-Image-2025-03-08-at-9.41.59-PM-1068x602.jpeg 1068w, https:\/\/redsemlac.com\/semmexico\/wp-content\/uploads\/2025\/03\/WhatsApp-Image-2025-03-08-at-9.41.59-PM-1920x1083.jpeg 1920w\" sizes=\"auto, (max-width: 1024px) 100vw, 1024px\" \/><\/a><\/figure>\n\n\n\n<figure class=\"wp-block-image size-large\"><a href=\"https:\/\/redsemlac.com\/semmexico\/wp-content\/uploads\/2025\/03\/WhatsApp-Image-2025-03-08-at-9.41.58-PM-scaled.jpeg\"><img decoding=\"async\" data-id=\"93487\" src=\"https:\/\/redsemlac.com\/semmexico\/wp-content\/uploads\/2025\/03\/WhatsApp-Image-2025-03-08-at-9.41.58-PM-1024x578.jpeg\" alt=\"\" class=\"wp-image-93487\"\/><\/a><\/figure>\n<\/figure>\n\n\n\n<figure class=\"wp-block-gallery has-nested-images columns-default is-cropped wp-block-gallery-2 is-layout-flex wp-block-gallery-is-layout-flex\">\n<figure class=\"wp-block-image size-large\"><a href=\"https:\/\/redsemlac.com\/semmexico\/wp-content\/uploads\/2025\/03\/WhatsApp-Image-2025-03-08-at-9.41.59-PM-1-scaled.jpeg\"><img loading=\"lazy\" decoding=\"async\" width=\"1024\" height=\"578\" data-id=\"93493\" src=\"https:\/\/redsemlac.com\/semmexico\/wp-content\/uploads\/2025\/03\/WhatsApp-Image-2025-03-08-at-9.41.59-PM-1-1024x578.jpeg\" alt=\"\" class=\"wp-image-93493\" srcset=\"https:\/\/redsemlac.com\/semmexico\/wp-content\/uploads\/2025\/03\/WhatsApp-Image-2025-03-08-at-9.41.59-PM-1-1024x578.jpeg 1024w, https:\/\/redsemlac.com\/semmexico\/wp-content\/uploads\/2025\/03\/WhatsApp-Image-2025-03-08-at-9.41.59-PM-1-300x169.jpeg 300w, https:\/\/redsemlac.com\/semmexico\/wp-content\/uploads\/2025\/03\/WhatsApp-Image-2025-03-08-at-9.41.59-PM-1-768x433.jpeg 768w, https:\/\/redsemlac.com\/semmexico\/wp-content\/uploads\/2025\/03\/WhatsApp-Image-2025-03-08-at-9.41.59-PM-1-1536x866.jpeg 1536w, https:\/\/redsemlac.com\/semmexico\/wp-content\/uploads\/2025\/03\/WhatsApp-Image-2025-03-08-at-9.41.59-PM-1-2048x1155.jpeg 2048w, https:\/\/redsemlac.com\/semmexico\/wp-content\/uploads\/2025\/03\/WhatsApp-Image-2025-03-08-at-9.41.59-PM-1-150x85.jpeg 150w, https:\/\/redsemlac.com\/semmexico\/wp-content\/uploads\/2025\/03\/WhatsApp-Image-2025-03-08-at-9.41.59-PM-1-696x393.jpeg 696w, https:\/\/redsemlac.com\/semmexico\/wp-content\/uploads\/2025\/03\/WhatsApp-Image-2025-03-08-at-9.41.59-PM-1-1068x602.jpeg 1068w, https:\/\/redsemlac.com\/semmexico\/wp-content\/uploads\/2025\/03\/WhatsApp-Image-2025-03-08-at-9.41.59-PM-1-1920x1083.jpeg 1920w\" sizes=\"auto, (max-width: 1024px) 100vw, 1024px\" \/><\/a><\/figure>\n\n\n\n<figure class=\"wp-block-image size-large\"><a href=\"https:\/\/redsemlac.com\/semmexico\/wp-content\/uploads\/2025\/03\/WhatsApp-Image-2025-03-08-at-9.42.00-PM-scaled.jpeg\"><img loading=\"lazy\" decoding=\"async\" width=\"1024\" height=\"578\" data-id=\"93492\" src=\"https:\/\/redsemlac.com\/semmexico\/wp-content\/uploads\/2025\/03\/WhatsApp-Image-2025-03-08-at-9.42.00-PM-1024x578.jpeg\" alt=\"\" class=\"wp-image-93492\" srcset=\"https:\/\/redsemlac.com\/semmexico\/wp-content\/uploads\/2025\/03\/WhatsApp-Image-2025-03-08-at-9.42.00-PM-1024x578.jpeg 1024w, https:\/\/redsemlac.com\/semmexico\/wp-content\/uploads\/2025\/03\/WhatsApp-Image-2025-03-08-at-9.42.00-PM-300x169.jpeg 300w, https:\/\/redsemlac.com\/semmexico\/wp-content\/uploads\/2025\/03\/WhatsApp-Image-2025-03-08-at-9.42.00-PM-768x433.jpeg 768w, https:\/\/redsemlac.com\/semmexico\/wp-content\/uploads\/2025\/03\/WhatsApp-Image-2025-03-08-at-9.42.00-PM-1536x866.jpeg 1536w, https:\/\/redsemlac.com\/semmexico\/wp-content\/uploads\/2025\/03\/WhatsApp-Image-2025-03-08-at-9.42.00-PM-2048x1155.jpeg 2048w, https:\/\/redsemlac.com\/semmexico\/wp-content\/uploads\/2025\/03\/WhatsApp-Image-2025-03-08-at-9.42.00-PM-150x85.jpeg 150w, https:\/\/redsemlac.com\/semmexico\/wp-content\/uploads\/2025\/03\/WhatsApp-Image-2025-03-08-at-9.42.00-PM-696x393.jpeg 696w, https:\/\/redsemlac.com\/semmexico\/wp-content\/uploads\/2025\/03\/WhatsApp-Image-2025-03-08-at-9.42.00-PM-1068x602.jpeg 1068w, https:\/\/redsemlac.com\/semmexico\/wp-content\/uploads\/2025\/03\/WhatsApp-Image-2025-03-08-at-9.42.00-PM-1920x1083.jpeg 1920w\" sizes=\"auto, (max-width: 1024px) 100vw, 1024px\" \/><\/a><\/figure>\n<\/figure>\n\n\n\n<figure class=\"wp-block-gallery has-nested-images columns-default is-cropped wp-block-gallery-3 is-layout-flex wp-block-gallery-is-layout-flex\">\n<figure class=\"wp-block-image size-large\"><a href=\"https:\/\/redsemlac.com\/semmexico\/wp-content\/uploads\/2025\/03\/WhatsApp-Image-2025-03-08-at-9.41.53-PM-scaled.jpeg\"><img loading=\"lazy\" decoding=\"async\" width=\"1024\" height=\"673\" data-id=\"93489\" src=\"https:\/\/redsemlac.com\/semmexico\/wp-content\/uploads\/2025\/03\/WhatsApp-Image-2025-03-08-at-9.41.53-PM-1024x673.jpeg\" alt=\"\" class=\"wp-image-93489\" srcset=\"https:\/\/redsemlac.com\/semmexico\/wp-content\/uploads\/2025\/03\/WhatsApp-Image-2025-03-08-at-9.41.53-PM-1024x673.jpeg 1024w, https:\/\/redsemlac.com\/semmexico\/wp-content\/uploads\/2025\/03\/WhatsApp-Image-2025-03-08-at-9.41.53-PM-300x197.jpeg 300w, https:\/\/redsemlac.com\/semmexico\/wp-content\/uploads\/2025\/03\/WhatsApp-Image-2025-03-08-at-9.41.53-PM-768x505.jpeg 768w, https:\/\/redsemlac.com\/semmexico\/wp-content\/uploads\/2025\/03\/WhatsApp-Image-2025-03-08-at-9.41.53-PM-1536x1010.jpeg 1536w, https:\/\/redsemlac.com\/semmexico\/wp-content\/uploads\/2025\/03\/WhatsApp-Image-2025-03-08-at-9.41.53-PM-2048x1347.jpeg 2048w, https:\/\/redsemlac.com\/semmexico\/wp-content\/uploads\/2025\/03\/WhatsApp-Image-2025-03-08-at-9.41.53-PM-150x99.jpeg 150w, https:\/\/redsemlac.com\/semmexico\/wp-content\/uploads\/2025\/03\/WhatsApp-Image-2025-03-08-at-9.41.53-PM-696x458.jpeg 696w, https:\/\/redsemlac.com\/semmexico\/wp-content\/uploads\/2025\/03\/WhatsApp-Image-2025-03-08-at-9.41.53-PM-1068x702.jpeg 1068w, https:\/\/redsemlac.com\/semmexico\/wp-content\/uploads\/2025\/03\/WhatsApp-Image-2025-03-08-at-9.41.53-PM-1920x1262.jpeg 1920w\" sizes=\"auto, (max-width: 1024px) 100vw, 1024px\" \/><\/a><\/figure>\n\n\n\n<figure class=\"wp-block-image size-large\"><a href=\"https:\/\/redsemlac.com\/semmexico\/wp-content\/uploads\/2025\/03\/WhatsApp-Image-2025-03-08-at-9.38.53-PM-scaled.jpeg\"><img loading=\"lazy\" decoding=\"async\" width=\"1024\" height=\"768\" data-id=\"93488\" src=\"https:\/\/redsemlac.com\/semmexico\/wp-content\/uploads\/2025\/03\/WhatsApp-Image-2025-03-08-at-9.38.53-PM-1024x768.jpeg\" alt=\"\" class=\"wp-image-93488\" srcset=\"https:\/\/redsemlac.com\/semmexico\/wp-content\/uploads\/2025\/03\/WhatsApp-Image-2025-03-08-at-9.38.53-PM-1024x768.jpeg 1024w, https:\/\/redsemlac.com\/semmexico\/wp-content\/uploads\/2025\/03\/WhatsApp-Image-2025-03-08-at-9.38.53-PM-300x225.jpeg 300w, https:\/\/redsemlac.com\/semmexico\/wp-content\/uploads\/2025\/03\/WhatsApp-Image-2025-03-08-at-9.38.53-PM-768x576.jpeg 768w, https:\/\/redsemlac.com\/semmexico\/wp-content\/uploads\/2025\/03\/WhatsApp-Image-2025-03-08-at-9.38.53-PM-1536x1152.jpeg 1536w, https:\/\/redsemlac.com\/semmexico\/wp-content\/uploads\/2025\/03\/WhatsApp-Image-2025-03-08-at-9.38.53-PM-2048x1536.jpeg 2048w, https:\/\/redsemlac.com\/semmexico\/wp-content\/uploads\/2025\/03\/WhatsApp-Image-2025-03-08-at-9.38.53-PM-150x113.jpeg 150w, https:\/\/redsemlac.com\/semmexico\/wp-content\/uploads\/2025\/03\/WhatsApp-Image-2025-03-08-at-9.38.53-PM-696x522.jpeg 696w, https:\/\/redsemlac.com\/semmexico\/wp-content\/uploads\/2025\/03\/WhatsApp-Image-2025-03-08-at-9.38.53-PM-1068x801.jpeg 1068w, https:\/\/redsemlac.com\/semmexico\/wp-content\/uploads\/2025\/03\/WhatsApp-Image-2025-03-08-at-9.38.53-PM-1920x1440.jpeg 1920w\" sizes=\"auto, (max-width: 1024px) 100vw, 1024px\" \/><\/a><\/figure>\n<\/figure>\n\n\n<div class=\"wp-block-image\">\n<figure class=\"aligncenter size-large is-resized\"><a href=\"https:\/\/redsemlac.com\/semmexico\/wp-content\/uploads\/2025\/03\/WhatsApp-Image-2025-03-08-at-8.25.25-PM.jpeg\"><img loading=\"lazy\" decoding=\"async\" width=\"768\" height=\"1024\" src=\"https:\/\/redsemlac.com\/semmexico\/wp-content\/uploads\/2025\/03\/WhatsApp-Image-2025-03-08-at-8.25.25-PM-768x1024.jpeg\" alt=\"\" class=\"wp-image-93491\" style=\"width:356px;height:auto\" srcset=\"https:\/\/redsemlac.com\/semmexico\/wp-content\/uploads\/2025\/03\/WhatsApp-Image-2025-03-08-at-8.25.25-PM-768x1024.jpeg 768w, https:\/\/redsemlac.com\/semmexico\/wp-content\/uploads\/2025\/03\/WhatsApp-Image-2025-03-08-at-8.25.25-PM-225x300.jpeg 225w, https:\/\/redsemlac.com\/semmexico\/wp-content\/uploads\/2025\/03\/WhatsApp-Image-2025-03-08-at-8.25.25-PM-150x200.jpeg 150w, https:\/\/redsemlac.com\/semmexico\/wp-content\/uploads\/2025\/03\/WhatsApp-Image-2025-03-08-at-8.25.25-PM-300x400.jpeg 300w, https:\/\/redsemlac.com\/semmexico\/wp-content\/uploads\/2025\/03\/WhatsApp-Image-2025-03-08-at-8.25.25-PM-696x928.jpeg 696w, https:\/\/redsemlac.com\/semmexico\/wp-content\/uploads\/2025\/03\/WhatsApp-Image-2025-03-08-at-8.25.25-PM.jpeg 960w\" sizes=\"auto, (max-width: 768px) 100vw, 768px\" \/><\/a><\/figure>\n<\/div>","protected":false},"excerpt":{"rendered":"<p>\u00b7 Las vallas fueron derribadas por las manifestantes \u00b7 En otra marcha ni\u00f1as y j\u00f3venes, as\u00ed como madres del feminicidio denunciaron la falta de justicia Citlalli L\u00f3pez Vel\u00e1zquez. Fotos de L. Mej\u00eda. SemM\u00e9xico, Oaxaca, 8 de marzo, 2025.- La marcha del 8M en Oaxaca, que reuni\u00f3 a cientos de mujeres en exigencia de justicia y [&hellip;]<\/p>\n","protected":false},"author":3,"featured_media":93487,"comment_status":"open","ping_status":"open","sticky":false,"template":"","format":"standard","meta":{"_monsterinsights_skip_tracking":false,"footnotes":""},"categories":[205,897],"tags":[],"class_list":["post-93485","post","type-post","status-publish","format-standard","has-post-thumbnail","category-8-de-marzo","category-especial"],"_links":{"self":[{"href":"https:\/\/redsemlac.com\/semmexico\/wp-json\/wp\/v2\/posts\/93485","targetHints":{"allow":["GET"]}}],"collection":[{"href":"https:\/\/redsemlac.com\/semmexico\/wp-json\/wp\/v2\/posts"}],"about":[{"href":"https:\/\/redsemlac.com\/semmexico\/wp-json\/wp\/v2\/types\/post"}],"author":[{"embeddable":true,"href":"https:\/\/redsemlac.com\/semmexico\/wp-json\/wp\/v2\/users\/3"}],"replies":[{"embeddable":true,"href":"https:\/\/redsemlac.com\/semmexico\/wp-json\/wp\/v2\/comments?post=93485"}],"version-history":[{"count":0,"href":"https:\/\/redsemlac.com\/semmexico\/wp-json\/wp\/v2\/posts\/93485\/revisions"}],"wp:featuredmedia":[{"embeddable":true,"href":"https:\/\/redsemlac.com\/semmexico\/wp-json\/wp\/v2\/media\/93487"}],"wp:attachment":[{"href":"https:\/\/redsemlac.com\/semmexico\/wp-json\/wp\/v2\/media?parent=93485"}],"wp:term":[{"taxonomy":"category","embeddable":true,"href":"https:\/\/redsemlac.com\/semmexico\/wp-json\/wp\/v2\/categories?post=93485"},{"taxonomy":"post_tag","embeddable":true,"href":"https:\/\/redsemlac.com\/semmexico\/wp-json\/wp\/v2\/tags?post=93485"}],"curies":[{"name":"wp","href":"https:\/\/api.w.org\/{rel}","templated":true}]}}