{"id":93479,"date":"2025-03-08T18:39:29","date_gmt":"2025-03-09T00:39:29","guid":{"rendered":"https:\/\/redsemlac.com\/semmexico\/?p=93479"},"modified":"2025-03-08T18:39:30","modified_gmt":"2025-03-09T00:39:30","slug":"en-chihuahua-autoridades-infunden-temor-a-feministas-y-en-tuxpan-y-papantla-veracruz-suspenden-marcha-por-inseguridad","status":"publish","type":"post","link":"https:\/\/redsemlac.com\/semmexico\/en-chihuahua-autoridades-infunden-temor-a-feministas-y-en-tuxpan-y-papantla-veracruz-suspenden-marcha-por-inseguridad\/","title":{"rendered":"En Chihuahua autoridades infunden temor a feministas y en Tuxpan y Papantla, Veracruz suspenden marcha por inseguridad"},"content":{"rendered":"\n<p class=\"wp-block-paragraph\"><strong><\/strong><br>Foto Ricardo Mart\u00ednez&nbsp;Diario de Xalapa<\/p>\n\n\n\n<p class=\"wp-block-paragraph\">En Fort\u00edn por primera vez&nbsp; las mujeres salieron a&nbsp; exigir un alto a la violencia y a las agresiones feminicidas en todo Veracruz<\/p>\n\n\n\n<p class=\"wp-block-paragraph\">Orizaba se registraron hechos violentos en el Palacio de Hierro y un enfrentamiento entre activistas y mujeres de pro vida<\/p>\n\n\n\n<p class=\"wp-block-paragraph\">Micaela M\u00e1rquez<\/p>\n\n\n\n<p class=\"wp-block-paragraph\">SemM\u00e9xico. Ciudad de M\u00e9xico. 8 de marzo 2025.- Ante el incremento cada a\u00f1o de las marchas en Chihuahua que incluso en pandemia junto mil mujeres y a\u00f1os posteriores llegaron a&nbsp; tres mil, por lo que este a\u00f1o&nbsp; tuvieron que cambiar de ruta debido al amurallamiento del Palacio de Gobierno, la plaza donde se encuentra la emblem\u00e1tica antimonumenta \u201cCruz de Clavos\u201d y de paso incluy\u00f3 la rector\u00eda de la Universidad Aut\u00f3noma de Chihuahua.<\/p>\n\n\n\n<p class=\"wp-block-paragraph\">Las feministas chihuahuenses indignadas evidenciaron la serie de previsiones que hicieron las autoridades con muchos d\u00edas de anticipaci\u00f3n y consideran que as\u00ed promueven la criminalizaci\u00f3n de la protesta.<\/p>\n\n\n\n<p class=\"wp-block-paragraph\">Las feministas de Chihuahua aunque con temor se dijeron diversificadas y optaron por ir abajo del puente desde Cantera y Juventud, hasta la calle Ortiz Mena y Juventud (Transito). Cambiaron la ruta.<\/p>\n\n\n\n<figure class=\"wp-block-image size-large\"><a href=\"https:\/\/redsemlac.com\/semmexico\/wp-content\/uploads\/2025\/03\/chihuahua-02.png\"><img loading=\"lazy\" decoding=\"async\" width=\"1024\" height=\"575\" src=\"https:\/\/redsemlac.com\/semmexico\/wp-content\/uploads\/2025\/03\/chihuahua-02-1024x575.png\" alt=\"\" class=\"wp-image-93483\" srcset=\"https:\/\/redsemlac.com\/semmexico\/wp-content\/uploads\/2025\/03\/chihuahua-02-1024x575.png 1024w, https:\/\/redsemlac.com\/semmexico\/wp-content\/uploads\/2025\/03\/chihuahua-02-300x169.png 300w, https:\/\/redsemlac.com\/semmexico\/wp-content\/uploads\/2025\/03\/chihuahua-02-768x431.png 768w, https:\/\/redsemlac.com\/semmexico\/wp-content\/uploads\/2025\/03\/chihuahua-02-150x84.png 150w, https:\/\/redsemlac.com\/semmexico\/wp-content\/uploads\/2025\/03\/chihuahua-02-696x391.png 696w, https:\/\/redsemlac.com\/semmexico\/wp-content\/uploads\/2025\/03\/chihuahua-02-1068x600.png 1068w, https:\/\/redsemlac.com\/semmexico\/wp-content\/uploads\/2025\/03\/chihuahua-02.png 1200w\" sizes=\"auto, (max-width: 1024px) 100vw, 1024px\" \/><\/a><\/figure>\n\n\n\n<p class=\"wp-block-paragraph\">\u00a0Chihuahua foto de\u00a0Marcha del 8M en Chihuahua\u00a0\/\u00a0Foto: Alberto Hierro \/ El Heraldo de Chihuahua<\/p>\n\n\n\n<p class=\"wp-block-paragraph\">Sin embargo, entre las 2 y las&nbsp; 3 de la tarde a pesar de la lluvia o aguanieve realizaron la marcha con una parada en el Hospital de la Mujer para protestar por violencia obst\u00e9trica y derecho a un aborto libre y garantizado.<\/p>\n\n\n\n<figure class=\"wp-block-image size-large\"><a href=\"https:\/\/redsemlac.com\/semmexico\/wp-content\/uploads\/2025\/03\/chihuahua-03.png\"><img loading=\"lazy\" decoding=\"async\" width=\"1024\" height=\"576\" src=\"https:\/\/redsemlac.com\/semmexico\/wp-content\/uploads\/2025\/03\/chihuahua-03-1024x576.png\" alt=\"\" class=\"wp-image-93480\" srcset=\"https:\/\/redsemlac.com\/semmexico\/wp-content\/uploads\/2025\/03\/chihuahua-03-1024x576.png 1024w, https:\/\/redsemlac.com\/semmexico\/wp-content\/uploads\/2025\/03\/chihuahua-03-300x169.png 300w, https:\/\/redsemlac.com\/semmexico\/wp-content\/uploads\/2025\/03\/chihuahua-03-768x432.png 768w, https:\/\/redsemlac.com\/semmexico\/wp-content\/uploads\/2025\/03\/chihuahua-03-150x84.png 150w, https:\/\/redsemlac.com\/semmexico\/wp-content\/uploads\/2025\/03\/chihuahua-03-696x392.png 696w, https:\/\/redsemlac.com\/semmexico\/wp-content\/uploads\/2025\/03\/chihuahua-03-1068x601.png 1068w, https:\/\/redsemlac.com\/semmexico\/wp-content\/uploads\/2025\/03\/chihuahua-03.png 1200w\" sizes=\"auto, (max-width: 1024px) 100vw, 1024px\" \/><\/a><\/figure>\n\n\n\n<p class=\"wp-block-paragraph\">Integrantes de la AC Balam, realizaron una marcha por las calles de la cabecera municipal\u00a0\/\u00a0Roberto T\u00e9llez \/ El Sol de C\u00f3rdoba<\/p>\n\n\n\n<p class=\"wp-block-paragraph\">Seg\u00fan estimaciones de Milenio televisi\u00f3n a las 3 de la tarde se habr\u00edan reunido 2 mil personas. La concentraci\u00f3n se convoc\u00f3 para las 16:00 horas en la glorieta de Francisco Villa, desde donde las participantes partir\u00e1n por la avenida Universidad con destino a la Plaza del \u00c1ngel. Como parte de las medidas, las autoridades cerrar\u00e1n la circulaci\u00f3n en la avenida Universidad hasta el cruce con la 20 de Noviembre alrededor de las 15:30 horas, cuando los contingentes se re\u00fanan en su punto de partida.<\/p>\n\n\n\n<p class=\"wp-block-paragraph\"><strong>Suspenden marchas en Tuxpan y Papantla en Veracruz<\/strong><\/p>\n\n\n\n<p class=\"wp-block-paragraph\">Por inseguridad, colectivos feministas suspenden marchas del 8M en Tuxpan y Papantla informan desde el viernes confirmados en comunicados por el Colectivo Feminista Papanteco Libres y Voladoras y <a href=\"https:\/\/www.facebook.com\/ColectivoAquelarreFeministaDeTuxpanVer\">Colectivo Aquelarre Feminista<\/a>.<\/p>\n\n\n\n<p class=\"wp-block-paragraph\">En comunicados informaron que debido a la \u201cInseguridad desatada en estos \u00faltimos meses, es una tristeza para nosotras que nuestro Pueblo M\u00e1gico nos orille a tomar este tipo de medidas, pero nuestra&nbsp; principal prioridad siempre ser\u00e1n ustedes\u201d, se\u00f1alan en un comunicado.<\/p>\n\n\n\n<p class=\"wp-block-paragraph\">Agradecieron el apoyo recibido desde 2020 y explicaron que durante este mes realizar\u00e1n otras actividades que comunicar\u00e1n en su p\u00e1gina oficial.<\/p>\n\n\n\n<p class=\"wp-block-paragraph\"><strong>En Xalapa, Orizaba y C\u00f3rdoba si hubo marcha<\/strong><\/p>\n\n\n\n<p class=\"wp-block-paragraph\">La diversidad de mujeres j\u00f3venes, adultas, adolescentes y trans marcharon por las avenidas de la capital del Estado de Veracruz&nbsp; en dos marchas para exigir el alto a la violencia contra las mujeres y la aplicaci\u00f3n justa y efectiva de la ley.<\/p>\n\n\n\n<p class=\"wp-block-paragraph\">A un costado de las instalaciones del Poder Judicial, con meg\u00e1fono en mano, se pronunciaron por el acceso a la justicia y reparaci\u00f3n del da\u00f1o sin que eso signifique enfrentarse a un sistema descrito como violentador.<\/p>\n\n\n\n<p class=\"wp-block-paragraph\">Indicaron que es tiempo de hacer valer la Ley de los Derechos de Ni\u00f1as, Ni\u00f1os y Adolescentes del Estado de Veracruz, la Ley de Acceso de las Mujeres a una Vida Libre de Violencia y la Ley de V\u00edctimas para el Estado de Veracruz.<\/p>\n\n\n\n<p class=\"wp-block-paragraph\">Mientas que en Orizaba considerado Pueblo M\u00e1gico se registraron hechos violentos en el Palacio de Hierro y un enfrentamiento entre activistas y mujeres de pro vida, en la ciudad de las flores, Fort\u00edn, C\u00f3rdoba por primera vez&nbsp; las mujeres salieron a&nbsp; exigir un alto a la violencia y a las agresiones en contra de ellas, no solo en Fort\u00edn, sino en el estado y el pa\u00eds bajo la convocatoria de AC Balam.<\/p>\n\n\n\n<p class=\"wp-block-paragraph\"><\/p>\n","protected":false},"excerpt":{"rendered":"<p>Foto Ricardo Mart\u00ednez&nbsp;Diario de Xalapa En Fort\u00edn por primera vez&nbsp; las mujeres salieron a&nbsp; exigir un alto a la violencia y a las agresiones feminicidas en todo Veracruz Orizaba se registraron hechos violentos en el Palacio de Hierro y un enfrentamiento entre activistas y mujeres de pro vida Micaela M\u00e1rquez SemM\u00e9xico. Ciudad de M\u00e9xico. 8 [&hellip;]<\/p>\n","protected":false},"author":3,"featured_media":93481,"comment_status":"open","ping_status":"open","sticky":false,"template":"","format":"standard","meta":{"_monsterinsights_skip_tracking":false,"footnotes":""},"categories":[205,694],"tags":[],"class_list":["post-93479","post","type-post","status-publish","format-standard","has-post-thumbnail","category-8-de-marzo","category-destacadas"],"_links":{"self":[{"href":"https:\/\/redsemlac.com\/semmexico\/wp-json\/wp\/v2\/posts\/93479","targetHints":{"allow":["GET"]}}],"collection":[{"href":"https:\/\/redsemlac.com\/semmexico\/wp-json\/wp\/v2\/posts"}],"about":[{"href":"https:\/\/redsemlac.com\/semmexico\/wp-json\/wp\/v2\/types\/post"}],"author":[{"embeddable":true,"href":"https:\/\/redsemlac.com\/semmexico\/wp-json\/wp\/v2\/users\/3"}],"replies":[{"embeddable":true,"href":"https:\/\/redsemlac.com\/semmexico\/wp-json\/wp\/v2\/comments?post=93479"}],"version-history":[{"count":0,"href":"https:\/\/redsemlac.com\/semmexico\/wp-json\/wp\/v2\/posts\/93479\/revisions"}],"wp:featuredmedia":[{"embeddable":true,"href":"https:\/\/redsemlac.com\/semmexico\/wp-json\/wp\/v2\/media\/93481"}],"wp:attachment":[{"href":"https:\/\/redsemlac.com\/semmexico\/wp-json\/wp\/v2\/media?parent=93479"}],"wp:term":[{"taxonomy":"category","embeddable":true,"href":"https:\/\/redsemlac.com\/semmexico\/wp-json\/wp\/v2\/categories?post=93479"},{"taxonomy":"post_tag","embeddable":true,"href":"https:\/\/redsemlac.com\/semmexico\/wp-json\/wp\/v2\/tags?post=93479"}],"curies":[{"name":"wp","href":"https:\/\/api.w.org\/{rel}","templated":true}]}}