{"id":93476,"date":"2025-03-08T18:15:46","date_gmt":"2025-03-09T00:15:46","guid":{"rendered":"https:\/\/redsemlac.com\/semmexico\/?p=93476"},"modified":"2025-03-08T18:15:47","modified_gmt":"2025-03-09T00:15:47","slug":"performance-en-el-8m-como-simbolo-de-protesta","status":"publish","type":"post","link":"https:\/\/redsemlac.com\/semmexico\/performance-en-el-8m-como-simbolo-de-protesta\/","title":{"rendered":"\u00a0Performance en el 8M como s\u00edmbolo de protesta\u00a0"},"content":{"rendered":"\n<p class=\"wp-block-paragraph\">&nbsp;Lizbeth \u00c1lvarez Mart\u00ednez,&nbsp; texto y fotos<\/p>\n\n\n\n<p class=\"wp-block-paragraph\">SemM\u00e9xico, Cd. de M\u00e9xico, 8 de marzo, &nbsp; 2025.-Decenas de mujeres &nbsp; acudieron a la movilizaci\u00f3n en la Ciudad de M\u00e9xico en nombre de sus desaparecidas y asesinadas para exigir justicia.<\/p>\n\n\n\n<p class=\"wp-block-paragraph\">Durante la marcha se realizan performance en las calles, por ejemplo en avenida Ju\u00e1rez como s\u00edmbolo de protesta, utilizan aros, tambores y hacen malabares.<\/p>\n\n\n\n<p class=\"wp-block-paragraph\">Por otra parte, manifestantes quemaron objetos en el banco BBVA de Bellas Artes. Esto tambi\u00e9n sucedi\u00f3 a un costado de la Glorieta de las Mujeres que Luchan, poco antes de que iniciara la marcha.<\/p>\n\n\n\n<p class=\"wp-block-paragraph\">El bloque negro se hace presente en la marcha mientras realizan pintas, golpean cortinas de establecimientos y rompen varios objetos durante su paso por las calles de la capital.<\/p>\n\n\n\n<p class=\"wp-block-paragraph\">En el Z\u00f3calo capitalino comienzan a congregarse mujeres, quienes ante la colocaci\u00f3n de vallas met\u00e1licas tratan de tirarlas, colocan im\u00e1genes de desaparecidas o de hombres a quienes acusan de agresiones o violaciones y lanzan objetos contra los elementos de seguridad que se encuentran detr\u00e1s del cerco.<\/p>\n\n\n\n<p class=\"wp-block-paragraph\">.<img loading=\"lazy\" decoding=\"async\" src=\"https:\/\/lh7-rt.googleusercontent.com\/docsz\/AD_4nXcKglXnmw6mLMU_8KXqQIT_zTF-Swq4UlaKWFcQb6ORJbzpCFeNpFExVZ4pgBol5YSVOh3BnY5T91Q5KjxpTOX43ttU4G5s1rdcGdxMeX5XksOko6TZsi0p8z1Gp_zwvinferJiaP6yz0OeD8IsUKw?key=kcR5tBkrhunfp5Bsy9_1K_Vr\" width=\"454\" height=\"605\"><\/p>\n\n\n\n<p class=\"wp-block-paragraph\">Los primeros contingentes de la marcha por el 8M comienzan a llegar a la explanada del Z\u00f3calo, en donde fue instalado un templete y varias mujeres v\u00edctimas de las diferentes violencias toman la palabra para exponer sus casos.<\/p>\n\n\n\n<p class=\"wp-block-paragraph\">Las manifestantes llegan al sitio para sentarse, hidratarse, buscar a sus aliadas, taparse con sus propias pancartas del fuerte sol.<\/p>\n\n\n\n<figure class=\"wp-block-image\"><img decoding=\"async\" src=\"https:\/\/lh7-rt.googleusercontent.com\/docsz\/AD_4nXfysz_nnbVjeR4sAynkzncMvKF8sMPS2xiUr7zIcJWCFBdMnucIR1P_CInPs8wwQal87jTKdY95tmmQNPclTqzN4Me_3wLgbGmxJ_2GtWdFrtHhgCW6_gT1z1rTAhKxsm9qseiAFQbQB1YF83TmTVA?key=kcR5tBkrhunfp5Bsy9_1K_Vr\" alt=\"El Bloque negro es un grito por el hartazgo social, asegura activista  feminista \u2013 Primera L\u00ednea\"\/><\/figure>\n\n\n\n<p class=\"wp-block-paragraph\">Mientras por otro lado, un grupo de aproximadamente 20 integrantes del bloque negro, algunos de ellos hombres, golpean con insistencia las vallas de Palacio Nacional.<\/p>\n\n\n\n<figure class=\"wp-block-image\"><img decoding=\"async\" src=\"https:\/\/lh7-rt.googleusercontent.com\/docsz\/AD_4nXeHhMU3Lc5tPqvYFm60MQo8LsNzknopeVDTfjkCKOyjokkQREpdl5WDHeufmDMX50afz7HB2NykcqAZwWV60Go2VpZaQmm61lpCc-SpeRsorZWVOIX-JnwIIzXnhh7er1Z5WVWELlVOT-QF3aHM0w?key=kcR5tBkrhunfp5Bsy9_1K_Vr\" alt=\"Multitud de personas en la calle\n\nEl contenido generado por IA puede ser incorrecto.\"\/><\/figure>\n\n\n\n<p class=\"wp-block-paragraph\">OAXACA PRONUNCIAMIENTO DE CONSORCIO PARA EL DI\u00c1LOGO<\/p>\n\n\n\n<p class=\"wp-block-paragraph\">\ud83d\udc65\ud83d\udce3Las mujeres de Oaxaca nos levantamos, una vez m\u00e1s, con la voz firme y el coraz\u00f3n encendido por la indignaci\u00f3n y la esperanza. Nos unimos con sororidad y rebeld\u00eda para denunciar la violencia, la explotaci\u00f3n y la injusticia que nos atraviesan y para convocarnos a tejer juntas, en nuestra diversidad y fortalezas, para exigir el respeto y la dignidad que merecemos.<\/p>\n\n\n\n<p class=\"wp-block-paragraph\">\u2764\ufe0f\u200d\ud83d\udd25En Oaxaca, ser mujer es resistir. Resistir ante un sistema patriarcal que nos asesina, nos desaparece, explota e invisibiliza, y que toma forma en autoridades omisas, indiferentes y perpetuadoras de la violencia contra nosotras.&nbsp;<\/p>\n\n\n\n<p class=\"wp-block-paragraph\">\u261d\ufe0f\ud83d\udfe3En lo que va de la llamada Primavera Oaxaque\u00f1a, se han cometido 225 feminicidios y 855 mujeres han sido desaparecidas.&nbsp; Son 1080 mujeres que nos han arrebato y para quienes no ha llegado la justicia ni la presentaci\u00f3n con vida.<\/p>\n","protected":false},"excerpt":{"rendered":"<p>&nbsp;Lizbeth \u00c1lvarez Mart\u00ednez,&nbsp; texto y fotos SemM\u00e9xico, Cd. de M\u00e9xico, 8 de marzo, &nbsp; 2025.-Decenas de mujeres &nbsp; acudieron a la movilizaci\u00f3n en la Ciudad de M\u00e9xico en nombre de sus desaparecidas y asesinadas para exigir justicia. Durante la marcha se realizan performance en las calles, por ejemplo en avenida Ju\u00e1rez como s\u00edmbolo de protesta, [&hellip;]<\/p>\n","protected":false},"author":3,"featured_media":93477,"comment_status":"open","ping_status":"open","sticky":false,"template":"","format":"standard","meta":{"_monsterinsights_skip_tracking":false,"footnotes":""},"categories":[205,27],"tags":[],"class_list":["post-93476","post","type-post","status-publish","format-standard","has-post-thumbnail","category-8-de-marzo","category-cobertura-especial"],"_links":{"self":[{"href":"https:\/\/redsemlac.com\/semmexico\/wp-json\/wp\/v2\/posts\/93476","targetHints":{"allow":["GET"]}}],"collection":[{"href":"https:\/\/redsemlac.com\/semmexico\/wp-json\/wp\/v2\/posts"}],"about":[{"href":"https:\/\/redsemlac.com\/semmexico\/wp-json\/wp\/v2\/types\/post"}],"author":[{"embeddable":true,"href":"https:\/\/redsemlac.com\/semmexico\/wp-json\/wp\/v2\/users\/3"}],"replies":[{"embeddable":true,"href":"https:\/\/redsemlac.com\/semmexico\/wp-json\/wp\/v2\/comments?post=93476"}],"version-history":[{"count":0,"href":"https:\/\/redsemlac.com\/semmexico\/wp-json\/wp\/v2\/posts\/93476\/revisions"}],"wp:featuredmedia":[{"embeddable":true,"href":"https:\/\/redsemlac.com\/semmexico\/wp-json\/wp\/v2\/media\/93477"}],"wp:attachment":[{"href":"https:\/\/redsemlac.com\/semmexico\/wp-json\/wp\/v2\/media?parent=93476"}],"wp:term":[{"taxonomy":"category","embeddable":true,"href":"https:\/\/redsemlac.com\/semmexico\/wp-json\/wp\/v2\/categories?post=93476"},{"taxonomy":"post_tag","embeddable":true,"href":"https:\/\/redsemlac.com\/semmexico\/wp-json\/wp\/v2\/tags?post=93476"}],"curies":[{"name":"wp","href":"https:\/\/api.w.org\/{rel}","templated":true}]}}