{"id":93473,"date":"2025-03-08T18:08:05","date_gmt":"2025-03-09T00:08:05","guid":{"rendered":"https:\/\/redsemlac.com\/semmexico\/?p=93473"},"modified":"2025-03-08T18:08:06","modified_gmt":"2025-03-09T00:08:06","slug":"marchan-mujeres-y-feministas-en-monterrey-por-las-desaparecidas-y-en-tlaxcala-un-festival-y-ajedrez","status":"publish","type":"post","link":"https:\/\/redsemlac.com\/semmexico\/marchan-mujeres-y-feministas-en-monterrey-por-las-desaparecidas-y-en-tlaxcala-un-festival-y-ajedrez\/","title":{"rendered":"Marchan mujeres y feministas en Monterrey por las desaparecidas y en Tlaxcala\u00a0 un festival y ajedrez\u00a0"},"content":{"rendered":"\n<p class=\"wp-block-paragraph\">Hoy, la violencia contra las mujeres en M\u00e9xico y en Nuevo Le\u00f3n contin\u00faa, pues siguen desapareciendo y siendo asesinadas<\/p>\n\n\n\n<p class=\"wp-block-paragraph\">Con el Festival Feminista 2025 inici\u00f3 Tlaxcala actividades culturales por el 8M<\/p>\n\n\n\n<p class=\"wp-block-paragraph\">&nbsp;David Casas \/ Corresponsal y M\u00f3nica Vargas<\/p>\n\n\n\n<p class=\"wp-block-paragraph\">SemM\u00e9xico\/ El Sol de M\u00e9xico\/ El Sol de Tlaxcala, Monterrey, NL y Tlaxcala, 8 de marzo, 2025.- Integrantes de la&nbsp;Agrupaci\u00f3n de Mujeres Organizadas por las y los Ejecutados, Secuestrados y Desaparecidos de Nuevo Le\u00f3n y Tamaulipas&nbsp;(AMORES) se reunieron para conmemorar el&nbsp;D\u00eda Internacional de la Mujer&nbsp;y alzar la voz por todas las desaparecidas, las que fueron asesinadas, las que partieron sin encontrar verdad y justicia, por todas las madres, hermanas e hijas por las que siguen buscando justicia y paz.<\/p>\n\n\n\n<p class=\"wp-block-paragraph\">Ellas, realizaron una protesta pac\u00edfica en la Explanada de Los H\u00e9roes, en la Gran Plaza, frente al palacio de gobierno estatal y ah\u00ed, manifestaron:<\/p>\n\n\n\n<p class=\"wp-block-paragraph\">\u201cA nosotras, mujeres que buscamos a nuestros seres queridos desaparecidos, se nos niega la verdad y se nos condena a una vida de dolor e incertidumbre. No saber d\u00f3nde est\u00e1n afecta nuestro&nbsp;bienestar f\u00edsico, emocional, mental y econ\u00f3mico, el nuestro y el de nuestras familias. Vivimos con la angustia constante de no saber la verdad:&nbsp;sin verdad no hay justicia y sin justicia no hay paz\u201d.<\/p>\n\n\n\n<p class=\"wp-block-paragraph\">Recordaron que hace&nbsp;114 a\u00f1os encerraron y asesinaron a mujeres trabajadoras en Nueva York por exigir sus derechos.&nbsp;Hoy, la violencia contra las mujeres en&nbsp;M\u00e9xico y en Nuevo Le\u00f3n&nbsp;contin\u00faa, pues siguen desapareciendo y siendo asesinadas.<\/p>\n\n\n\n<p class=\"wp-block-paragraph\">Al dar lectura a un documento exigieron al&nbsp;gobernador Samuel Garc\u00eda&nbsp;y a las autoridades de todos los niveles de gobierno justicia y acci\u00f3n inmediata con varias protestas entre ellas alerta m\u00f3vil inmediata para la b\u00fasqueda de mujeres desaparecidas, respuesta y acciones reales para encontrar a sus hijas, protecci\u00f3n efectiva para las madres buscadoras y voluntad pol\u00edtica para colaborar y coordinar esfuerzos contundentes y detener la crisis de violencia con las mujeres como principales v\u00edctimas.<\/p>\n\n\n\n<p class=\"wp-block-paragraph\">Hoy nos manifestamos porque no queremos que ninguna mujer m\u00e1s tenga que salir a buscar a una persona amada. Porque anhelamos un pa\u00eds donde las mujeres vivan con dignidad, en paz y con derechos garantizados<em> mujeres de la marcha del 8M<\/em><\/p>\n\n\n\n<p class=\"wp-block-paragraph\">Queremos y debemos vivir en paz y seguras, en condiciones de igualdad, libres de toda discriminaci\u00f3n, ser mujeres guerreras que luchamos por lo que amamos y seguiremos caminando \u201chasta saber d\u00f3nde est\u00e1n\u201d.<\/p>\n\n\n\n<p class=\"wp-block-paragraph\"><img loading=\"lazy\" decoding=\"async\" src=\"https:\/\/lh7-rt.googleusercontent.com\/docsz\/AD_4nXcKo8bkBDo-SopPihxK1qK0A_dnhTJo3_PECSN7HVnNbxqkKWfYo5RSWmit2cUzAYEPx_7x4xuNOcPiujHq2jK9YUqoNxtyGn-PYzsUFj47WxTRj4gjA0gXsHAkqftBezzp3durNYPIcjBG7hKjmpc?key=OEbfAVc4O_cstBeHtn0oujf1\" width=\"643\" height=\"361\">8M Monterrey&nbsp;\/&nbsp;David Casas \/ Corresponsal<\/p>\n\n\n\n<p class=\"wp-block-paragraph\">\u201cHija escucha, t\u00fa madre est\u00e1 en la lucha, porque vivas se las llevaron, vivas las queremos\u201d, fueron algunas de las consignas de las mujeres integrantes de Amores en su protesta pac\u00edfica de poco m\u00e1s de una hora.<\/p>\n\n\n\n<p class=\"wp-block-paragraph\">Colectivas y grupos de mujeres llegan a la Explanada de los H\u00e9roes en el marco de la conmemoraci\u00f3n del D\u00eda Internacional de las Mujeres.<\/p>\n\n\n\n<p class=\"wp-block-paragraph\"><strong>Llegan cientos de mujeres a la marcha<\/strong><\/p>\n\n\n\n<p class=\"wp-block-paragraph\">Por otro lado, la Gran Plaza, se abarrota de mujeres que llegaron con pancartas y vestidas con playeras de color morado, alusivas al evento para iniciar la marcha a las 17:00 horas por calles del centro de la ciudad a donde fueron convocadas por Morras Feministas.<\/p>\n\n\n\n<p class=\"wp-block-paragraph\">Desde temprano colocaron un medio centenar de puestos de emprendedoras que llaman&nbsp;la Mercadita,&nbsp;un espacio de venta s\u00f3lo para mujeres que transitan entre el&nbsp;Palacio de Gobierno y el Museo de Historia Mexicana, y en el que se venden los pa\u00f1uelos verdes y morados, alusivos al movimiento feminista, as\u00ed como aguas y snacks.<\/p>\n\n\n\n<p class=\"wp-block-paragraph\">Grupos de&nbsp;mujeres&nbsp;comenzaron a pegar cartulinas en las vallas instaladas alrededor del&nbsp;Palacio de Gobierno,&nbsp;en tanto integrantes de distintos colectivos tambi\u00e9n hacen acto de presencia para la marcha que tiene programado un regreso m\u00e1s tarde a la misma Gran Plaza de donde parten<\/p>\n\n\n\n<p class=\"wp-block-paragraph\">Un&nbsp;grupo de mujeres del colectivo Renacer, que busca personas desaparecidas en&nbsp;Nuevo Le\u00f3n y Tamaulipas,&nbsp;llegaron tambi\u00e9n acompa\u00f1adas de sus hijos, as\u00ed como quienes integran el&nbsp;Movimiento de Personas con Discapacidad, los que partir\u00e1n de otro rumbo del centro de la ciudad.<\/p>\n\n\n\n<p class=\"wp-block-paragraph\"><strong>Con el Festival Feminista 2025 inicia Tlaxcala actividades culturales por el 8M<\/strong><\/p>\n\n\n\n<p class=\"wp-block-paragraph\"><img loading=\"lazy\" decoding=\"async\" src=\"https:\/\/lh7-rt.googleusercontent.com\/docsz\/AD_4nXfSyVIdzDuRcgHHM5gY6GXw6i0oPkWKPKTnZ-4c91-4i9nwevRI_MNs8EBnJsqaR2gcOyjX6oeMhFbLsBT61y9DQ5qwPSCyiNNrK2F3xQJbCDeoGUGLbDmIiLPUNb0DKqaILt9NKs_rh2hknsdiQ2I?key=OEbfAVc4O_cstBeHtn0oujf1\" width=\"643\" height=\"361\">La edici\u00f3n 2025 del Festival Feminista de Tlaxcala reuni\u00f3 a mujeres para conmemorar su d\u00eda. Gibran Espinoza&nbsp;\/&nbsp;El Sol de Tlaxcala<\/p>\n\n\n\n<p class=\"wp-block-paragraph\">Enmarcada por el florecimiento de las jacarandas, la Plaza de la Constituci\u00f3n en Tlaxcala se ti\u00f1\u00f3 de morado con el arranque del&nbsp;<a href=\"https:\/\/oem.com.mx\/elsoldetlaxcala\/local\/intercambian-ecuador-colombia-y-tlaxcala-sus-culturas-y-tradiciones-22042080\">Festival<\/a>&nbsp;Feminista Tlaxcala 2025,&nbsp;un espacio de encuentro, expresi\u00f3n y resistencia que re\u00fane a mujeres de todas las edades en el marco del D\u00eda Internacional de la Mujer.&nbsp;<\/p>\n\n\n\n<p class=\"wp-block-paragraph\">Organizado por el colectivo Sodi,&nbsp;el<a href=\"https:\/\/oem.com.mx\/elsoldetlaxcala\/local\/intercambian-ecuador-colombia-y-tlaxcala-sus-culturas-y-tradiciones-22042080\">&nbsp;festival<\/a>&nbsp;comenz\u00f3 a las 11:00 horas con una sesi\u00f3n de pinta de pa\u00f1oletas y elaboraci\u00f3n de carteles con consignas feministas, actividad coordinada por la Red por los Derechos Sexuales y Reproductivos en M\u00e9xico (DDSER). La jornada contin\u00faa con diversas expresiones art\u00edsticas y talleres colaborativos que buscan fortalecer la voz y la creatividad de las mujeres.<\/p>\n\n\n\n<p class=\"wp-block-paragraph\"><img loading=\"lazy\" decoding=\"async\" src=\"https:\/\/lh7-rt.googleusercontent.com\/docsz\/AD_4nXfZvtIe8RNPkNIvgIURWF3cTgJKv5wXuZ_SZq-P2X-qiGh8Ep6BW00u_4tDyLtMQVOiidRoDDehCQWKLAW9iiDS_tncjgOrbmxf5pXdwi2KJCVvUVjqyh2dm_JsF9VU0tXXC24Woi_0X9zoUrW_4n8?key=OEbfAVc4O_cstBeHtn0oujf1\" width=\"639\" height=\"359\">Previo a la marcha del 8M, las asientes se preparan con carteles y pa\u00f1oletas. Gibran Espinoza&nbsp;\/&nbsp;El Sol de Tlaxcala<\/p>\n\n\n\n<p class=\"wp-block-paragraph\">Entre las actividades destacadas, la escritora Saremi Moreno imparti\u00f3 el<a href=\"https:\/\/oem.com.mx\/elsoldetlaxcala\/local\/recibiran-capacitacion-mujeres-beneficiarias-de-las-unidades-de-bienestar-para-tu-nutricion-22011339\">&nbsp;taller<\/a>&nbsp;de escritura creativa \u201cTendedero de deseos\u201d, donde las participantes plasmaron sus anhelos de un mundo m\u00e1s justo e igualitario.&nbsp;A su vez, la artista Albadelia Solano gui\u00f3 el taller \u201cBordando con el coraz\u00f3n\u201d, en el que las asistentes bordaron sus intenciones en punto de cruz, para \u201cresignificar el tejido como una herramienta de expresi\u00f3n y resistencia\u201c, destacaron.<\/p>\n\n\n\n<p class=\"wp-block-paragraph\">El feminismo en el arte gr\u00e1fico tambi\u00e9n tuvo su espacio con la colectiva Leenco,&nbsp;que ofreci\u00f3 un taller de creaci\u00f3n de fanzines a partir de im\u00e1genes con perspectiva feminista.&nbsp;Adem\u00e1s, Ale Mrea imparti\u00f3 un taller de mandalas.<\/p>\n\n\n\n<p class=\"wp-block-paragraph\">La edici\u00f3n 2025 del Festival Feminista de Tlaxcala reuni\u00f3 a mujeres para conmemorar su d\u00eda. Gibran Espinoza&nbsp;\/&nbsp;El Sol de Tlaxcala<\/p>\n\n\n\n<p class=\"wp-block-paragraph\">El ensamble Xilonen Ensamble Vocal interpret\u00f3 \u201cEl velo se cay\u00f3\u201d a las 14:00 horas, un canto de mujeres que se ha convertido en s\u00edmbolo de unidad.<\/p>\n\n\n\n<p class=\"wp-block-paragraph\">A lo largo del d\u00eda, las asistentes tambi\u00e9n pudieron participar en torneos de&nbsp;<a href=\"https:\/\/oem.com.mx\/elsoldetlaxcala\/deportes\/torneo-de-ajedrez-40-jugadores-de-tlaxcala-compiten-por-un-lugar-en-los-nacionales-conade-2025-21699328\">ajedrez<\/a>,&nbsp;recibieron asesor\u00eda jur\u00eddica gratuita y exploraron el mundo de la ciencia con los experimentos de las cient\u00edficas Erika Flores y Abigail Tlahuiz para ni\u00f1as y mujeres.&nbsp;Asimismo, hubo orientaci\u00f3n sobre educaci\u00f3n sexual y maternidad, as\u00ed como entrega de anticonceptivos hasta las 14:30 horas.&nbsp;<\/p>\n","protected":false},"excerpt":{"rendered":"<p>Hoy, la violencia contra las mujeres en M\u00e9xico y en Nuevo Le\u00f3n contin\u00faa, pues siguen desapareciendo y siendo asesinadas Con el Festival Feminista 2025 inici\u00f3 Tlaxcala actividades culturales por el 8M &nbsp;David Casas \/ Corresponsal y M\u00f3nica Vargas SemM\u00e9xico\/ El Sol de M\u00e9xico\/ El Sol de Tlaxcala, Monterrey, NL y Tlaxcala, 8 de marzo, 2025.- [&hellip;]<\/p>\n","protected":false},"author":3,"featured_media":93474,"comment_status":"open","ping_status":"open","sticky":false,"template":"","format":"standard","meta":{"_monsterinsights_skip_tracking":false,"footnotes":""},"categories":[205,27,694],"tags":[],"class_list":["post-93473","post","type-post","status-publish","format-standard","has-post-thumbnail","category-8-de-marzo","category-cobertura-especial","category-destacadas"],"_links":{"self":[{"href":"https:\/\/redsemlac.com\/semmexico\/wp-json\/wp\/v2\/posts\/93473","targetHints":{"allow":["GET"]}}],"collection":[{"href":"https:\/\/redsemlac.com\/semmexico\/wp-json\/wp\/v2\/posts"}],"about":[{"href":"https:\/\/redsemlac.com\/semmexico\/wp-json\/wp\/v2\/types\/post"}],"author":[{"embeddable":true,"href":"https:\/\/redsemlac.com\/semmexico\/wp-json\/wp\/v2\/users\/3"}],"replies":[{"embeddable":true,"href":"https:\/\/redsemlac.com\/semmexico\/wp-json\/wp\/v2\/comments?post=93473"}],"version-history":[{"count":0,"href":"https:\/\/redsemlac.com\/semmexico\/wp-json\/wp\/v2\/posts\/93473\/revisions"}],"wp:featuredmedia":[{"embeddable":true,"href":"https:\/\/redsemlac.com\/semmexico\/wp-json\/wp\/v2\/media\/93474"}],"wp:attachment":[{"href":"https:\/\/redsemlac.com\/semmexico\/wp-json\/wp\/v2\/media?parent=93473"}],"wp:term":[{"taxonomy":"category","embeddable":true,"href":"https:\/\/redsemlac.com\/semmexico\/wp-json\/wp\/v2\/categories?post=93473"},{"taxonomy":"post_tag","embeddable":true,"href":"https:\/\/redsemlac.com\/semmexico\/wp-json\/wp\/v2\/tags?post=93473"}],"curies":[{"name":"wp","href":"https:\/\/api.w.org\/{rel}","templated":true}]}}