{"id":93467,"date":"2025-03-08T17:40:03","date_gmt":"2025-03-08T23:40:03","guid":{"rendered":"https:\/\/redsemlac.com\/semmexico\/?p=93467"},"modified":"2025-03-08T17:40:04","modified_gmt":"2025-03-08T23:40:04","slug":"las-expresiones-de-la-inmensa-marcha-de-mujeres-que-poblo-el-centro-de-la-ciudad-de-mexico-este-8m","status":"publish","type":"post","link":"https:\/\/redsemlac.com\/semmexico\/las-expresiones-de-la-inmensa-marcha-de-mujeres-que-poblo-el-centro-de-la-ciudad-de-mexico-este-8m\/","title":{"rendered":"Las expresiones de la inmensa marcha de mujeres que\u00a0pobl\u00f3 el centro de la Ciudad de M\u00e9xico este 8M"},"content":{"rendered":"\n<p class=\"wp-block-paragraph\">Este 8 de marzo, miles de mujeres salieron&nbsp; a las calles de la Ciudad de M\u00e9xico por el D\u00eda Internacional de la Mujer, donde exigen un alto a la&nbsp;violencia feminicida.<\/p>\n\n\n\n<p class=\"wp-block-paragraph\">Las madres de desaparecidas y asesinadas contaron sus historia<\/p>\n\n\n\n<p class=\"wp-block-paragraph\">Las mujeres de la tercera edad hicieron protestas y demostraciones<\/p>\n\n\n\n<p class=\"wp-block-paragraph\">Elda Montiel, Dana Estrada y Gloria L\u00f3pez*<\/p>\n\n\n\n<p class=\"wp-block-paragraph\">SemM\u00e9xico, Cd. de M\u00e9xico, 8 de marzo, 2025.- Al filo del mediod\u00eda, los contingentes de mujeres partieron de Paseo de la Reforma hacia el Z\u00f3calo, portando&nbsp;pa\u00f1uelos y prendas moradas, as\u00ed como carteles y pancartas con mensajes como \u201cLas quiero vivas\u201d y \u201cVivas se las llevaron y vivas las queremos\u201d. Estaba cayendo la tarde cuando todav\u00eda estaban llegando al z\u00f3calo capitalino. No se reportaron incidentes.<\/p>\n\n\n\n<p class=\"wp-block-paragraph\">A la cabeza, como cada a\u00f1o, salieron&nbsp;familiares de v\u00edctimas de feminicidio,&nbsp;como en el caso de Mar\u00eda del Carmen Volante, madre de&nbsp;<a href=\"https:\/\/www.oem.com.mx\/elsoldemexico\/metropoli\/article13074076.ece\" target=\"_blank\" rel=\"noreferrer noopener\">Pamela Gallardo<\/a>, desaparecida 5 de noviembre del 2017, quien denuncia que no ha sido requerida en las sesiones del Gabinete de B\u00fasqueda que sesiona actualmente por petici\u00f3n de Clara Brugada, jefa de gobierno de la CdMx.<\/p>\n\n\n\n<p class=\"wp-block-paragraph\">Y&nbsp; antes del mediod\u00eda en la Glorieta de las Mujeres que Luchan donde las madres de las mujeres v\u00edctimas de feminicidio encabezaron un performance dieron nombre, apellido y cargo de los jueces que han omitido la perspectiva de g\u00e9nero en los casos y quemaron despu\u00e9s cartones que representaban a los procuradores de justicia.<\/p>\n\n\n\n<p class=\"wp-block-paragraph\">Entre ellas Aracely Osorio mam\u00e1 de Lesvy Berl\u00edn Rivera Osorio, quien refiri\u00f3 que el juez de enjuiciamiento del Sistema Procesal Penal Acusatorio de la Ciudad de M\u00e9xico, Christian Ricardo Franco Reyes juzgo sin perspectiva de g\u00e9nero el caso de su hija. La estudiante fue asesinada el 3 de mayo de 2017 por su novio Jorge Luis Gonz\u00e1lez Hern\u00e1ndez en el campus de la Universidad Nacional Aut\u00f3noma de M\u00e9xico y el gobierno de la ciudad tuvo que pedir disculpas p\u00fablicas en la administraci\u00f3n de Claudia Sheinbaum Pardo.<\/p>\n\n\n\n<p class=\"wp-block-paragraph\">Jacqueline, madre de Montserrat Uribe Palmeros, la joven que desapareci\u00f3 en 2020 y cuyos restos fueron hallados tras cuatro a\u00f1os de revictimizaciones reclamo a la Jueza del Tribunal Superior de Justicia de la Ciudad de M\u00e9xico, Belem Bola\u00f1os por liberar a los presuntos implicados en la desaparici\u00f3n de su hija.<\/p>\n\n\n\n<figure class=\"wp-block-image size-large\"><a href=\"https:\/\/redsemlac.com\/semmexico\/wp-content\/uploads\/2025\/03\/expreciones-de-la-marcha-02.png\"><img loading=\"lazy\" decoding=\"async\" width=\"1024\" height=\"576\" src=\"https:\/\/redsemlac.com\/semmexico\/wp-content\/uploads\/2025\/03\/expreciones-de-la-marcha-02-1024x576.png\" alt=\"\" class=\"wp-image-93469\" srcset=\"https:\/\/redsemlac.com\/semmexico\/wp-content\/uploads\/2025\/03\/expreciones-de-la-marcha-02-1024x576.png 1024w, https:\/\/redsemlac.com\/semmexico\/wp-content\/uploads\/2025\/03\/expreciones-de-la-marcha-02-300x169.png 300w, https:\/\/redsemlac.com\/semmexico\/wp-content\/uploads\/2025\/03\/expreciones-de-la-marcha-02-768x432.png 768w, https:\/\/redsemlac.com\/semmexico\/wp-content\/uploads\/2025\/03\/expreciones-de-la-marcha-02-150x84.png 150w, https:\/\/redsemlac.com\/semmexico\/wp-content\/uploads\/2025\/03\/expreciones-de-la-marcha-02-696x392.png 696w, https:\/\/redsemlac.com\/semmexico\/wp-content\/uploads\/2025\/03\/expreciones-de-la-marcha-02-1068x601.png 1068w, https:\/\/redsemlac.com\/semmexico\/wp-content\/uploads\/2025\/03\/expreciones-de-la-marcha-02.png 1200w\" sizes=\"auto, (max-width: 1024px) 100vw, 1024px\" \/><\/a><\/figure>\n\n\n\n<p class=\"wp-block-paragraph\">Mar\u00eda del Carmen Volante, madre de Pamela Gallardo, desaparecida 5 de noviembre del 2017.\u00a0\/\u00a0Foto: Dana Estrada \/ El Sol de M\u00e9xico<\/p>\n\n\n\n<p class=\"wp-block-paragraph\"><strong>Colectivas de mujeres de la tercera edad, v\u00edctimas de c\u00e1ncer, de violencia vicaria, profesionista&nbsp; y acompa\u00f1adas de ni\u00f1as y ni\u00f1os<\/strong><\/p>\n\n\n\n<p class=\"wp-block-paragraph\">Los contingentes al z\u00f3calo capitalino comenzaron a llegar alrededor de las 2 de la tarde y pasadas las tres continuaban llegando al z\u00f3calo capitalino por la avenida 5 de mayo&nbsp; tres de la tarde y a\u00fan segu\u00edan marchando contingentes de colectivas, mujeres de la tercera edad, mujeres v\u00edctimas de c\u00e1ncer, m\u00e9dicas, abogadas, mujeres acompa\u00f1adas de ni\u00f1as y ni\u00f1os, e incluso&nbsp; algunas mujeres acompa\u00f1adas de que fueron registradas por los medios de comunicaci\u00f3n televisivos que incluso transmitieron en vivo.<\/p>\n\n\n\n<figure class=\"wp-block-image size-full\"><a href=\"https:\/\/redsemlac.com\/semmexico\/wp-content\/uploads\/2025\/03\/expreciones-de-la-marcha-03.png\"><img loading=\"lazy\" decoding=\"async\" width=\"1000\" height=\"562\" src=\"https:\/\/redsemlac.com\/semmexico\/wp-content\/uploads\/2025\/03\/expreciones-de-la-marcha-03.png\" alt=\"\" class=\"wp-image-93470\" srcset=\"https:\/\/redsemlac.com\/semmexico\/wp-content\/uploads\/2025\/03\/expreciones-de-la-marcha-03.png 1000w, https:\/\/redsemlac.com\/semmexico\/wp-content\/uploads\/2025\/03\/expreciones-de-la-marcha-03-300x169.png 300w, https:\/\/redsemlac.com\/semmexico\/wp-content\/uploads\/2025\/03\/expreciones-de-la-marcha-03-768x432.png 768w, https:\/\/redsemlac.com\/semmexico\/wp-content\/uploads\/2025\/03\/expreciones-de-la-marcha-03-150x84.png 150w, https:\/\/redsemlac.com\/semmexico\/wp-content\/uploads\/2025\/03\/expreciones-de-la-marcha-03-696x391.png 696w\" sizes=\"auto, (max-width: 1000px) 100vw, 1000px\" \/><\/a><\/figure>\n\n\n\n<p class=\"wp-block-paragraph\">Llega al z\u00f3calo del contingente del feminicidio de la activista Cecilia Monz\u00f3n P\u00e9rez ocurrida el&nbsp; 21 de mayo de 2022 en San Pedro Cholula, Puebla, M\u00e9xico. En junio de 2022, la Fiscal\u00eda General del Estado de Puebla detuvo al pol\u00edtico Javier L\u00f3pez Zavala, expareja de Monz\u00f3n, como presunto autor intelectual del homicidio. La muerte de Cecilia Monz\u00f3n provoc\u00f3 una amplia movilizaci\u00f3n social,&nbsp; adem\u00e1s de una condena por parte del gobierno espa\u00f1ol.<\/p>\n\n\n\n<p class=\"wp-block-paragraph\">Tambi\u00e9n se registr\u00f3 la presencia de las mujeres vestidas de negro con martillos golpeando las vallas met\u00e1licas que es la forma de expresarse del hartazgo por la violencia feminicida.&nbsp;<\/p>\n\n\n\n<p class=\"wp-block-paragraph\">La secretaria de Seguridad Ciudadana de la Ciudad de M\u00e9xico inform\u00f3 del despliegue de 800 mujeres polic\u00edas, que se dijo brindar\u00e1n acompa\u00f1amiento a distancia y solo intervendr\u00e1n en caso de emergencia o contingencia que ponga en riesgo a las participantes. En tanto, se sumar\u00e1n 400 polic\u00edas en las inmediaciones, en caso de que sea necesaria su participaci\u00f3n.<\/p>\n\n\n\n<p class=\"wp-block-paragraph\">La SSC detall\u00f3 que las mujeres polic\u00edas est\u00e1n plenamente identificadas con uniforme y equipo de protecci\u00f3n personal como casco, escudo y, en algunos casos, extintores para atender emergencias.<\/p>\n\n\n\n<p class=\"wp-block-paragraph\">Durante el recorrido por Avenida de la Reforma no se vio la presencia de las mujeres polic\u00edas.<\/p>\n\n\n\n<p class=\"wp-block-paragraph\">La&nbsp;madre buscadora&nbsp;tambi\u00e9n denunci\u00f3 a un funcionario de la Fiscal\u00eda de Investigaci\u00f3n y Persecuci\u00f3n de los Delitos en Materia de Desaparici\u00f3n Forzada de Personas por&nbsp;entorpecer el caso de su hija.<\/p>\n\n\n\n<p class=\"wp-block-paragraph\">As\u00ed como ella,&nbsp;varias madres se reunieron desde las 10:00 en la Glorieta de las Mujeres que Luchan&nbsp;para pedir justicia por las&nbsp;mujeres desaparecidas y asesinadas.&nbsp;Durante el inicio de su protesta, realizaron una quema simb\u00f3lica de la Fiscal\u00eda General de la Rep\u00fablica (FGR), de la Secretar\u00eda de la Defensa Nacional (Sedena) y otras instituciones<\/p>\n\n\n\n<figure class=\"wp-block-image size-full\"><a href=\"https:\/\/redsemlac.com\/semmexico\/wp-content\/uploads\/2025\/03\/expreciones-de-la-marcha-04.png\"><img loading=\"lazy\" decoding=\"async\" width=\"1000\" height=\"562\" src=\"https:\/\/redsemlac.com\/semmexico\/wp-content\/uploads\/2025\/03\/expreciones-de-la-marcha-04.png\" alt=\"\" class=\"wp-image-93471\" srcset=\"https:\/\/redsemlac.com\/semmexico\/wp-content\/uploads\/2025\/03\/expreciones-de-la-marcha-04.png 1000w, https:\/\/redsemlac.com\/semmexico\/wp-content\/uploads\/2025\/03\/expreciones-de-la-marcha-04-300x169.png 300w, https:\/\/redsemlac.com\/semmexico\/wp-content\/uploads\/2025\/03\/expreciones-de-la-marcha-04-768x432.png 768w, https:\/\/redsemlac.com\/semmexico\/wp-content\/uploads\/2025\/03\/expreciones-de-la-marcha-04-150x84.png 150w, https:\/\/redsemlac.com\/semmexico\/wp-content\/uploads\/2025\/03\/expreciones-de-la-marcha-04-696x391.png 696w\" sizes=\"auto, (max-width: 1000px) 100vw, 1000px\" \/><\/a><\/figure>\n\n\n\n<p class=\"wp-block-paragraph\">Como forma de protesta, madres de v\u00edctimas de feminicidio quemaron carteles que simbolizaban instituciones. &#8211; Foto: Ivonne Rodr\u00edguez \/ El Sol de M\u00e9xico<\/p>\n\n\n\n<p class=\"wp-block-paragraph\">Otro de los contingentes presentes en el primer bloque de la marcha es el de la organizaci\u00f3n de derechos humanos Amnist\u00eda Internacional y \u201cVoces de Ausencia\u201d, compuesto de&nbsp;madres de v\u00edctimas de feminicidio y desaparici\u00f3n&nbsp;en el Estado de M\u00e9xico.<\/p>\n\n\n\n<p class=\"wp-block-paragraph\">Pese a las altas temperaturas en la CDMX, mujeres no se movieron . Con la consigna \u00abNi una asesinada m\u00e1s\u00bb, mujeres protestaron por m\u00e1s de&nbsp; 6 horas.<\/p>\n\n\n\n<p class=\"wp-block-paragraph\">Del mismo modo, se hicieron presentes trabajadoras de la Ciudad de M\u00e9xico que regalaron flores a las dem\u00e1s asistentes y a las polic\u00edas como s\u00edmbolo de sororidad y paz.<\/p>\n\n\n\n<p class=\"wp-block-paragraph\">En la marcha se encuentra presente Nancy Rosales,&nbsp;v\u00edctima de violencia vicaria.&nbsp;Un 13 de julio de 2023 su ex pareja le quit\u00f3 a sus hijos diciendo que se los llevar\u00eda de vacaciones.<\/p>\n\n\n\n<p class=\"wp-block-paragraph\">En este tipo de violencias, el agresor usa a las hijas o hijos para da\u00f1ar a la madre. La Segob indica que no se conoce un dato oficial sobre el n\u00famero de&nbsp;v\u00edctimas de violencia vicaria en M\u00e9xico,&nbsp;aunque de acuerdo con una encuesta del&nbsp;Frente Nacional contra la Violencia Vicaria, el 86 por ciento de los casos el&nbsp;agresor amenaz\u00f3 a la mujer en hacerle da\u00f1o a trav\u00e9s de sus hijas e hijos.<\/p>\n\n\n\n<p class=\"wp-block-paragraph\">Otro de los presentes es Juan Daniel Dom\u00ednguez, quien asisti\u00f3 a la marcha para exigir justicia por su hermana&nbsp;Sandra Estefana Dom\u00ednguez, desaparecida el 4 de octubre de 2024 en Oaxaca.<\/p>\n\n\n\n<p class=\"wp-block-paragraph\">\u201cNos duele que la presidenta diga que llegaron todas, es un acto cruel\u201d, dijo, en referencia a una de las principales consignas de la mandataria Claudia Sheinbaum Pardo desde el inicio de su administraci\u00f3n.<\/p>\n\n\n\n<p class=\"wp-block-paragraph\">A la marcha asisti\u00f3 Ana Cristina, quien&nbsp;se uni\u00f3 al grito de miles de mujeres que exigen justicia&nbsp;para sus compa\u00f1eras desaparecidas y v\u00edctimas de feminicidio.&nbsp;Ana recuerda este s\u00e1bado el dolor de haber perdido a su madre&nbsp;el 25 de agosto de 2020, quien fue&nbsp;asesinada por su ex pareja en la alcald\u00eda de Tl\u00e1huac, CDMX.<a href=\"https:\/\/x.com\/elsolde_mexico\/status\/1898468931247227361\" target=\"_blank\" rel=\"noreferrer noopener\"><\/a><\/p>\n\n\n\n<p class=\"wp-block-paragraph\">Entre consignas como \u201cEl que no brinque es macho\u201d, \u201cSomos malas podemos ser peores\u201d, \u201cNo somos una, no somos diez, pinche gobierno cu\u00e9ntanos bien\u201d, miles de mujeres&nbsp;avanzan en diversos contingentes&nbsp;conformados por colectivos, madres y familias independientes, as\u00ed como madres acompa\u00f1adas de sus hijas e hijos.<\/p>\n\n\n\n<p class=\"wp-block-paragraph\">El&nbsp;colectivo Tetas y Rayas&nbsp;demanda el&nbsp;diagn\u00f3stico oportuno del c\u00e1ncer de mam\u00e1&nbsp;y&nbsp;cualquier otro tipo de c\u00e1ncer. Denuncian el&nbsp;desabasto de medicamentos&nbsp;para atender esta enfermedad.<\/p>\n\n\n\n<p class=\"wp-block-paragraph\">Elizabeth Rodr\u00edguez, paciente oncol\u00f3gica e&nbsp;integrante del colectivo Tetas y Rayas,&nbsp;manifest\u00f3 \u201cestamos aqu\u00ed para exigir el derecho a la salud, no queremos que haya m\u00e1s personas que no lleguen a tiempo\u201d.<\/p>\n\n\n\n<p class=\"wp-block-paragraph\">Los contingentes continuaron su recorrido a trav\u00e9s de las calles de la CDMX, entre consignas, pa\u00f1uelos morados y verdes, las mujeres exigen justicia para que las nuevas generaciones no tengan que enfrentar la violencia y acoso por las que ellas marchan el d\u00eda de hoy.<\/p>\n\n\n\n<p class=\"wp-block-paragraph\">*Con informaci\u00f3n de Elda Montiel y reporteras de El Sol de M\u00e9xico<\/p>\n\n\n\n<p class=\"wp-block-paragraph\"><\/p>\n","protected":false},"excerpt":{"rendered":"<p>Este 8 de marzo, miles de mujeres salieron&nbsp; a las calles de la Ciudad de M\u00e9xico por el D\u00eda Internacional de la Mujer, donde exigen un alto a la&nbsp;violencia feminicida. Las madres de desaparecidas y asesinadas contaron sus historia Las mujeres de la tercera edad hicieron protestas y demostraciones Elda Montiel, Dana Estrada y Gloria [&hellip;]<\/p>\n","protected":false},"author":3,"featured_media":93468,"comment_status":"open","ping_status":"open","sticky":false,"template":"","format":"standard","meta":{"_monsterinsights_skip_tracking":false,"footnotes":""},"categories":[205,897],"tags":[],"class_list":["post-93467","post","type-post","status-publish","format-standard","has-post-thumbnail","category-8-de-marzo","category-especial"],"_links":{"self":[{"href":"https:\/\/redsemlac.com\/semmexico\/wp-json\/wp\/v2\/posts\/93467","targetHints":{"allow":["GET"]}}],"collection":[{"href":"https:\/\/redsemlac.com\/semmexico\/wp-json\/wp\/v2\/posts"}],"about":[{"href":"https:\/\/redsemlac.com\/semmexico\/wp-json\/wp\/v2\/types\/post"}],"author":[{"embeddable":true,"href":"https:\/\/redsemlac.com\/semmexico\/wp-json\/wp\/v2\/users\/3"}],"replies":[{"embeddable":true,"href":"https:\/\/redsemlac.com\/semmexico\/wp-json\/wp\/v2\/comments?post=93467"}],"version-history":[{"count":0,"href":"https:\/\/redsemlac.com\/semmexico\/wp-json\/wp\/v2\/posts\/93467\/revisions"}],"wp:featuredmedia":[{"embeddable":true,"href":"https:\/\/redsemlac.com\/semmexico\/wp-json\/wp\/v2\/media\/93468"}],"wp:attachment":[{"href":"https:\/\/redsemlac.com\/semmexico\/wp-json\/wp\/v2\/media?parent=93467"}],"wp:term":[{"taxonomy":"category","embeddable":true,"href":"https:\/\/redsemlac.com\/semmexico\/wp-json\/wp\/v2\/categories?post=93467"},{"taxonomy":"post_tag","embeddable":true,"href":"https:\/\/redsemlac.com\/semmexico\/wp-json\/wp\/v2\/tags?post=93467"}],"curies":[{"name":"wp","href":"https:\/\/api.w.org\/{rel}","templated":true}]}}